{"id":47109,"date":"2026-03-08T13:13:37","date_gmt":"2026-03-08T16:13:37","guid":{"rendered":"https:\/\/novasdodia.com.br\/index.php\/2026\/03\/08\/mulheres-representam-60-dos-empreendedores-beneficiados-pelo-programa-eu-posso\/"},"modified":"2026-03-08T13:13:37","modified_gmt":"2026-03-08T16:13:37","slug":"mulheres-representam-60-dos-empreendedores-beneficiados-pelo-programa-eu-posso","status":"publish","type":"post","link":"https:\/\/novasdodia.com.br\/index.php\/2026\/03\/08\/mulheres-representam-60-dos-empreendedores-beneficiados-pelo-programa-eu-posso\/","title":{"rendered":"Mulheres representam 60% dos empreendedores beneficiados pelo programa \u2018Eu Posso\u2019"},"content":{"rendered":"<p><\/p>\n<div>\n<p>Cada vez mais presentes \u00e0 frente de pequenos neg\u00f3cios, as mulheres t\u00eam se consolidado como protagonistas do empreendedorismo em Jo\u00e3o Pessoa. Na Capital, a\u00e7\u00f5es da Secretaria de Desenvolvimento Econ\u00f4mico e Trabalho (Sedest) v\u00eam fortalecendo essa realidade nos \u00faltimos anos. Por meio do programa \u2018Eu Posso\u2019, mais de 1.800 mulheres j\u00e1 tiveram acesso a cr\u00e9dito orientado e oportunidades de capacita\u00e7\u00e3o desde 2021. Elas representam 60% dos empreendedores atendidos pela iniciativa.<\/p>\n<figure class=\"wp-block-gallery has-nested-images columns-default is-cropped wp-block-gallery-1 is-layout-flex wp-block-gallery-is-layout-flex\">\n<figure class=\"wp-block-image size-large\"><\/figure>\n<figure class=\"wp-block-image size-large\"><\/figure>\n<\/figure>\n<p>A Sedest trabalha a autonomia econ\u00f4mica das mulheres com microcr\u00e9dito e empreendedorismo, qualifica\u00e7\u00e3o profissional e inclus\u00e3o produtiva. \u201cNeste Dia Internacional da Mulher, os dados refor\u00e7am algo que j\u00e1 percebemos na pr\u00e1tica: as mulheres s\u00e3o protagonistas do empreendedorismo em Jo\u00e3o Pessoa. Hoje, cerca de 60% dos empreendedores contemplados pelo programa \u2018Eu Posso\u2019 s\u00e3o mulheres, o que demonstra a for\u00e7a, a compet\u00eancia e a capacidade de lideran\u00e7a feminina na nossa cidade\u201d, afirma o secret\u00e1rio de Desenvolvimento Econ\u00f4mico e Trabalho de Jo\u00e3o Pessoa, Bruno Farias.<\/p>\n<p>O gestor enfatiza que, na Sedest, h\u00e1 um olhar atento e sens\u00edvel para essa realidade do empreendedorismo feminino. Por exemplo, entre as a\u00e7\u00f5es do programa \u2018Eu Posso Aprender\u2019, s\u00e3o ofertados cursos em segmentos procurados por mulheres, como os de beleza e est\u00e9tica, artesanato e economia criativa. H\u00e1 tamb\u00e9m o desenvolvimento de a\u00e7\u00f5es espec\u00edficas, como o programa \u2018Elas Lideram\u2019 e o edital \u2018Elas Podem\u2019, que incentivam, capacitam e fortalecem o empreendedorismo feminino.<\/p>\n<p>\u201cNosso compromisso \u00e9 ampliar oportunidades, reduzir desigualdades e garantir que cada mulher tenha acesso \u00e0s ferramentas necess\u00e1rias para transformar talento em neg\u00f3cio, sonho em renda e autonomia em desenvolvimento econ\u00f4mico. Investir nas mulheres \u00e9 investir no futuro da nossa cidade\u201d, comenta o secret\u00e1rio.<\/p>\n<p>Dentro da linha de cr\u00e9dito A\u00e7\u00f5es P\u00fablicas do programa de microcr\u00e9dito \u2018Eu Posso\u2019, a Sedest abriu o edital \u2018Elas Podem\u2019, que atende mulheres v\u00edtimas de viol\u00eancia dom\u00e9stica e familiar e em situa\u00e7\u00e3o de vulnerabilidade social. A a\u00e7\u00e3o de fortalecimento ao empreendedorismo inclusivo \u00e9 uma parceria com a Secretaria de Pol\u00edticas P\u00fablicas para as Mulheres (SPPM). Al\u00e9m de capacita\u00e7\u00e3o e inclus\u00e3o econ\u00f4mica, a linha de cr\u00e9dito ajuda a romper o ciclo da viol\u00eancia.<\/p>\n<p><strong>Gratid\u00e3o<\/strong> \u2013 \u201cO sentimento que eu tenho \u00e9 de gratid\u00e3o. Sou muito grata \u00e0 Secretaria das Mulheres e \u00e0 Sedest. Eu passei por um processo de depress\u00e3o, procrastina\u00e7\u00e3o, mas agora, gra\u00e7as a Deus, eu estou trabalhando. Minha vida est\u00e1 melhorando e todo dia eu tenho dinheiro na minha m\u00e3o\u201d, conta Ida Maria Batista, de 64 anos.<\/p>\n<figure class=\"wp-block-image size-large\"><\/figure>\n<p>Ela tinha um restaurante \u00e0 beira-mar de Salvador, e largou os neg\u00f3cios e os quatro filhos adultos para voltar a Jo\u00e3o Pessoa com a filha mais nova, fugindo das agress\u00f5es de seu ex-companheiro, que j\u00e1 foi preso tr\u00eas vezes por viol\u00eancia dom\u00e9stica, ap\u00f3s o t\u00e9rmino do relacionamento. Ao chegar \u00e0 casa dos pais, na Capital paraibana, ela foi acolhida e, aos poucos, retomou as atividades no ramo de alimenta\u00e7\u00e3o.<\/p>\n<p>\u201cDurante quatro anos, fui acompanhada com atendimento psicol\u00f3gico e hol\u00edstico no Centro de Refer\u00eancia da Mulher Ednalva Bezerra da Secretaria das Mulheres e sou muito grata\u201d, destaca Ida Maria. Empoderada com o atendimento e, ap\u00f3s sucessivas tentativas de empreender, ela recebeu a capacita\u00e7\u00e3o e o cr\u00e9dito da linha \u2018Elas Lideram\u2019, e montou um fiteiro em uma pra\u00e7a na zona Sul de Jo\u00e3o Pessoa.<\/p>\n<p><strong>Insumos <\/strong>\u2013 Os recursos foram empregados na aquisi\u00e7\u00e3o de eletrodom\u00e9sticos e utens\u00edlios dom\u00e9sticos para preparar os alimentos, al\u00e9m de mesas, cadeiras, tenda e insumos para os alimentos e doces. \u201cPasso a manh\u00e3 fazendo coxinha, pastel de forno e, no caminho at\u00e9 a pra\u00e7a, muita gente j\u00e1 vai comprando boa parte dos salgados. J\u00e1 t\u00f4 precisando at\u00e9 aumentar a produ\u00e7\u00e3o. Um cliente tem um bar, e ele sempre compra lanche para a neta, da\u00ed, os clientes dele aproveitam e compram tamb\u00e9m\u201d, conta ela, feliz.<\/p>\n<p>A empreendedora diz que a capacita\u00e7\u00e3o recebida no programa de microcr\u00e9dito a ajudou em temas como marketing, gest\u00e3o financeira, planejamento e intelig\u00eancia emocional.\u00a0 \u201cA meta agora \u00e9 ampliar as vendas. Minha f\u00e9 \u00e9 inabal\u00e1vel e eu vou encarar mais desafios\u201d, ressalta Ida Maria.<\/p>\n<figure class=\"wp-block-gallery has-nested-images columns-default is-cropped wp-block-gallery-2 is-layout-flex wp-block-gallery-is-layout-flex\">\n<figure class=\"wp-block-image size-large\"><\/figure>\n<figure class=\"wp-block-image size-large\"><\/figure>\n<\/figure>\n<p><strong>Lideran\u00e7a<\/strong> \u2013 O programa de mentoria para desenvolvimento do empreendedorismo feminino, \u2018Elas Lideram\u2019, \u00e9 uma pol\u00edtica p\u00fablica que surgiu no final de 2025 pela Sedest e seguir\u00e1 impactando positivamente as empreendedoras de Jo\u00e3o Pessoa, neste ano. A realiza\u00e7\u00e3o \u00e9 uma parceria com Sebrae Para\u00edba, Casa Empreendedora Hub e a Be.Labs Aceleradora. Com mentorias coletivas e individuais especializadas, o programa trabalha diversos temas como mentalidade inclusiva, emerg\u00eancias, quest\u00f5es sociais, inova\u00e7\u00e3o, marketing digital e aspectos financeiros e jur\u00eddicos.<\/p>\n<p>O programa impulsionou o empreendedorismo de Elisandra de Oliveira, ao ajud\u00e1-la principalmente a resolver quest\u00f5es financeiras. Mas at\u00e9 chegar onde est\u00e1, a empreendedora percorreu um longo caminho. H\u00e1 dez anos, ela come\u00e7ou a se dedicar exclusivamente ao empreendedorismo. Ao sair de um trabalho de atendente em um call center, as vendas de roupas, maquiagem e bijuteria deixaram de ser uma atividade complementar para ser a principal.<\/p>\n<figure class=\"wp-block-gallery has-nested-images columns-default is-cropped wp-block-gallery-3 is-layout-flex wp-block-gallery-is-layout-flex\">\n<figure class=\"wp-block-image size-large\"><\/figure>\n<figure class=\"wp-block-image size-large\"><\/figure>\n<\/figure>\n<p>\u201cEu comecei com uma loja virtual com perfil nas redes sociais. A primeira experi\u00eancia com vendas presenciais foi na Multifeira Brasil Mostra Brasil, quando me juntei a outras empreendedoras e consegui um estande no evento. Depois eu montei uma lojinha no terra\u00e7o da casa de minha m\u00e3e e tudo foi melhorando. O neg\u00f3cio cresceu e hoje estou com uma loja pr\u00f3xima ao Mercado da Torre\u201d, conta Elisandra de Oliveira, que comercializa maquiagem e produtos da sua pr\u00f3pria linha de cosm\u00e9ticos e ainda conta com a ajuda do filho nas vendas.<\/p>\n<p><strong>Fazendo a diferen\u00e7a<\/strong> \u2013 Em 2022, ela recebeu o apoio do programa \u2018Eu Posso\u2019, investindo em sua loja, e teve a ideia de estruturar sua pr\u00f3pria linha de cosm\u00e9ticos, a Elis Cosm\u00e9ticos. \u201cEu quis fazer algo diferente e apostei numa linha de cuidados capilares\u201d, menciona. A marca come\u00e7ou com tr\u00eas itens e hoje conta com oito, entre xampu, condicionador, t\u00f4nico capilar, reparador de pontas e produtos de hidrata\u00e7\u00e3o.<\/p>\n<figure class=\"wp-block-gallery has-nested-images columns-default is-cropped wp-block-gallery-4 is-layout-flex wp-block-gallery-is-layout-flex\">\n<figure class=\"wp-block-image size-large\"><\/figure>\n<figure class=\"wp-block-image size-large\"><\/figure>\n<\/figure>\n<p>\u201cTudo \u00e9 produzido em uma ind\u00fastria paraibana. Eu escolho como quero a composi\u00e7\u00e3o, textura, cheiro e cor dos produtos e eles fazem\u201d, relata, orgulhosa. Apesar da experi\u00eancia no empreendedorismo, Elisandra tinha dificuldades no manejo das finan\u00e7as, misturando os gastos e recebidos entre pessoa f\u00edsica e jur\u00eddica.<\/p>\n<p><strong>Transforma\u00e7\u00e3o<\/strong> \u2013 Para ela, a experi\u00eancia com o programa \u2018Elas Lideram\u2019 foi transformadora na sua atividade. \u201cHouve mentorias individuais focadas no meu trabalho para melhorar meu neg\u00f3cio. Quem est\u00e1 dentro n\u00e3o consegue enxergar bem os problemas. Eu estava me sentindo travada, mas consegui crescer com a ajuda das mentorias\u201d, destaca.<\/p>\n<figure class=\"wp-block-image size-large\"><\/figure>\n<p>Elisandra de Oliveira relata que tinha um bloqueio com rela\u00e7\u00e3o \u00e0 gest\u00e3o financeira da loja. \u201cQuando eu via uma planilha, eu criava um bloqueio, mas a mentoria me ajudou. Eu comecei a me organizar com as planilhas diariamente e o caixa melhorou. Criamos estrat\u00e9gias para aumentar as vendas e a receita, e deu certo. Por exemplo, criamos um curso de automaquiagem com um formato diferente e ainda vou executar outras a\u00e7\u00f5es\u201d, comemora.<\/p>\n<\/p><\/div>\n","protected":false},"excerpt":{"rendered":"<p>Cada vez mais presentes \u00e0 frente de pequenos neg\u00f3cios, as mulheres t\u00eam se consolidado como protagonistas do empreendedorismo em Jo\u00e3o Pessoa. Na Capital, a\u00e7\u00f5es da Secretaria de Desenvolvimento Econ\u00f4mico e Trabalho (Sedest) v\u00eam fortalecendo essa realidade nos \u00faltimos anos. Por meio do programa \u2018Eu Posso\u2019, mais de 1.800 mulheres j\u00e1 tiveram acesso a cr\u00e9dito orientado [&hellip;]<\/p>\n","protected":false},"author":1,"featured_media":0,"comment_status":"","ping_status":"","sticky":false,"template":"","format":"standard","meta":{"footnotes":""},"categories":[1],"tags":[],"class_list":["post-47109","post","type-post","status-publish","format-standard","hentry","category-noticias"],"amp_enabled":true,"_links":{"self":[{"href":"https:\/\/novasdodia.com.br\/index.php\/wp-json\/wp\/v2\/posts\/47109","targetHints":{"allow":["GET"]}}],"collection":[{"href":"https:\/\/novasdodia.com.br\/index.php\/wp-json\/wp\/v2\/posts"}],"about":[{"href":"https:\/\/novasdodia.com.br\/index.php\/wp-json\/wp\/v2\/types\/post"}],"author":[{"embeddable":true,"href":"https:\/\/novasdodia.com.br\/index.php\/wp-json\/wp\/v2\/users\/1"}],"replies":[{"embeddable":true,"href":"https:\/\/novasdodia.com.br\/index.php\/wp-json\/wp\/v2\/comments?post=47109"}],"version-history":[{"count":0,"href":"https:\/\/novasdodia.com.br\/index.php\/wp-json\/wp\/v2\/posts\/47109\/revisions"}],"wp:attachment":[{"href":"https:\/\/novasdodia.com.br\/index.php\/wp-json\/wp\/v2\/media?parent=47109"}],"wp:term":[{"taxonomy":"category","embeddable":true,"href":"https:\/\/novasdodia.com.br\/index.php\/wp-json\/wp\/v2\/categories?post=47109"},{"taxonomy":"post_tag","embeddable":true,"href":"https:\/\/novasdodia.com.br\/index.php\/wp-json\/wp\/v2\/tags?post=47109"}],"curies":[{"name":"wp","href":"https:\/\/api.w.org\/{rel}","templated":true}]}}