{"id":47110,"date":"2026-03-08T14:37:37","date_gmt":"2026-03-08T17:37:37","guid":{"rendered":"https:\/\/novasdodia.com.br\/index.php\/2026\/03\/08\/profissionais-do-ecossistema-do-pts-participam-de-evento-especial-do-dia-internacional-da-mulher-agencia-de-noticias\/"},"modified":"2026-03-08T14:37:37","modified_gmt":"2026-03-08T17:37:37","slug":"profissionais-do-ecossistema-do-pts-participam-de-evento-especial-do-dia-internacional-da-mulher-agencia-de-noticias","status":"publish","type":"post","link":"https:\/\/novasdodia.com.br\/index.php\/2026\/03\/08\/profissionais-do-ecossistema-do-pts-participam-de-evento-especial-do-dia-internacional-da-mulher-agencia-de-noticias\/","title":{"rendered":"Profissionais do ecossistema do PTS participam de evento especial do Dia Internacional da Mulher \u2013 Ag\u00eancia de Not\u00edcias"},"content":{"rendered":"<p><\/p>\n<div wp_automatic_readability=\"31\">\n<div class=\"col\" wp_automatic_readability=\"7\">\n<p class=\"mt-0\">\n                        <strong><br \/>\n                            <span class=\"far fa-calendar mr-1 mt-2\"\/><br \/>\n                            8 de mar\u00e7o de 2026<br \/>\n                            <span class=\"far fa-clock ml-3 mt-2\"\/><br \/>\n                            11:48<br \/>\n                        <\/strong>\n                    <\/p>\n<p class=\"mb-0\">Por: <strong>Secom<\/strong><\/p>\n<\/p><\/div>\n<\/p><\/div>\n<div wp_automatic_readability=\"103\">\n<p align=\"center\">\n<p style=\"text-align: left;\" align=\"center\"><em>Fotos: Divulga\u00e7\u00e3o\/PTS<\/em><\/p>\n<p align=\"center\"><i>Encontro promoveu din\u00e2micas de reconhecimento, troca de experi\u00eancias e fortalecimento da uni\u00e3o feminina<\/i><\/p>\n<p align=\"justify\">A manh\u00e3 desta \u00faltima sexta-feira (6) foi de sororidade, empatia e afeto no Parque Tecnol\u00f3gico de Sorocaba (PTS). Profissionais que atuam diretamente no PTS \u00a0e empresas do ecossistema de inova\u00e7\u00e3o participaram de um evento em refer\u00eancia ao Dia Internacional da Mulher, celebrado em 8 de mar\u00e7o.<\/p>\n<p align=\"justify\">O dia come\u00e7ou com um caf\u00e9 especial e, em seguida, as profissionais participaram de din\u00e2micas. Primeiro, organizadas em roda, elas elogiaram a pessoa ao lado, em um exerc\u00edcio que promoveu empatia e carinho m\u00fatuo.<\/p>\n<p align=\"justify\">Depois, cada uma foi convidada a escrever dez qualidades pr\u00f3prias, sendo desafiada a enxergar mais profundamente e a valorizar suas pr\u00f3prias virtudes.<\/p>\n<p align=\"justify\">No encerramento, as participantes redigiram uma carta para \u201coutro cora\u00e7\u00e3o\u201d, desejando coisas boas a outra mulher, sem saber quem seria a destinat\u00e1ria. O momento proporcionou aproxima\u00e7\u00e3o, conex\u00e3o e intimidade.<\/p>\n<p align=\"justify\">Para as participantes, a atividade permitiu trocas importantes, fortalecendo a uni\u00e3o feminina e refor\u00e7ando valores, como respeito e acolhimento. \u201cNo ecossistema do PTS, cada gesto de carinho reverbera em nossa comunidade. Ao compartilharmos nossas emo\u00e7\u00f5es e sentimentos, por meio desses gestos, colocamos em pr\u00e1tica a promessa b\u00edblica: \u2018O generoso prosperar\u00e1; quem d\u00e1 al\u00edvio aos outros, al\u00edvio tamb\u00e9m receber\u00e1\u2019 \u2014 Prov\u00e9rbios 11:24-25. Que a delicadeza deste momento inspire mais trocas genu\u00ednas e fortale\u00e7a nossos la\u00e7os\u201d, disse Romina Oliveira, gestora de pessoas da empresa HGTX.<\/p>\n<p align=\"justify\">\u201cParticipar do Caf\u00e9 do Dia da Mulher no PTS foi um momento muito gostoso. Achei uma \u00f3tima iniciativa, porque muitas de n\u00f3s ainda n\u00e3o nos conhec\u00edamos. Houve din\u00e2micas muito interessantes que nos fizeram refletir, chorar, rir e compartilhar experi\u00eancias\u201d, acrescentou Fernanda Szabadi, gerente de projetos da Dorotech. Ainda segundo ela, \u201cessa \u00e9 uma data para refor\u00e7ar as lutas que ainda enfrentamos como mulher na sociedade, mas tamb\u00e9m \u00e9 uma oportunidade de abra\u00e7armos umas as outras e celebrarmos quem somos, como foi o caso, hoje, dessa iniciativa do Parque Tecnol\u00f3gico.\u201d<\/p>\n<p align=\"justify\">Segundo o presidente do PTS, Nelson Cancellara, o encontro tamb\u00e9m foi uma oportunidade de reconhecer a contribui\u00e7\u00e3o das mulheres para a ascens\u00e3o do ecossistema. \u201cAs mulheres est\u00e3o presentes em diferentes \u00e1reas do nosso ecossistema, contribuindo com conhecimento, dedica\u00e7\u00e3o e vis\u00e3o estrat\u00e9gica. Valorizar essa presen\u00e7a e promover momentos de integra\u00e7\u00e3o \u00e9 uma forma de fortalecer, ainda mais, a nossa comunidade\u201d, concluiu.<\/p>\n<p><!-- Root element of PhotoSwipe. Must have class pswp. --><\/p>\n<\/div>\n","protected":false},"excerpt":{"rendered":"<p>8 de mar\u00e7o de 2026 11:48 Por: Secom Fotos: Divulga\u00e7\u00e3o\/PTS Encontro promoveu din\u00e2micas de reconhecimento, troca de experi\u00eancias e fortalecimento da uni\u00e3o feminina A manh\u00e3 desta \u00faltima sexta-feira (6) foi de sororidade, empatia e afeto no Parque Tecnol\u00f3gico de Sorocaba (PTS). Profissionais que atuam diretamente no PTS \u00a0e empresas do ecossistema de inova\u00e7\u00e3o participaram de [&hellip;]<\/p>\n","protected":false},"author":1,"featured_media":0,"comment_status":"","ping_status":"","sticky":false,"template":"","format":"standard","meta":{"footnotes":""},"categories":[1],"tags":[],"class_list":["post-47110","post","type-post","status-publish","format-standard","hentry","category-noticias"],"amp_enabled":true,"_links":{"self":[{"href":"https:\/\/novasdodia.com.br\/index.php\/wp-json\/wp\/v2\/posts\/47110","targetHints":{"allow":["GET"]}}],"collection":[{"href":"https:\/\/novasdodia.com.br\/index.php\/wp-json\/wp\/v2\/posts"}],"about":[{"href":"https:\/\/novasdodia.com.br\/index.php\/wp-json\/wp\/v2\/types\/post"}],"author":[{"embeddable":true,"href":"https:\/\/novasdodia.com.br\/index.php\/wp-json\/wp\/v2\/users\/1"}],"replies":[{"embeddable":true,"href":"https:\/\/novasdodia.com.br\/index.php\/wp-json\/wp\/v2\/comments?post=47110"}],"version-history":[{"count":0,"href":"https:\/\/novasdodia.com.br\/index.php\/wp-json\/wp\/v2\/posts\/47110\/revisions"}],"wp:attachment":[{"href":"https:\/\/novasdodia.com.br\/index.php\/wp-json\/wp\/v2\/media?parent=47110"}],"wp:term":[{"taxonomy":"category","embeddable":true,"href":"https:\/\/novasdodia.com.br\/index.php\/wp-json\/wp\/v2\/categories?post=47110"},{"taxonomy":"post_tag","embeddable":true,"href":"https:\/\/novasdodia.com.br\/index.php\/wp-json\/wp\/v2\/tags?post=47110"}],"curies":[{"name":"wp","href":"https:\/\/api.w.org\/{rel}","templated":true}]}}