{"id":47128,"date":"2026-03-09T15:33:26","date_gmt":"2026-03-09T18:33:26","guid":{"rendered":"https:\/\/novasdodia.com.br\/index.php\/2026\/03\/09\/guaratingueta-recebe-etapa-do-festival-gastronomico-sabor-de-sao-paulo-prefeitura-estancia-turistica-guaratingueta\/"},"modified":"2026-03-09T15:33:26","modified_gmt":"2026-03-09T18:33:26","slug":"guaratingueta-recebe-etapa-do-festival-gastronomico-sabor-de-sao-paulo-prefeitura-estancia-turistica-guaratingueta","status":"publish","type":"post","link":"https:\/\/novasdodia.com.br\/index.php\/2026\/03\/09\/guaratingueta-recebe-etapa-do-festival-gastronomico-sabor-de-sao-paulo-prefeitura-estancia-turistica-guaratingueta\/","title":{"rendered":"Guaratinguet\u00e1 recebe etapa do Festival Gastron\u00f4mico Sabor de S\u00e3o Paulo \u2013 Prefeitura Est\u00e2ncia Tur\u00edstica Guaratinguet\u00e1"},"content":{"rendered":"<p><\/p>\n<div>\n<p>A Prefeitura de Guaratinguet\u00e1, por meio da Secretaria de Turismo, convida a popula\u00e7\u00e3o para participar da etapa local do Festival Gastron\u00f4mico Sabor de S\u00e3o Paulo, que ser\u00e1 realizada no dia 14 de mar\u00e7o (s\u00e1bado), das 11h \u00e0s 17h, no Senac Guaratinguet\u00e1, localizado na Av. Dr. Jo\u00e3o Batista Rangel Camargo, 50 \u2013 Centro. A entrada \u00e9 gratuita.<\/p>\n<p>O Sabor de S\u00e3o Paulo \u00e9 um programa de valoriza\u00e7\u00e3o da gastronomia paulista que re\u00fane produtores artesanais e rurais, empres\u00e1rios dos setores de gastronomia, turismo e hotelaria, al\u00e9m de chefs e entidades ligadas ao setor.<\/p>\n<p>O evento ser\u00e1 uma oportunidade para conhecer produtos regionais, trocar experi\u00eancias e discutir temas importantes para o fortalecimento do turismo gastron\u00f4mico em nossa regi\u00e3o.<\/p>\n<p>Toda a popula\u00e7\u00e3o est\u00e1 convidada a participar e prestigiar esse encontro que celebra os sabores e a cultura gastron\u00f4mica do Estado de S\u00e3o Paulo.<\/p>\n<\/p><\/div>\n","protected":false},"excerpt":{"rendered":"<p>A Prefeitura de Guaratinguet\u00e1, por meio da Secretaria de Turismo, convida a popula\u00e7\u00e3o para participar da etapa local do Festival Gastron\u00f4mico Sabor de S\u00e3o Paulo, que ser\u00e1 realizada no dia 14 de mar\u00e7o (s\u00e1bado), das 11h \u00e0s 17h, no Senac Guaratinguet\u00e1, localizado na Av. Dr. Jo\u00e3o Batista Rangel Camargo, 50 \u2013 Centro. A entrada \u00e9 [&hellip;]<\/p>\n","protected":false},"author":1,"featured_media":0,"comment_status":"","ping_status":"","sticky":false,"template":"","format":"standard","meta":{"footnotes":""},"categories":[1],"tags":[],"class_list":["post-47128","post","type-post","status-publish","format-standard","hentry","category-noticias"],"amp_enabled":true,"_links":{"self":[{"href":"https:\/\/novasdodia.com.br\/index.php\/wp-json\/wp\/v2\/posts\/47128","targetHints":{"allow":["GET"]}}],"collection":[{"href":"https:\/\/novasdodia.com.br\/index.php\/wp-json\/wp\/v2\/posts"}],"about":[{"href":"https:\/\/novasdodia.com.br\/index.php\/wp-json\/wp\/v2\/types\/post"}],"author":[{"embeddable":true,"href":"https:\/\/novasdodia.com.br\/index.php\/wp-json\/wp\/v2\/users\/1"}],"replies":[{"embeddable":true,"href":"https:\/\/novasdodia.com.br\/index.php\/wp-json\/wp\/v2\/comments?post=47128"}],"version-history":[{"count":0,"href":"https:\/\/novasdodia.com.br\/index.php\/wp-json\/wp\/v2\/posts\/47128\/revisions"}],"wp:attachment":[{"href":"https:\/\/novasdodia.com.br\/index.php\/wp-json\/wp\/v2\/media?parent=47128"}],"wp:term":[{"taxonomy":"category","embeddable":true,"href":"https:\/\/novasdodia.com.br\/index.php\/wp-json\/wp\/v2\/categories?post=47128"},{"taxonomy":"post_tag","embeddable":true,"href":"https:\/\/novasdodia.com.br\/index.php\/wp-json\/wp\/v2\/tags?post=47128"}],"curies":[{"name":"wp","href":"https:\/\/api.w.org\/{rel}","templated":true}]}}