{"id":47132,"date":"2026-03-09T16:57:38","date_gmt":"2026-03-09T19:57:38","guid":{"rendered":"https:\/\/novasdodia.com.br\/index.php\/2026\/03\/09\/agencia-minas-gerais-municipios-mineiros-tem-ate-31-3-para-atualizar-indicadores-do-icms-ecologico-ligados-ao-saneamento\/"},"modified":"2026-03-09T16:57:38","modified_gmt":"2026-03-09T19:57:38","slug":"agencia-minas-gerais-municipios-mineiros-tem-ate-31-3-para-atualizar-indicadores-do-icms-ecologico-ligados-ao-saneamento","status":"publish","type":"post","link":"https:\/\/novasdodia.com.br\/index.php\/2026\/03\/09\/agencia-minas-gerais-municipios-mineiros-tem-ate-31-3-para-atualizar-indicadores-do-icms-ecologico-ligados-ao-saneamento\/","title":{"rendered":"Ag\u00eancia Minas Gerais | Munic\u00edpios mineiros t\u00eam at\u00e9 31\/3 para atualizar indicadores do ICMS Ecol\u00f3gico ligados ao saneamento"},"content":{"rendered":"<p><\/p>\n<div>\n<p>Prefeituras de Minas Gerais t\u00eam at\u00e9 o dia 31\/3\u00a0para atualizar as informa\u00e7\u00f5es utilizadas no c\u00e1lculo do Fator de Qualidade do ICMS Ecol\u00f3gico relacionadas a empreendimentos de saneamento ambiental. A medida \u00e9 necess\u00e1ria para que os munic\u00edpios possam receber corretamente os repasses da parcela do Imposto sobre Circula\u00e7\u00e3o de Mercadorias e Servi\u00e7os (ICMS) vinculada ao subcrit\u00e9rio saneamento ambiental.<\/p>\n<p>A atualiza\u00e7\u00e3o foi definida pela Secretaria de Estado de Meio Ambiente e Desenvolvimento Sustent\u00e1vel (Semad-MG), que revisou os indicadores utilizados no c\u00e1lculo do fator referente aos empreendimentos de tratamento e disposi\u00e7\u00e3o final de res\u00edduos s\u00f3lidos urbanos (RSU) e de tratamento de esgoto sanit\u00e1rio.<\/p>\n<p>As mudan\u00e7as foram estabelecidas pela Resolu\u00e7\u00e3o Semad n\u00ba 3.371, publicada em 4\/7\/2025 e v\u00e1lida a partir de 1\/1\/2026. A nova norma busca tornar a distribui\u00e7\u00e3o dos recursos mais justa e eficiente entre os munic\u00edpios mineiros, al\u00e9m de alinhar os crit\u00e9rios utilizados \u00e0 Pol\u00edtica Nacional de Res\u00edduos S\u00f3lidos, institu\u00edda pela Lei Federal n\u00ba 12.305\/2010.<\/p>\n<p>Segundo o secret\u00e1rio de Estado de Meio Ambiente e Desenvolvimento Sustent\u00e1vel, Lyssandro Norton, a atualiza\u00e7\u00e3o representa um avan\u00e7o importante na pol\u00edtica ambiental do estado. \u201cA nova resolu\u00e7\u00e3o busca estimular ainda mais a recupera\u00e7\u00e3o de materiais recicl\u00e1veis, incentivar o tratamento da mat\u00e9ria org\u00e2nica por meio da compostagem e fortalecer a inser\u00e7\u00e3o social dos catadores de materiais recicl\u00e1veis\u201d, disse.<\/p>\n<p>De acordo com ele, a atualiza\u00e7\u00e3o incorpora avan\u00e7os das Pol\u00edticas Nacional e Estadual de Res\u00edduos S\u00f3lidos, especialmente no que se refere \u00e0 inclus\u00e3o dos catadores, \u00e0 amplia\u00e7\u00e3o da recupera\u00e7\u00e3o de recicl\u00e1veis e ao tratamento do lodo das Esta\u00e7\u00f5es de Tratamento de Esgoto, que passam a ter maior peso na apura\u00e7\u00e3o dos indicadores utilizados para o c\u00e1lculo do Fator de Qualidade.<\/p>\n<p>Outro ponto de destaque da atualiza\u00e7\u00e3o \u00e9 o incentivo \u00e0 participa\u00e7\u00e3o de catadores na gest\u00e3o dos res\u00edduos s\u00f3lidos urbanos. A nova metodologia valoriza os munic\u00edpios que implementam programas de coleta seletiva com participa\u00e7\u00e3o de organiza\u00e7\u00f5es de catadores e que apoiam essas entidades no acesso ao programa Bolsa Reciclagem.<\/p>\n<p>Para o subsecret\u00e1rio de Saneamento da Semad, Anderson Diniz, a medida fortalece a integra\u00e7\u00e3o entre instrumentos econ\u00f4micos voltados \u00e0 gest\u00e3o de res\u00edduos s\u00f3lidos e\u00a0promove\u00a0a articula\u00e7\u00e3o entre o ICMS Ecol\u00f3gico e o programa Bolsa Reciclagem.&#8221;Isso contribui para fortalecer ambos os mecanismos e amplia os benef\u00edcios ambientais e sociais da pol\u00edtica de gest\u00e3o de res\u00edduos no estado\u201d, frisou.<\/p>\n<\/p><\/div>\n","protected":false},"excerpt":{"rendered":"<p>Prefeituras de Minas Gerais t\u00eam at\u00e9 o dia 31\/3\u00a0para atualizar as informa\u00e7\u00f5es utilizadas no c\u00e1lculo do Fator de Qualidade do ICMS Ecol\u00f3gico relacionadas a empreendimentos de saneamento ambiental. A medida \u00e9 necess\u00e1ria para que os munic\u00edpios possam receber corretamente os repasses da parcela do Imposto sobre Circula\u00e7\u00e3o de Mercadorias e Servi\u00e7os (ICMS) vinculada ao subcrit\u00e9rio [&hellip;]<\/p>\n","protected":false},"author":1,"featured_media":0,"comment_status":"","ping_status":"","sticky":false,"template":"","format":"standard","meta":{"footnotes":""},"categories":[1],"tags":[],"class_list":["post-47132","post","type-post","status-publish","format-standard","hentry","category-noticias"],"amp_enabled":true,"_links":{"self":[{"href":"https:\/\/novasdodia.com.br\/index.php\/wp-json\/wp\/v2\/posts\/47132","targetHints":{"allow":["GET"]}}],"collection":[{"href":"https:\/\/novasdodia.com.br\/index.php\/wp-json\/wp\/v2\/posts"}],"about":[{"href":"https:\/\/novasdodia.com.br\/index.php\/wp-json\/wp\/v2\/types\/post"}],"author":[{"embeddable":true,"href":"https:\/\/novasdodia.com.br\/index.php\/wp-json\/wp\/v2\/users\/1"}],"replies":[{"embeddable":true,"href":"https:\/\/novasdodia.com.br\/index.php\/wp-json\/wp\/v2\/comments?post=47132"}],"version-history":[{"count":0,"href":"https:\/\/novasdodia.com.br\/index.php\/wp-json\/wp\/v2\/posts\/47132\/revisions"}],"wp:attachment":[{"href":"https:\/\/novasdodia.com.br\/index.php\/wp-json\/wp\/v2\/media?parent=47132"}],"wp:term":[{"taxonomy":"category","embeddable":true,"href":"https:\/\/novasdodia.com.br\/index.php\/wp-json\/wp\/v2\/categories?post=47132"},{"taxonomy":"post_tag","embeddable":true,"href":"https:\/\/novasdodia.com.br\/index.php\/wp-json\/wp\/v2\/tags?post=47132"}],"curies":[{"name":"wp","href":"https:\/\/api.w.org\/{rel}","templated":true}]}}