{"id":47202,"date":"2026-03-10T20:15:40","date_gmt":"2026-03-10T23:15:40","guid":{"rendered":"https:\/\/novasdodia.com.br\/index.php\/2026\/03\/10\/prefcg-lanca-plataforma-digital-que-integra-rede-de-ouvidorias-cgnoticias\/"},"modified":"2026-03-10T20:15:40","modified_gmt":"2026-03-10T23:15:40","slug":"prefcg-lanca-plataforma-digital-que-integra-rede-de-ouvidorias-cgnoticias","status":"publish","type":"post","link":"https:\/\/novasdodia.com.br\/index.php\/2026\/03\/10\/prefcg-lanca-plataforma-digital-que-integra-rede-de-ouvidorias-cgnoticias\/","title":{"rendered":"PrefCG lan\u00e7a plataforma digital que integra rede de Ouvidorias \u2013 CGNot\u00edcias"},"content":{"rendered":"<p><\/p>\n<div>\n<p>A Prefeitura de Campo Grande, por meio da Ouvidoria-Geral do Munic\u00edpio, lan\u00e7a nesta ter\u00e7a-feira (11), \u00e0s 9h, um novo sistema digital para registro e tramita\u00e7\u00e3o de manifesta\u00e7\u00f5es da popula\u00e7\u00e3o. A ferramenta passa a integrar, em uma \u00fanica plataforma, todas as ouvidorias setoriais que comp\u00f5em a Rede de Ouvidorias da Prefeitura de Campo Grande (REOUVCG).<\/p>\n<p>Com a nova plataforma, as manifesta\u00e7\u00f5es poder\u00e3o ser registradas, encaminhadas e acompanhadas de forma integrada, garantindo mais agilidade na tramita\u00e7\u00e3o das demandas e maior transpar\u00eancia no acompanhamento das respostas.<\/p>\n<p>Desenvolvido pela Ag\u00eancia Municipal de Tecnologia da Informa\u00e7\u00e3o e Inova\u00e7\u00e3o (Agetec), o sistema permitir\u00e1 que o cidad\u00e3o realize cadastro utilizando o CPF e acompanhe, em tempo real, cada etapa da tramita\u00e7\u00e3o da manifesta\u00e7\u00e3o , desde o registro at\u00e9 a resposta final do \u00f3rg\u00e3o respons\u00e1vel.<\/p>\n<p>Outra funcionalidade \u00e9 a possibilidade de solicitar o sigilo das informa\u00e7\u00f5es pessoais no momento do registro da manifesta\u00e7\u00e3o, garantindo maior seguran\u00e7a e confidencialidade ao usu\u00e1rio quando necess\u00e1rio.<\/p>\n<p>A iniciativa busca ampliar a transpar\u00eancia e fortalecer os canais de comunica\u00e7\u00e3o entre a popula\u00e7\u00e3o e a administra\u00e7\u00e3o p\u00fablica, al\u00e9m de contribuir para o aprimoramento dos servi\u00e7os prestados no munic\u00edpio.<\/p>\n<p><strong>Servi\u00e7o:<\/strong><\/p>\n<p>Evento: Lan\u00e7amento do Sistema Integrado de Ouvidorias<br \/>Data: 11 de mar\u00e7o de 2026<br \/>Hor\u00e1rio: 09 horas<br \/>Local: Teatro do Pa\u00e7o<\/p>\n<p><em>#ParaTodosVerem: Servidora acessando o novo painel da Ouvidoria.<\/em><\/p>\n<\/div>\n<p><script async defer async defer src=\"https:\/\/connect.facebook.net\/en_US\/sdk.js?ver=1#xfbml=1&amp;version=v3.2\" id=\"prefeitura-campogrande-script-facebook-sdk-js\"><\/script><\/p>\n","protected":false},"excerpt":{"rendered":"<p>A Prefeitura de Campo Grande, por meio da Ouvidoria-Geral do Munic\u00edpio, lan\u00e7a nesta ter\u00e7a-feira (11), \u00e0s 9h, um novo sistema digital para registro e tramita\u00e7\u00e3o de manifesta\u00e7\u00f5es da popula\u00e7\u00e3o. A ferramenta passa a integrar, em uma \u00fanica plataforma, todas as ouvidorias setoriais que comp\u00f5em a Rede de Ouvidorias da Prefeitura de Campo Grande (REOUVCG). Com [&hellip;]<\/p>\n","protected":false},"author":1,"featured_media":0,"comment_status":"","ping_status":"","sticky":false,"template":"","format":"standard","meta":{"footnotes":""},"categories":[],"tags":[],"class_list":["post-47202","post","type-post","status-publish","format-standard","hentry"],"amp_enabled":true,"_links":{"self":[{"href":"https:\/\/novasdodia.com.br\/index.php\/wp-json\/wp\/v2\/posts\/47202","targetHints":{"allow":["GET"]}}],"collection":[{"href":"https:\/\/novasdodia.com.br\/index.php\/wp-json\/wp\/v2\/posts"}],"about":[{"href":"https:\/\/novasdodia.com.br\/index.php\/wp-json\/wp\/v2\/types\/post"}],"author":[{"embeddable":true,"href":"https:\/\/novasdodia.com.br\/index.php\/wp-json\/wp\/v2\/users\/1"}],"replies":[{"embeddable":true,"href":"https:\/\/novasdodia.com.br\/index.php\/wp-json\/wp\/v2\/comments?post=47202"}],"version-history":[{"count":0,"href":"https:\/\/novasdodia.com.br\/index.php\/wp-json\/wp\/v2\/posts\/47202\/revisions"}],"wp:attachment":[{"href":"https:\/\/novasdodia.com.br\/index.php\/wp-json\/wp\/v2\/media?parent=47202"}],"wp:term":[{"taxonomy":"category","embeddable":true,"href":"https:\/\/novasdodia.com.br\/index.php\/wp-json\/wp\/v2\/categories?post=47202"},{"taxonomy":"post_tag","embeddable":true,"href":"https:\/\/novasdodia.com.br\/index.php\/wp-json\/wp\/v2\/tags?post=47202"}],"curies":[{"name":"wp","href":"https:\/\/api.w.org\/{rel}","templated":true}]}}