{"id":47203,"date":"2026-03-10T20:16:38","date_gmt":"2026-03-10T23:16:38","guid":{"rendered":"https:\/\/novasdodia.com.br\/index.php\/2026\/03\/10\/setur-encerra-convencao-da-cvc-projetando-alta-de-40-na-venda-de-pacotes-turisticos-para-joao-pessoa\/"},"modified":"2026-03-10T20:16:38","modified_gmt":"2026-03-10T23:16:38","slug":"setur-encerra-convencao-da-cvc-projetando-alta-de-40-na-venda-de-pacotes-turisticos-para-joao-pessoa","status":"publish","type":"post","link":"https:\/\/novasdodia.com.br\/index.php\/2026\/03\/10\/setur-encerra-convencao-da-cvc-projetando-alta-de-40-na-venda-de-pacotes-turisticos-para-joao-pessoa\/","title":{"rendered":"Setur encerra Conven\u00e7\u00e3o da CVC projetando alta de 40% na venda de pacotes tur\u00edsticos para Jo\u00e3o Pessoa"},"content":{"rendered":"<p><\/p>\n<div>\n<p>A realiza\u00e7\u00e3o da Conven\u00e7\u00e3o Nacional de Vendas da CVC, maior operadora de turismo da Am\u00e9rica Latina, em Jo\u00e3o Pessoa, deve representar um aumento de 40% na comercializa\u00e7\u00e3o de pacotes tur\u00edsticos nos pr\u00f3ximos meses, conforme expectativa do secret\u00e1rio-executivo de Turismo de Jo\u00e3o Pessoa, Daniel Rodrigues. O evento foi encerrado na noite do domingo (8) com uma grande festa para os participantes na Cidade do Forr\u00f3, instalada na praia do Cabo Branco. A estimativa \u00e9 de que quase dois mil profissionais de todo o Pa\u00eds tenham participado da conven\u00e7\u00e3o.<\/p>\n<figure class=\"wp-block-gallery has-nested-images columns-default is-cropped wp-block-gallery-1 is-layout-flex wp-block-gallery-is-layout-flex\">\n<figure class=\"wp-block-image size-full\"><\/figure>\n<figure class=\"wp-block-image size-large\"><\/figure>\n<\/figure>\n<p>A Prefeitura participou ativamente do evento, mobilizando diversas secretarias que montaram esquemas especiais para tornar a perman\u00eancia dos profissionais a melhor poss\u00edvel. Foi montada uma for\u00e7a tarefa que reuniu equipes da Setur, Semob-JP, Emlur, Inovacentro, Guarda Civil Metropolitana, entre outras. Por determina\u00e7\u00e3o do prefeito C\u00edcero Lucena, o objetivo era de superar as expectativas dos agentes de viagens, que s\u00e3o os profissionais que trabalham direto com o p\u00fablico final. \u201cTodos passaram essa experi\u00eancia vivida para os seus clientes, fazendo com que compreendam melhor o que a Capital paraibana tem a oferecer\u201d, pontuou o secret\u00e1rio-executivo.<\/p>\n<p><strong>Roteiros tur\u00edsticos<\/strong> \u2013 Durante todos os dias em que estiveram participando da conven\u00e7\u00e3o, os agentes de viagens tiveram a oportunidade de conhecer diversos roteiros tur\u00edsticos, na orla mar\u00edtima e no centro da cidade, que vem passando por uma impactante transforma\u00e7\u00e3o de sua infraestrutura, com diversos projetos de revitaliza\u00e7\u00e3o sendo realizados para tornar aquele ambiente ainda mais atrativo. Nesse par\u00eantese, Daniel Rodrigues, destacou a apresenta\u00e7\u00e3o do projeto Viva o Centro com M\u00fasica, no Centro Cultural S\u00e3o Francisco, que re\u00fane arte e turismo. <\/p>\n<p>O CEO da CVC Corp, F\u00e1bio Mader, enfatizou que a realiza\u00e7\u00e3o da conven\u00e7\u00e3o de vendas em Jo\u00e3o Pessoa fortalece as conex\u00f5es com os franqueados e parceiros, mas, sobretudo, aumenta o interesse dos agentes de viagens na oferta dos destinos.<\/p>\n<\/p><\/div>\n","protected":false},"excerpt":{"rendered":"<p>A realiza\u00e7\u00e3o da Conven\u00e7\u00e3o Nacional de Vendas da CVC, maior operadora de turismo da Am\u00e9rica Latina, em Jo\u00e3o Pessoa, deve representar um aumento de 40% na comercializa\u00e7\u00e3o de pacotes tur\u00edsticos nos pr\u00f3ximos meses, conforme expectativa do secret\u00e1rio-executivo de Turismo de Jo\u00e3o Pessoa, Daniel Rodrigues. O evento foi encerrado na noite do domingo (8) com uma [&hellip;]<\/p>\n","protected":false},"author":1,"featured_media":0,"comment_status":"","ping_status":"","sticky":false,"template":"","format":"standard","meta":{"footnotes":""},"categories":[1],"tags":[],"class_list":["post-47203","post","type-post","status-publish","format-standard","hentry","category-noticias"],"amp_enabled":true,"_links":{"self":[{"href":"https:\/\/novasdodia.com.br\/index.php\/wp-json\/wp\/v2\/posts\/47203","targetHints":{"allow":["GET"]}}],"collection":[{"href":"https:\/\/novasdodia.com.br\/index.php\/wp-json\/wp\/v2\/posts"}],"about":[{"href":"https:\/\/novasdodia.com.br\/index.php\/wp-json\/wp\/v2\/types\/post"}],"author":[{"embeddable":true,"href":"https:\/\/novasdodia.com.br\/index.php\/wp-json\/wp\/v2\/users\/1"}],"replies":[{"embeddable":true,"href":"https:\/\/novasdodia.com.br\/index.php\/wp-json\/wp\/v2\/comments?post=47203"}],"version-history":[{"count":0,"href":"https:\/\/novasdodia.com.br\/index.php\/wp-json\/wp\/v2\/posts\/47203\/revisions"}],"wp:attachment":[{"href":"https:\/\/novasdodia.com.br\/index.php\/wp-json\/wp\/v2\/media?parent=47203"}],"wp:term":[{"taxonomy":"category","embeddable":true,"href":"https:\/\/novasdodia.com.br\/index.php\/wp-json\/wp\/v2\/categories?post=47203"},{"taxonomy":"post_tag","embeddable":true,"href":"https:\/\/novasdodia.com.br\/index.php\/wp-json\/wp\/v2\/tags?post=47203"}],"curies":[{"name":"wp","href":"https:\/\/api.w.org\/{rel}","templated":true}]}}