{"id":47229,"date":"2026-03-11T11:28:53","date_gmt":"2026-03-11T14:28:53","guid":{"rendered":"https:\/\/novasdodia.com.br\/index.php\/2026\/03\/11\/pf-prende-policiais-militares-envolvidos-com-grupos-criminosos-no-rio\/"},"modified":"2026-03-11T11:28:53","modified_gmt":"2026-03-11T14:28:53","slug":"pf-prende-policiais-militares-envolvidos-com-grupos-criminosos-no-rio","status":"publish","type":"post","link":"https:\/\/novasdodia.com.br\/index.php\/2026\/03\/11\/pf-prende-policiais-militares-envolvidos-com-grupos-criminosos-no-rio\/","title":{"rendered":"PF prende policiais militares envolvidos com grupos criminosos no Rio"},"content":{"rendered":"<p> Por MRNews<br \/>\n<\/p>\n<div wp_automatic_readability=\"70.560682680152\">\n<p><strong>A Pol\u00edcia Federal deflagrou a 3\u00aa fase da Opera\u00e7\u00e3o Anomalia, nesta quarta-feira (11), visando desmantelar um n\u00facleo composto por policiais militares do estado do Rio de Janeiro, envolvidos com fac\u00e7\u00f5es e mil\u00edcias. Desde as primeiras horas da manh\u00e3, os policiais federais cumprem mandados de pris\u00e3o dos investigados.<\/strong><\/p>\n<p>Os sete PMs alvos da opera\u00e7\u00e3o foram presos e encaminhados \u00e0 unidade prisional da corpora\u00e7\u00e3o em Niter\u00f3i. Segundo a Pol\u00edcia Militar do Rio, eles ser\u00e3o submetidos a processos administrativos disciplinares.<\/p>\n<p>Na a\u00e7\u00e3o de hoje, os agentes tamb\u00e9m cumprem sete mandados de busca e apreens\u00e3o nas cidades do Rio de Janeiro, nos bairros Taquara, Freguesia, Campo Grande e Santa Cruz; e de Nova Igua\u00e7u e Nil\u00f3polis, na Baixada Fluminense.<\/p>\n<p><strong><a href=\"https:\/\/mrnews.com.br\/index.php\/2026\/03\/11\/vendas-no-comercio-crescem-04-em-janeiro-e-igualam-patamar-recorde\/\">Vendas no com\u00e9rcio crescem 0,4% em janeiro e igualam patamar recorde<\/a><\/strong><\/p>\n<p><strong><a href=\"https:\/\/mrnews.com.br\/index.php\/2026\/03\/11\/babu-santana-e-eliminado-do-bbb-26-e-descobre-noticia-triste-logo-apos-deixar-o-reality\/\">Babu Santana \u00e9 eliminado do BBB 26 e descobre not\u00edcia triste logo ap\u00f3s deixar o reality<\/a><\/strong><\/p>\n<p>O Supremo Tribunal Federal (STF) tamb\u00e9m determinou o imediato afastamento das fun\u00e7\u00f5es p\u00fablicas de todos os investigados, bem como a quebra do sigilo de dados dos equipamentos eletr\u00f4nicos apreendidos. O cumprimento das ordens judiciais contou com o apoio da Corregedoria da Pol\u00edcia Militar do Rio.<\/p>\n<p>&gt;&gt; Siga o canal da <strong>Ag\u00eancia Brasil <\/strong>no WhatsApp<\/p>\n<h2>Modus Operandi<\/h2>\n<p>As apura\u00e7\u00f5es d\u00e3o conta que os policiais militares alvos da opera\u00e7\u00e3o se utilizavam das prerrogativas da farda e da fun\u00e7\u00e3o p\u00fablica para atuar em benef\u00edcio do crime organizado. \u201cA investiga\u00e7\u00e3o evidenciou uma estrutura voltada n\u00e3o apenas \u00e0 facilita\u00e7\u00e3o log\u00edstica para o tr\u00e1fico e mil\u00edcias, mas tamb\u00e9m \u00e0 blindagem de criminosos e \u00e0 oculta\u00e7\u00e3o do proveito econ\u00f4mico il\u00edcito\u201d.<\/p>\n<p>De acordo com a PF, os investigados responder\u00e3o pelos crimes de organiza\u00e7\u00e3o criminosa, corrup\u00e7\u00e3o ativa e passiva, al\u00e9m de lavagem de capitais. O material apreendido durante as buscas ser\u00e1 submetido \u00e0 an\u00e1lise, para a identifica\u00e7\u00e3o de poss\u00edveis outros agentes envolvidos no esquema.<\/p>\n<p><strong><a href=\"https:\/\/mrnews.com.br\/index.php\/2026\/03\/11\/guerra-no-oriente-medio-governo-vai-monitorar-mercado-de-combustiveis\/\">Guerra no Oriente M\u00e9dio: governo vai monitorar mercado de combust\u00edveis<\/a><\/strong><\/p>\n<p><strong><a href=\"https:\/\/mrnews.com.br\/index.php\/2026\/03\/11\/cidh-realiza-audiencia-sobre-operacoes-policiais-no-rio-de-janeiro\/\">CIDH realiza audi\u00eancia sobre opera\u00e7\u00f5es policiais no Rio de Janeiro<\/a><\/strong><\/p>\n<p>A opera\u00e7\u00e3o \u00e9 fruto das apura\u00e7\u00f5es conduzidas pela for\u00e7a-tarefa Miss\u00e3o Redentor II, que consolida as diretrizes do STF em cumprimento ao Ac\u00f3rd\u00e3o da ADPF 635, que ficou conhecido como\u00a0ADPF das Favelas\u00a0\u2013 a\u00e7\u00e3o julgada pelo STF\u00a0que discute a atua\u00e7\u00e3o das for\u00e7as policiais em opera\u00e7\u00f5es nas favelas do estado do Rio de Janeiro. \u201cA a\u00e7\u00e3o\u00a0estabelece a atua\u00e7\u00e3o uniforme da PF na produ\u00e7\u00e3o de intelig\u00eancia para desmantelar fac\u00e7\u00f5es ligadas ao tr\u00e1fico de drogas e armas, promovendo a asfixia financeira de tais organiza\u00e7\u00f5es e o corte sum\u00e1rio de suas conex\u00f5es com agentes do Estado\u201d, diz a nota da PF.<\/p>\n<h2>Delegado preso<\/h2>\n<p>Nesta ter\u00e7a-feira (10), os policiais federais prenderam tr\u00eas policiais civis do Rio de Janeiro, entre eles o delegado titular de uma delegacia da capital.\u00a0<\/p>\n<p>O grupo \u00e9 investigado por utilizar a estrutura do Estado para extorquir integrantes da maior fac\u00e7\u00e3o criminosa do Rio de Janeiro, o Comando Vermelho, al\u00e9m de praticar corrup\u00e7\u00e3o e lavagem de dinheiro.<\/p>\n<\/div>\n","protected":false},"excerpt":{"rendered":"<p>Por MRNews A Pol\u00edcia Federal deflagrou a 3\u00aa fase da Opera\u00e7\u00e3o Anomalia, nesta quarta-feira (11), visando desmantelar um n\u00facleo composto por policiais militares do estado do Rio de Janeiro, envolvidos com fac\u00e7\u00f5es e mil\u00edcias. Desde as primeiras horas da manh\u00e3, os policiais federais cumprem mandados de pris\u00e3o dos investigados. Os sete PMs alvos da opera\u00e7\u00e3o [&hellip;]<\/p>\n","protected":false},"author":3,"featured_media":0,"comment_status":"","ping_status":"","sticky":false,"template":"","format":"standard","meta":{"footnotes":""},"categories":[1],"tags":[],"class_list":["post-47229","post","type-post","status-publish","format-standard","hentry","category-noticias"],"amp_enabled":true,"_links":{"self":[{"href":"https:\/\/novasdodia.com.br\/index.php\/wp-json\/wp\/v2\/posts\/47229","targetHints":{"allow":["GET"]}}],"collection":[{"href":"https:\/\/novasdodia.com.br\/index.php\/wp-json\/wp\/v2\/posts"}],"about":[{"href":"https:\/\/novasdodia.com.br\/index.php\/wp-json\/wp\/v2\/types\/post"}],"author":[{"embeddable":true,"href":"https:\/\/novasdodia.com.br\/index.php\/wp-json\/wp\/v2\/users\/3"}],"replies":[{"embeddable":true,"href":"https:\/\/novasdodia.com.br\/index.php\/wp-json\/wp\/v2\/comments?post=47229"}],"version-history":[{"count":0,"href":"https:\/\/novasdodia.com.br\/index.php\/wp-json\/wp\/v2\/posts\/47229\/revisions"}],"wp:attachment":[{"href":"https:\/\/novasdodia.com.br\/index.php\/wp-json\/wp\/v2\/media?parent=47229"}],"wp:term":[{"taxonomy":"category","embeddable":true,"href":"https:\/\/novasdodia.com.br\/index.php\/wp-json\/wp\/v2\/categories?post=47229"},{"taxonomy":"post_tag","embeddable":true,"href":"https:\/\/novasdodia.com.br\/index.php\/wp-json\/wp\/v2\/tags?post=47229"}],"curies":[{"name":"wp","href":"https:\/\/api.w.org\/{rel}","templated":true}]}}