{"id":47260,"date":"2026-03-11T22:52:39","date_gmt":"2026-03-12T01:52:39","guid":{"rendered":"https:\/\/novasdodia.com.br\/index.php\/2026\/03\/11\/smac-amplia-projeto-observatorio-do-calor-para-comunidades-do-salgueiro-e-manguinhos-prefeitura-da-cidade-do-rio-de-janeiro\/"},"modified":"2026-03-11T22:52:39","modified_gmt":"2026-03-12T01:52:39","slug":"smac-amplia-projeto-observatorio-do-calor-para-comunidades-do-salgueiro-e-manguinhos-prefeitura-da-cidade-do-rio-de-janeiro","status":"publish","type":"post","link":"https:\/\/novasdodia.com.br\/index.php\/2026\/03\/11\/smac-amplia-projeto-observatorio-do-calor-para-comunidades-do-salgueiro-e-manguinhos-prefeitura-da-cidade-do-rio-de-janeiro\/","title":{"rendered":"SMAC amplia projeto Observat\u00f3rio do Calor para comunidades do Salgueiro e Manguinhos &#8211; Prefeitura da Cidade do Rio de Janeiro"},"content":{"rendered":"<p><\/p>\n<div wp_automatic_readability=\"91.450224971879\">\n<div class=\"image-post\" wp_automatic_readability=\"34\">\n                     Complexo do Alem\u00e3o recebeu Observat\u00f3rio do Calor, iniciativa da SMAC em parceria com a ONG Voz das Comunidades. Foto Vit\u00f3ria Pinheiro\/ Voz das Comunidades                  <\/div>\n<p>Depois de dar in\u00edcio, no ano passado, \u00e0s atividades do Observat\u00f3rio do Calor no Complexo do Alem\u00e3o, a Secretaria Municipal de Meio Ambiente e Clima (SMAC) leva o projeto para mais duas comunidades da Zona Norte do Rio de Janeiro: Manguinhos e Salgueiro, em parceria com UFRJ e UERJ, respectivamente.<\/p>\n<p>A comunidade de Manguinhos fica pr\u00f3xima a uma das principais vias expressas da cidade, a Avenida Brasil, e ao campus principal da Funda\u00e7\u00e3o Oswaldo Cruz (Fiocruz), enquanto a do Salgueiro est\u00e1 localizada pr\u00f3xima da \u00e1rea de amortecimento do Parque Nacional da Tijuca.<\/p>\n<p>A iniciativa utiliza a Gera\u00e7\u00e3o Cidad\u00e3 de Dados, metodologia de pesquisa em que os pr\u00f3prios moradores protagonizam a coleta e an\u00e1lise de informa\u00e7\u00f5es sobre seus territ\u00f3rios. Para enfrentar o risco clim\u00e1tico do calor extremo, o projeto tem foco na instala\u00e7\u00e3o t\u00e9cnica de sensores de temperatura e umidade.<\/p>\n<p>Assim, a SMAC visa identificar e monitorar as ilhas de calor extremo e os par\u00e2metros de qualidade do ar na regi\u00e3o, com objetivo central de transformar dados em pol\u00edticas p\u00fablicas eficazes. O projeto representa uma uni\u00e3o de tecnologia, participa\u00e7\u00e3o popular e justi\u00e7a clim\u00e1tica.<\/p>\n<p>O an\u00fancio oficial da expans\u00e3o do programa foi feito na manh\u00e3 desta quarta-feira, no Sal\u00e3o Guarani do Teatro Carlos Gomes, na Pra\u00e7a Tiradentes, no Centro do Rio.<\/p>\n<p>Secret\u00e1ria de Meio Ambiente e Clima, Tain\u00e1 de Paula destacou a participa\u00e7\u00e3o cidad\u00e3 no projeto e celebrou a expans\u00e3o da iniciativa:<\/p>\n<blockquote wp_automatic_readability=\"11\">\n<p>\u2013 O calor extremo e a polui\u00e7\u00e3o do ar s\u00e3o riscos s\u00e9rios \u00e0 sa\u00fade, especialmente em \u00e1reas vulner\u00e1veis. O Observat\u00f3rio do Calor nos permite entender melhor esses impactos de forma localizada e agir de forma direcionada para proteger a popula\u00e7\u00e3o, desenvolvendo estrat\u00e9gias de mitiga\u00e7\u00e3o e adapta\u00e7\u00e3o clim\u00e1tica essenciais para a regi\u00e3o, lado a lado aos moradores.<\/p>\n<\/blockquote>\n<p><strong>Universidades celebram parceria<\/strong><\/p>\n<p>Professora da Faculdade de Arquitetura e Urbanismo da UFRJ, Giselle Arteiro Azevedo enfatizou a expectativa de aprender com os moradores de Manguinhos:<\/p>\n<blockquote wp_automatic_readability=\"9\">\n<p>\u2013 Reafirmamos o nosso compromisso como universidade p\u00fablica para pensar em temas emergentes t\u00e3o importantes e em justi\u00e7a clim\u00e1tica e ambiental. Manguinhos \u00e9 um territ\u00f3rio muito adensado e com poucos espa\u00e7os verdes. Muito provavelmente, as medi\u00e7\u00f5es v\u00e3o chamar aten\u00e7\u00e3o para essa desigualdade ambiental.<\/p>\n<\/blockquote>\n<p>Diretora da Escola Superior de Desenho Industrial da UERJ, Zoy Anastassakis explicou que o Salgueiro det\u00e9m um conhecimento de solu\u00e7\u00f5es clim\u00e1ticas que pode ajudar outras comunidades e elogiou a iniciativa da SMAC:<\/p>\n<blockquote wp_automatic_readability=\"8\">\n<p>\u2013 O Observat\u00f3rio do Calor \u00e9 uma oportunidade muito grande para a gente avan\u00e7ar na interface entre a administra\u00e7\u00e3o p\u00fablica, os territ\u00f3rios e a universidade. A gente acredita que \u00e9 assim que a gente vai gerar pol\u00edticas p\u00fablicas ancoradas em situa\u00e7\u00f5es concretas.<\/p>\n<\/blockquote>\n<p><strong>Comunidade projeta discuss\u00e3o de pol\u00edticas p\u00fablicas<\/strong><\/p>\n<p>Vice-presidente do Caxambu do Salgueiro, do Instituto Sal-Laje e integrante do coletivo de Erveiros e Erveiras do Salgueiro, Marcelo da Paz Rocha afirmou que a comunidade tem muito a contribuir para o debate sobre sustentatibilidade e falou sobre a expectativa para a chegada do Observat\u00f3rio do Calor \u00e0 favela da Tijuca.<\/p>\n<blockquote wp_automatic_readability=\"7\">\n<p>\u2013 A partir do relat\u00f3rio que ser\u00e1 produzido com essas medi\u00e7\u00f5es no Morro do Salgueiro, vamos conseguir discutir pol\u00edticas p\u00fablicas e mostrar como vivemos a nossa realidade na favela.<\/p>\n<\/blockquote>\n<p><strong>Dados do Complexo do Alem\u00e3o<\/strong><\/p>\n<p>Durante a apresenta\u00e7\u00e3o no Teatro Carlos Gomes, a ONG Voz das Comunidades mostrou os resultados da pesquisa realizada no Complexo do Alem\u00e3o de setembro de 2025 a janeiro de 2026. Foram 710 aferi\u00e7\u00f5es t\u00e9cnicas realizadas, todas elas com foto do equipamento, e 740 entrevistas com moradores. O relat\u00f3rio mostrou datas de pico t\u00e9rmico no territ\u00f3rio. Em 26 de dezembro de 2025, o Observat\u00f3rio do Calor registrou a temperatura de 43,92 \u00baC no Morro do Adeus, no Alem\u00e3o. No mesmo dia, segundo os dados oficiais do Alerta Rio, a temperatura m\u00e1xima registrada na Zona Sul e no Centro da cidade foi de 34 \u00baC.<\/p>\n<p>Segundo o levantamento da ONG Voz das Comunidades, os dados mostraram ainda a presen\u00e7a de microclimas urbanos distintos dentro do territ\u00f3rio, registros de temperaturas extremas superiores a 40\u00baC e impactos diretos na sa\u00fade e no bem-estar da popula\u00e7\u00e3o.<\/p>\n<p><strong>Mais informa\u00e7\u00f5es sobre o Observat\u00f3rio do Calor no site:<\/strong><br \/>https:\/\/observatoriodocalor.prefeitura.rio\/<\/p>\n<p>             <!-- Compartilhe ---><\/p>\n<p>\t\t\t <!-- TAGS --><\/p>\n<section class=\"category-tags\">\n<div class=\"marcacao-category\">\n<article class=\"category-post\">\n<p>Categoria: <\/p>\n<\/article>\n<li>11 de mar\u00e7o de 2026<\/li><\/div>\n<article class=\"tags\">\n\t\t\t\t\tMarca\u00e7\u00f5es: Complexo do Alem\u00e3o Gera\u00e7\u00e3o Cidad\u00e3 de Dados Manguinhos Observat\u00f3rio do Calor Parque Nacional da Tijuca Salgueiro<br \/><\/article>\n<\/section>\n<p>            <!-- Mais Not&iacute;cias --><\/p>\n<p>\t\t<!-- Conte&uacute;do SIDEBAR --><\/p><\/div>\n","protected":false},"excerpt":{"rendered":"<p>Complexo do Alem\u00e3o recebeu Observat\u00f3rio do Calor, iniciativa da SMAC em parceria com a ONG Voz das Comunidades. Foto Vit\u00f3ria Pinheiro\/ Voz das Comunidades Depois de dar in\u00edcio, no ano passado, \u00e0s atividades do Observat\u00f3rio do Calor no Complexo do Alem\u00e3o, a Secretaria Municipal de Meio Ambiente e Clima (SMAC) leva o projeto para mais [&hellip;]<\/p>\n","protected":false},"author":1,"featured_media":0,"comment_status":"","ping_status":"","sticky":false,"template":"","format":"standard","meta":{"footnotes":""},"categories":[1],"tags":[],"class_list":["post-47260","post","type-post","status-publish","format-standard","hentry","category-noticias"],"amp_enabled":true,"_links":{"self":[{"href":"https:\/\/novasdodia.com.br\/index.php\/wp-json\/wp\/v2\/posts\/47260","targetHints":{"allow":["GET"]}}],"collection":[{"href":"https:\/\/novasdodia.com.br\/index.php\/wp-json\/wp\/v2\/posts"}],"about":[{"href":"https:\/\/novasdodia.com.br\/index.php\/wp-json\/wp\/v2\/types\/post"}],"author":[{"embeddable":true,"href":"https:\/\/novasdodia.com.br\/index.php\/wp-json\/wp\/v2\/users\/1"}],"replies":[{"embeddable":true,"href":"https:\/\/novasdodia.com.br\/index.php\/wp-json\/wp\/v2\/comments?post=47260"}],"version-history":[{"count":0,"href":"https:\/\/novasdodia.com.br\/index.php\/wp-json\/wp\/v2\/posts\/47260\/revisions"}],"wp:attachment":[{"href":"https:\/\/novasdodia.com.br\/index.php\/wp-json\/wp\/v2\/media?parent=47260"}],"wp:term":[{"taxonomy":"category","embeddable":true,"href":"https:\/\/novasdodia.com.br\/index.php\/wp-json\/wp\/v2\/categories?post=47260"},{"taxonomy":"post_tag","embeddable":true,"href":"https:\/\/novasdodia.com.br\/index.php\/wp-json\/wp\/v2\/tags?post=47260"}],"curies":[{"name":"wp","href":"https:\/\/api.w.org\/{rel}","templated":true}]}}