{"id":47261,"date":"2026-03-11T23:34:50","date_gmt":"2026-03-12T02:34:50","guid":{"rendered":"https:\/\/novasdodia.com.br\/index.php\/2026\/03\/11\/agencia-minas-gerais-governo-de-minas-reune-gestores-da-zona-da-mata-para-discutir-acoes-de-apoio-apos-chuvas\/"},"modified":"2026-03-11T23:34:50","modified_gmt":"2026-03-12T02:34:50","slug":"agencia-minas-gerais-governo-de-minas-reune-gestores-da-zona-da-mata-para-discutir-acoes-de-apoio-apos-chuvas","status":"publish","type":"post","link":"https:\/\/novasdodia.com.br\/index.php\/2026\/03\/11\/agencia-minas-gerais-governo-de-minas-reune-gestores-da-zona-da-mata-para-discutir-acoes-de-apoio-apos-chuvas\/","title":{"rendered":"Ag\u00eancia Minas Gerais | Governo de Minas re\u00fane gestores da Zona da Mata para discutir a\u00e7\u00f5es de apoio ap\u00f3s chuvas"},"content":{"rendered":"<p><\/p>\n<div>\n<p>O Governo de Minas segue acompanhando de perto a situa\u00e7\u00e3o dos munic\u00edpios da Zona da Mata atingidos pelas chuvas. Como parte dessa atua\u00e7\u00e3o, a Secretaria de Estado de Desenvolvimento Social (Sedese) promoveu nesta ter\u00e7a-feira (11\/3) um encontro com gestores municipais da regi\u00e3o para ouvir demandas das cidades e discutir a\u00e7\u00f5es de apoio desenvolvidas pelo Estado.<\/p>\n<p>Durante o encontro, equipes da Secretaria apresentaram medidas para apoiar os munic\u00edpios e esclareceram d\u00favidas sobre o acesso a recursos e programas da Sedese. O momento tamb\u00e9m foi dedicado \u00e0 escuta os gestores municipais, que compartilharam os principais desafios enfrentados pelas cidades no atendimento \u00e0s fam\u00edlias desalojadas ou desabrigadas.<\/p>\n<p><strong>\u201c<\/strong>Esse encontro \u00e9 um momento importante de escuta e de alinhamento com os gestores municipais. O Estado precisa atuar de forma integrada com as prefeituras para garantir respostas r\u00e1pidas \u00e0s fam\u00edlias afetadas pelas chuvas. Nosso trabalho \u00e9 fortalecer essa parceria e assegurar que os recursos e as pol\u00edticas p\u00fablicas cheguem de forma efetiva a todas as pessoas atingidas\u201d, destaca a secret\u00e1ria de Estado de Desenvolvimento Social, Al\u00ea Portela.<\/p>\n<p><strong>Antecipa\u00e7\u00e3o do Piso Mineiro<\/strong><\/p>\n<p>Entre as medidas adotadas pelo Governo de Minas est\u00e1 a antecipa\u00e7\u00e3o de at\u00e9 seis parcelas do Piso Mineiro de Assist\u00eancia Social, iniciativa que amplia a capacidade de resposta dos munic\u00edpios em situa\u00e7\u00f5es de emerg\u00eancia.<\/p>\n<p>Al\u00e9m do adiantamento desse recurso, os munic\u00edpios afetados tamb\u00e9m ter\u00e3o acesso a tr\u00eas parcelas extras do Piso Mineiro. Os recursos podem ser utilizados em a\u00e7\u00f5es emergenciais da assist\u00eancia social, como organiza\u00e7\u00e3o de abrigos provis\u00f3rios e concess\u00e3o de benef\u00edcios eventuais, incluindo cestas b\u00e1sicas, colch\u00f5es, materiais de limpeza, aux\u00edlio-aluguel e aux\u00edlio-funeral.<\/p>\n<p><strong>Apoio aos munic\u00edpios<\/strong><\/p>\n<p>Equipes das Diretorias Regionais da Sedese em Juiz de Fora e Muria\u00e9 seguem atuando diretamente nos munic\u00edpios atingidos. O trabalho inclui apoio t\u00e9cnico \u00e0s prefeituras na organiza\u00e7\u00e3o dos servi\u00e7os socioassistenciais, na estrutura\u00e7\u00e3o de abrigos provis\u00f3rios e no levantamento das fam\u00edlias afetadas.<\/p>\n<p>O acompanhamento tamb\u00e9m auxilia no registro das fam\u00edlias impactadas, etapa fundamental para garantir acesso aos benef\u00edcios e orientar as a\u00e7\u00f5es de atendimento e recupera\u00e7\u00e3o das cidades.<\/p>\n<p>A Subsecretaria de Pol\u00edtica de Habita\u00e7\u00e3o da Sedese realiza um levantamento t\u00e9cnico nos munic\u00edpios impactados para identificar fam\u00edlias que perderam suas casas para buscar solu\u00e7\u00f5es habitacionais. A iniciativa \u00e9 desenvolvida em parceria com a Secretaria de Estado de Infraestrutura, Mobilidade e Parcerias (Seinfra) e com a Defesa Civil Estadual.<\/p>\n<p><strong>\u201c<\/strong>A Ouvidoria \u00e9 o canal direto entre a popula\u00e7\u00e3o e o Governo de Minas. Estamos dispon\u00edveis para registrar e encaminhar as demandas relacionadas aos impactos das chuvas para que os \u00f3rg\u00e3os respons\u00e1veis adotem as provid\u00eancias necess\u00e1rias\u201d, afirma Gabriela Siqueira, ouvidora-geral do Estado de Minas Gerais.<\/p>\n<p><strong>Planejamento e dados<\/strong><\/p>\n<p>Para fortalecer o planejamento das a\u00e7\u00f5es, o Governo de Minas tamb\u00e9m trabalha na implanta\u00e7\u00e3o de um Escrit\u00f3rio de Dados na regi\u00e3o. A iniciativa tem como objetivo apoiar as prefeituras na atualiza\u00e7\u00e3o de cadastros e no diagn\u00f3stico das informa\u00e7\u00f5es do Cadastro \u00danico (Cad\u00danico), permitindo direcionar com mais precis\u00e3o os recursos e pol\u00edticas p\u00fablicas \u00e0s fam\u00edlias atingidas.<\/p>\n<p><strong>Atua\u00e7\u00e3o integrada<\/strong><\/p>\n<p>As a\u00e7\u00f5es da Sedese integram uma atua\u00e7\u00e3o coordenada do Governo de Minas com diferentes \u00f3rg\u00e3os estaduais, como Defesa Civil, Secretaria de Estado de Infraestrutura, Mobilidade e Parcerias (Seinfra), Secretaria de Estado de Sa\u00fade (SES-MG) e Secretaria de Estado de Educa\u00e7\u00e3o (SEE).<\/p>\n<p>\u00a0<\/p>\n<\/p><\/div>\n","protected":false},"excerpt":{"rendered":"<p>O Governo de Minas segue acompanhando de perto a situa\u00e7\u00e3o dos munic\u00edpios da Zona da Mata atingidos pelas chuvas. Como parte dessa atua\u00e7\u00e3o, a Secretaria de Estado de Desenvolvimento Social (Sedese) promoveu nesta ter\u00e7a-feira (11\/3) um encontro com gestores municipais da regi\u00e3o para ouvir demandas das cidades e discutir a\u00e7\u00f5es de apoio desenvolvidas pelo Estado. [&hellip;]<\/p>\n","protected":false},"author":1,"featured_media":0,"comment_status":"","ping_status":"","sticky":false,"template":"","format":"standard","meta":{"footnotes":""},"categories":[1],"tags":[],"class_list":["post-47261","post","type-post","status-publish","format-standard","hentry","category-noticias"],"amp_enabled":true,"_links":{"self":[{"href":"https:\/\/novasdodia.com.br\/index.php\/wp-json\/wp\/v2\/posts\/47261","targetHints":{"allow":["GET"]}}],"collection":[{"href":"https:\/\/novasdodia.com.br\/index.php\/wp-json\/wp\/v2\/posts"}],"about":[{"href":"https:\/\/novasdodia.com.br\/index.php\/wp-json\/wp\/v2\/types\/post"}],"author":[{"embeddable":true,"href":"https:\/\/novasdodia.com.br\/index.php\/wp-json\/wp\/v2\/users\/1"}],"replies":[{"embeddable":true,"href":"https:\/\/novasdodia.com.br\/index.php\/wp-json\/wp\/v2\/comments?post=47261"}],"version-history":[{"count":0,"href":"https:\/\/novasdodia.com.br\/index.php\/wp-json\/wp\/v2\/posts\/47261\/revisions"}],"wp:attachment":[{"href":"https:\/\/novasdodia.com.br\/index.php\/wp-json\/wp\/v2\/media?parent=47261"}],"wp:term":[{"taxonomy":"category","embeddable":true,"href":"https:\/\/novasdodia.com.br\/index.php\/wp-json\/wp\/v2\/categories?post=47261"},{"taxonomy":"post_tag","embeddable":true,"href":"https:\/\/novasdodia.com.br\/index.php\/wp-json\/wp\/v2\/tags?post=47261"}],"curies":[{"name":"wp","href":"https:\/\/api.w.org\/{rel}","templated":true}]}}