{"id":47279,"date":"2026-03-12T10:46:58","date_gmt":"2026-03-12T13:46:58","guid":{"rendered":"https:\/\/novasdodia.com.br\/index.php\/2026\/03\/12\/joao-pessoa-fortalece-assistencia-a-pacientes-renais-e-entrega-centro-municipal-de-nefrologia-reformado\/"},"modified":"2026-03-12T10:46:58","modified_gmt":"2026-03-12T13:46:58","slug":"joao-pessoa-fortalece-assistencia-a-pacientes-renais-e-entrega-centro-municipal-de-nefrologia-reformado","status":"publish","type":"post","link":"https:\/\/novasdodia.com.br\/index.php\/2026\/03\/12\/joao-pessoa-fortalece-assistencia-a-pacientes-renais-e-entrega-centro-municipal-de-nefrologia-reformado\/","title":{"rendered":"Jo\u00e3o Pessoa fortalece assist\u00eancia a pacientes renais e entrega Centro Municipal de Nefrologia reformado"},"content":{"rendered":"<p><\/p>\n<div>\n<p>Uma em cada dez pessoas apresenta Doen\u00e7a Renal Cr\u00f4nica (DRC), um mal considerado silenciosa e que raramente apresenta sintomas nos est\u00e1gios iniciais. Em alus\u00e3o ao Dia Mundial do Rim, celebrado nesta quinta-feira (12), a Secretaria Municipal de Sa\u00fade (SMS) chama aten\u00e7\u00e3o para a import\u00e2ncia da preven\u00e7\u00e3o, do diagn\u00f3stico precoce e do acompanhamento adequado da doen\u00e7a, que pode ser realizado na pr\u00f3pria rede municipal.<\/p>\n<figure class=\"wp-block-gallery has-nested-images columns-default is-cropped wp-block-gallery-1 is-layout-flex wp-block-gallery-is-layout-flex\">\n<figure class=\"wp-block-image size-large\"><\/figure>\n<figure class=\"wp-block-image size-large\"><\/figure>\n<\/figure>\n<p>O m\u00e9dico nefrologista da Rede Municipal de Sa\u00fade, doutor Pablo Alves, explica que, por se tratar de uma doen\u00e7a que evolui, muitas vezes sem sinais aparentes, o rastreamento \u00e9 fundamental, especialmente entre pessoas com fatores de risco. \u201cDiabetes, hipertens\u00e3o, obesidade e idade avan\u00e7ada est\u00e3o entre as condi\u00e7\u00f5es que aumentam as chances de desenvolver problemas renais, tornando ainda mais importante a realiza\u00e7\u00e3o de exames simples que podem indicar altera\u00e7\u00f5es na fun\u00e7\u00e3o dos rins. A identifica\u00e7\u00e3o precoce pode fazer diferen\u00e7a no controle da doen\u00e7a e na qualidade de vida dos pacientes, por isso, \u00e9 importante que essas pessoas realizem o rastreamento com a dosagem de creatinina no sangue e da rela\u00e7\u00e3o albumina\/creatinina na urina\u201d, alerta o especialista.<\/p>\n<p>Para o cuidado desses pacientes, a Capital tem buscado ampliar e fortalecer a rede de cuidado \u00e0s pessoas com doen\u00e7as renais, garantindo maior acesso ao diagn\u00f3stico, \u00e0 assist\u00eancia especializada e ao tratamento. Dentre as a\u00e7\u00f5es realizadas est\u00e1 o projeto \u2018Nefro em Rede\u2019, que reorganizou o fluxo de atendimento entre a Aten\u00e7\u00e3o Prim\u00e1ria \u00e0 Sa\u00fade e os servi\u00e7os especializados, atendendo, em tr\u00eas meses, 2.541 pessoas, que foram retiradas da fila de espera por consultas com nefrologistas.<\/p>\n<p>Para o especialista, os avan\u00e7os registrados no \u00faltimo ano refletem o compromisso da gest\u00e3o municipal em qualificar a assist\u00eancia aos pacientes renais. \u201cNo \u00faltimo ano, Jo\u00e3o Pessoa apresentou um grande avan\u00e7o no cuidado \u00e0s pessoas com doen\u00e7as renais. Al\u00e9m de zerar a fila de espera para consulta com o nefrologista, passamos a realizar educa\u00e7\u00e3o continuada para profissionais da Aten\u00e7\u00e3o Prim\u00e1ria \u00e0 Sa\u00fade, resolvemos o problema da espera por vaga para di\u00e1lise ambulatorial e viabilizamos a realiza\u00e7\u00e3o dos exames de rastreio da doen\u00e7a\u201d, destacou o m\u00e9dico Pablo Alves.<\/p>\n<p><strong>Novo servi\u00e7o \u2013<\/strong> Uma das formas de amplia\u00e7\u00e3o dessa assist\u00eancia foi a partir da administra\u00e7\u00e3o do Centro Municipal de Nefrologia diretamente pela SMS, que ser\u00e1 entregue nesta sexta-feira (13), de forma oficial, \u00e0 popula\u00e7\u00e3o, ap\u00f3s reforma estrutural completa a fim de garantir mais conforto e seguran\u00e7a aos usu\u00e1rios. O espa\u00e7o tamb\u00e9m passou por uma reorganiza\u00e7\u00e3o administrativa voltada para a integra\u00e7\u00e3o com a Rede Municipal de Sa\u00fade e para o fortalecimento da seguran\u00e7a do paciente.<\/p>\n<p>\u201cO Centro conta, atualmente, com 34 pontos de hemodi\u00e1lise, equipados com tecnologia moderna, e funciona em turnos de segunda a s\u00e1bado, das 6h \u00e0s 21h, beneficiando diretamente at\u00e9 204 paciente<strong>s<\/strong> que dependem do tratamento dial\u00edtico para manuten\u00e7\u00e3o da vida\u201d, explica o m\u00e9dico Pablo Alves, diretor t\u00e9cnico do servi\u00e7o.<\/p>\n<p>A estrutura permite a realiza\u00e7\u00e3o mensal de aproximadamente 2.400 sess\u00f5es de hemodi\u00e1lise, al\u00e9m de cerca de 800 consultas m\u00e9dicas e multiprofissionais e 1.500 atendimentos de fisioterapia intradial\u00edtica, pr\u00e1tica que contribui para melhorar a funcionalidade f\u00edsica, reduzir sintomas durante as sess\u00f5es de di\u00e1lise e promover mais qualidade de vida aos pacientes. Al\u00e9m disso, o servi\u00e7o realiza procedimentos cir\u00fargicos ambulatoriais para obten\u00e7\u00e3o de acessos vasculares tempor\u00e1rios, necess\u00e1rios para a realiza\u00e7\u00e3o da hemodi\u00e1lise.<\/p>\n<p>O atendimento no Centro Municipal de Nefrologia \u00e9 realizado por uma equipe multiprofissional composta por m\u00e9dicos e enfermeiros nefrologistas, cirurgi\u00e3o vascular, nutricionistas, psic\u00f3loga, assistentes sociais e fisioterapeutas, garantindo acompanhamento integral durante todo o tratamento.<\/p>\n<p><strong>Dia Mundial do Rim \u2013<\/strong> Este ano, a data tem como tema \u2018Cuidar dos rins \u00e9 cuidar da vida e tamb\u00e9m do futuro do nosso planeta\u2019 e busca conectar a sa\u00fade individual \u00e0 preserva\u00e7\u00e3o ambiental, refor\u00e7ando que h\u00e1bitos saud\u00e1veis e sistemas de sa\u00fade eficientes s\u00e3o pilares para um futuro sustent\u00e1vel.<\/p>\n<p>Em Jo\u00e3o Pessoa, uma parceria da Secretaria Municipal de Sa\u00fade com a Sociedade Brasileira de Nefrologia, est\u00e1 realizando ao longo desta semana uma a\u00e7\u00e3o na Aten\u00e7\u00e3o Prim\u00e1ria para rastreamento da DRC. At\u00e9 esta sexta-feira (13), na USF Integrada Sa\u00fade e Vida, estar\u00e1 sendo realizada uma a\u00e7\u00e3o para testagem de creatinina com resultado imediato.<\/p>\n<p>Para realizar o exame, basta comparecer \u00e0 unidade pela manh\u00e3, ter mais de 18 anos e n\u00e3o ter consumido prote\u00ednas em grande quantidade nas quatro horas anteriores. Os pacientes que apresentarem altera\u00e7\u00f5es nos testes ser\u00e3o encaminhados para exames complementares no Laborat\u00f3rio Central do Munic\u00edpio e ter\u00e3o avalia\u00e7\u00e3o m\u00e9dica garantida.<\/p>\n<p>Nesta quinta-feira (12), para marcar visualmente a import\u00e2ncia da causa, os principais pontos tur\u00edsticos da cidade tamb\u00e9m estar\u00e3o com ilumina\u00e7\u00e3o especial nas cores vermelho e azul.<\/p>\n<\/p><\/div>\n","protected":false},"excerpt":{"rendered":"<p>Uma em cada dez pessoas apresenta Doen\u00e7a Renal Cr\u00f4nica (DRC), um mal considerado silenciosa e que raramente apresenta sintomas nos est\u00e1gios iniciais. Em alus\u00e3o ao Dia Mundial do Rim, celebrado nesta quinta-feira (12), a Secretaria Municipal de Sa\u00fade (SMS) chama aten\u00e7\u00e3o para a import\u00e2ncia da preven\u00e7\u00e3o, do diagn\u00f3stico precoce e do acompanhamento adequado da doen\u00e7a, [&hellip;]<\/p>\n","protected":false},"author":1,"featured_media":0,"comment_status":"","ping_status":"","sticky":false,"template":"","format":"standard","meta":{"footnotes":""},"categories":[1],"tags":[],"class_list":["post-47279","post","type-post","status-publish","format-standard","hentry","category-noticias"],"amp_enabled":true,"_links":{"self":[{"href":"https:\/\/novasdodia.com.br\/index.php\/wp-json\/wp\/v2\/posts\/47279","targetHints":{"allow":["GET"]}}],"collection":[{"href":"https:\/\/novasdodia.com.br\/index.php\/wp-json\/wp\/v2\/posts"}],"about":[{"href":"https:\/\/novasdodia.com.br\/index.php\/wp-json\/wp\/v2\/types\/post"}],"author":[{"embeddable":true,"href":"https:\/\/novasdodia.com.br\/index.php\/wp-json\/wp\/v2\/users\/1"}],"replies":[{"embeddable":true,"href":"https:\/\/novasdodia.com.br\/index.php\/wp-json\/wp\/v2\/comments?post=47279"}],"version-history":[{"count":0,"href":"https:\/\/novasdodia.com.br\/index.php\/wp-json\/wp\/v2\/posts\/47279\/revisions"}],"wp:attachment":[{"href":"https:\/\/novasdodia.com.br\/index.php\/wp-json\/wp\/v2\/media?parent=47279"}],"wp:term":[{"taxonomy":"category","embeddable":true,"href":"https:\/\/novasdodia.com.br\/index.php\/wp-json\/wp\/v2\/categories?post=47279"},{"taxonomy":"post_tag","embeddable":true,"href":"https:\/\/novasdodia.com.br\/index.php\/wp-json\/wp\/v2\/tags?post=47279"}],"curies":[{"name":"wp","href":"https:\/\/api.w.org\/{rel}","templated":true}]}}