{"id":47281,"date":"2026-03-12T11:28:36","date_gmt":"2026-03-12T14:28:36","guid":{"rendered":"https:\/\/novasdodia.com.br\/index.php\/2026\/03\/12\/sisu-2026-ifsp-divulga-resultado-preliminar-das-matriculas-da-3a-chamada-ifsp\/"},"modified":"2026-03-12T11:28:36","modified_gmt":"2026-03-12T14:28:36","slug":"sisu-2026-ifsp-divulga-resultado-preliminar-das-matriculas-da-3a-chamada-ifsp","status":"publish","type":"post","link":"https:\/\/novasdodia.com.br\/index.php\/2026\/03\/12\/sisu-2026-ifsp-divulga-resultado-preliminar-das-matriculas-da-3a-chamada-ifsp\/","title":{"rendered":"Sisu 2026: IFSP divulga resultado preliminar das matr\u00edculas da 3\u00aa chamada &#8211; IFSP"},"content":{"rendered":"<p><\/p>\n<div>\n<div class=\"subtitle\">\n<p>Candidatos com pedido de matr\u00edcula indeferido ou com resultado n\u00e3o favor\u00e1vel na banca de heteroidentifica\u00e7\u00e3o podem apresentar recurso nos dias 12 e 13 de mar\u00e7o<\/p>\n<\/div>\n<p><!-- fim .content-header-options-1 --><\/p>\n<p>O Instituto Federal de Educa\u00e7\u00e3o, Ci\u00eancia e Tecnologia de S\u00e3o Paulo (IFSP) divulgou o resultado preliminar dos pedidos de matr\u00edcula da terceira chamada do SiSU 2026, conforme previsto no Edital IFSP-SiSU n\u00ba 10, de 2 de fevereiro de 2026, e suas altera\u00e7\u00f5es.<\/p>\n<p>No documento publicado, est\u00e3o listadas todas as pessoas candidatas convocadas nesta etapa. A situa\u00e7\u00e3o do pedido de matr\u00edcula pode ser consultada na \u00faltima coluna, ao lado do nome do candidato. As classifica\u00e7\u00f5es poss\u00edveis s\u00e3o: deferido, quando o pedido foi aprovado; indeferido, quando houve reprova\u00e7\u00e3o; n\u00e3o fez pedido de matr\u00edcula, quando a solicita\u00e7\u00e3o n\u00e3o foi realizada dentro do prazo; e cancelado, nos casos em que o pr\u00f3prio candidato solicitou posteriormente o cancelamento da matr\u00edcula.<\/p>\n<p>As pessoas candidatas com situa\u00e7\u00e3o indeferida poder\u00e3o apresentar recurso nos dias 12 e 13 de mar\u00e7o de 2026. O procedimento dever\u00e1 ser realizado por meio do Portal de Processos Seletivos do IFSP, utilizando cadastro com o mesmo CPF informado na inscri\u00e7\u00e3o e no pedido de matr\u00edcula. Aqueles que ainda n\u00e3o possuem cadastro devem realiz\u00e1-lo previamente no sistema, seguindo as orienta\u00e7\u00f5es dispon\u00edveis no portal.<\/p>\n<p>De acordo com o edital, candidatos cuja situa\u00e7\u00e3o conste como \u201cn\u00e3o fez pedido de matr\u00edcula\u201d s\u00e3o considerados ausentes e n\u00e3o t\u00eam direito \u00e0 interposi\u00e7\u00e3o de recurso.<\/p>\n<p><strong>Banca de heteroidentifica\u00e7\u00e3o<\/strong><\/p>\n<p>Tamb\u00e9m foi publicado o resultado preliminar da banca de heteroidentifica\u00e7\u00e3o da terceira chamada, procedimento complementar \u00e0 autodeclara\u00e7\u00e3o destinado a candidatos que concorrem \u00e0s vagas reservadas para pessoas pretas ou pardas nas listas LI-PPI e LB-PPI.<\/p>\n<p>O parecer da banca aparece ao lado do nome do candidato no documento divulgado e pode ser classificado como favor\u00e1vel, quando o candidato \u00e9 aprovado; n\u00e3o favor\u00e1vel, quando n\u00e3o h\u00e1 valida\u00e7\u00e3o da autodeclara\u00e7\u00e3o; ou ausente\/n\u00e3o enviou a documenta\u00e7\u00e3o, situa\u00e7\u00e3o aplicada aos candidatos que n\u00e3o encaminharam, dentro do prazo previsto, as fotografias e o documento oficial de identifica\u00e7\u00e3o solicitados.<\/p>\n<p>Candidatos com resultado n\u00e3o favor\u00e1vel poder\u00e3o apresentar recurso entre 12 e 13 de mar\u00e7o, desde que tenham realizado o pedido de matr\u00edcula. O recurso deve ser protocolado exclusivamente pelo Portal de Processos Seletivos do IFSP e precisa incluir texto justificativo e um v\u00eddeo gravado pelo pr\u00f3prio candidato, com dura\u00e7\u00e3o entre 10 e 20 segundos, seguindo as orienta\u00e7\u00f5es t\u00e9cnicas descritas no edital.<\/p>\n<p>No v\u00eddeo, a pessoa candidata dever\u00e1 se identificar e declarar sua autodeclara\u00e7\u00e3o racial conforme as categorias do IBGE. O arquivo precisa atender a requisitos espec\u00edficos de enquadramento, ilumina\u00e7\u00e3o, qualidade de imagem e aus\u00eancia de filtros ou edi\u00e7\u00f5es.<\/p>\n<p>J\u00e1 os candidatos com situa\u00e7\u00e3o \u201causente\/n\u00e3o enviou a documenta\u00e7\u00e3o\u201d n\u00e3o poder\u00e3o interpor recurso, conforme estabelecido no edital.<\/p>\n<p><strong>Resultado final<\/strong><\/p>\n<p>Ap\u00f3s a an\u00e1lise dos recursos apresentados, o IFSP publicar\u00e1 no dia 18 de mar\u00e7o de 2026 (quarta-feira) o resultado final das matr\u00edculas e da banca de heteroidentifica\u00e7\u00e3o da terceira chamada.<\/p>\n<p><span data-contrast=\"auto\">\u00a0Candidatos que n\u00e3o realizarem os procedimentos dentro do prazo estabelecido poder\u00e3o perder o direito \u00e0 vaga.<\/span><span data-ccp-props=\"{&quot;134233117&quot;:false,&quot;134233118&quot;:false,&quot;335551550&quot;:0,&quot;335551620&quot;:0,&quot;335559738&quot;:240,&quot;335559739&quot;:240}\">\u00a0<\/span><\/p>\n<p><span data-contrast=\"auto\">Acesse\u00a0todas as informa\u00e7\u00f5es sobre a sele\u00e7\u00e3o no IFSP pelo\u00a0Sisu\u00a0aqui<\/span><\/p>\n<p><strong>Documentos<\/strong><\/p>\n<p><span style=\"font-weight: 400;\">Resultado Preliminar dos Pedidos de Matr\u00edcula em 3\u00aa Chamada &#8211; SISU 2026 &#8211; IFSP<\/span><span style=\"font-weight: 400;\">\u00a0<\/span><\/p>\n<p><strong><span style=\"font-weight: 400;\">Resultado Preliminar da Banca de Heteroidentifica\u00e7\u00e3o da 3\u00aa Chamada &#8211; SISU 2026 &#8211; IFSP<\/span><span style=\"font-weight: 400;\">\u00a0<\/span><br \/><\/strong><\/p>\n<\/div>\n","protected":false},"excerpt":{"rendered":"<p>Candidatos com pedido de matr\u00edcula indeferido ou com resultado n\u00e3o favor\u00e1vel na banca de heteroidentifica\u00e7\u00e3o podem apresentar recurso nos dias 12 e 13 de mar\u00e7o O Instituto Federal de Educa\u00e7\u00e3o, Ci\u00eancia e Tecnologia de S\u00e3o Paulo (IFSP) divulgou o resultado preliminar dos pedidos de matr\u00edcula da terceira chamada do SiSU 2026, conforme previsto no Edital [&hellip;]<\/p>\n","protected":false},"author":1,"featured_media":0,"comment_status":"","ping_status":"","sticky":false,"template":"","format":"standard","meta":{"footnotes":""},"categories":[1],"tags":[],"class_list":["post-47281","post","type-post","status-publish","format-standard","hentry","category-noticias"],"amp_enabled":true,"_links":{"self":[{"href":"https:\/\/novasdodia.com.br\/index.php\/wp-json\/wp\/v2\/posts\/47281","targetHints":{"allow":["GET"]}}],"collection":[{"href":"https:\/\/novasdodia.com.br\/index.php\/wp-json\/wp\/v2\/posts"}],"about":[{"href":"https:\/\/novasdodia.com.br\/index.php\/wp-json\/wp\/v2\/types\/post"}],"author":[{"embeddable":true,"href":"https:\/\/novasdodia.com.br\/index.php\/wp-json\/wp\/v2\/users\/1"}],"replies":[{"embeddable":true,"href":"https:\/\/novasdodia.com.br\/index.php\/wp-json\/wp\/v2\/comments?post=47281"}],"version-history":[{"count":0,"href":"https:\/\/novasdodia.com.br\/index.php\/wp-json\/wp\/v2\/posts\/47281\/revisions"}],"wp:attachment":[{"href":"https:\/\/novasdodia.com.br\/index.php\/wp-json\/wp\/v2\/media?parent=47281"}],"wp:term":[{"taxonomy":"category","embeddable":true,"href":"https:\/\/novasdodia.com.br\/index.php\/wp-json\/wp\/v2\/categories?post=47281"},{"taxonomy":"post_tag","embeddable":true,"href":"https:\/\/novasdodia.com.br\/index.php\/wp-json\/wp\/v2\/tags?post=47281"}],"curies":[{"name":"wp","href":"https:\/\/api.w.org\/{rel}","templated":true}]}}