{"id":47337,"date":"2026-03-13T15:28:34","date_gmt":"2026-03-13T18:28:34","guid":{"rendered":"https:\/\/novasdodia.com.br\/index.php\/2026\/03\/13\/clube-de-jardinagem-do-jardim-botanico-de-sorocaba-participa-de-roda-de-conversa-sobre-o-universo-das-abelhas-agencia-de-noticias\/"},"modified":"2026-03-13T15:28:34","modified_gmt":"2026-03-13T18:28:34","slug":"clube-de-jardinagem-do-jardim-botanico-de-sorocaba-participa-de-roda-de-conversa-sobre-o-universo-das-abelhas-agencia-de-noticias","status":"publish","type":"post","link":"https:\/\/novasdodia.com.br\/index.php\/2026\/03\/13\/clube-de-jardinagem-do-jardim-botanico-de-sorocaba-participa-de-roda-de-conversa-sobre-o-universo-das-abelhas-agencia-de-noticias\/","title":{"rendered":"Clube de Jardinagem do Jardim Bot\u00e2nico de Sorocaba participa de roda de conversa sobre o universo das abelhas \u2013 Ag\u00eancia de Not\u00edcias"},"content":{"rendered":"<p><\/p>\n<div wp_automatic_readability=\"31\">\n<div class=\"col\" wp_automatic_readability=\"7\">\n<p class=\"mt-0\">\n                        <strong><br \/>\n                            <span class=\"far fa-calendar mr-1 mt-2\"\/><br \/>\n                            13 de mar\u00e7o de 2026<br \/>\n                            <span class=\"far fa-clock ml-3 mt-2\"\/><br \/>\n                            15:10<br \/>\n                        <\/strong>\n                    <\/p>\n<p class=\"mb-0\">Por: <strong>Mariana Campos<\/strong><\/p>\n<\/p><\/div>\n<\/p><\/div>\n<div wp_automatic_readability=\"77\">\n<p><em>Fotos: Sema<\/em><\/p>\n<p>O Clube de Jardinagem do Jardim Bot\u00e2nico \u201cIrm\u00e3os Villas-B\u00f4as\u201d realizou, na manh\u00e3 de quarta-feira (11), mais um encontro semanal. Devido \u00e0 chuva, a programa\u00e7\u00e3o externa foi adaptada para uma roda de conversa voltada ao tema das abelhas e sua import\u00e2ncia para os ecossistemas.<\/p>\n<p>Criada pela Prefeitura de Sorocaba, por meio da Secretaria do Meio Ambiente, Prote\u00e7\u00e3o e Bem-Estar Animal (Sema), em 2023, a iniciativa tem como objetivo promover o aprendizado e a pr\u00e1tica da jardinagem e da educa\u00e7\u00e3o ambiental.<\/p>\n<p>L\u00e1, os participantes tiveram a oportunidade de conhecer e dialogar a respeito da exposi\u00e7\u00e3o \u201cAbelhas, cores e vida\u201d, do artista Sidney Cardoso, que pode ser conferida no Palacete de Cristal do Jardim Bot\u00e2nico at\u00e9 o dia 30 de mar\u00e7o. A mostra apresenta obras inspiradas no universo das abelhas e busca sensibilizar o p\u00fablico da import\u00e2ncia desses insetos na manuten\u00e7\u00e3o da biodiversidade.<\/p>\n<p>A atividade tamb\u00e9m contou com uma troca de conhecimentos entre os participantes, que abordaram temas como o papel das abelhas na poliniza\u00e7\u00e3o, a relev\u00e2ncia da conserva\u00e7\u00e3o das abelhas nativas para a regi\u00e3o e curiosidades sobre esses insetos. Entre os assuntos discutidos, estiveram as diferen\u00e7as entre abelhas e vespas, al\u00e9m de aspectos culturais e ecol\u00f3gicos relacionados \u00e0 cria\u00e7\u00e3o e preserva\u00e7\u00e3o de abelhas nativas.<\/p>\n<p>Os encontros do Clube de Jardinagem s\u00e3o abertos ao p\u00fablico e ocorrem todas \u00e0s quartas-feiras \u00fateis, das 8h30 \u00e0s 11h30. A participa\u00e7\u00e3o \u00e9 voltada ao p\u00fablico com mais de 18 anos, sem a necessidade de inscri\u00e7\u00e3o pr\u00e9via.<\/p>\n<p>O Jardim Bot\u00e2nico \u201cIrm\u00e3os Villas-B\u00f4as\u201d est\u00e1 localizado na Rua Miguel Montoro Lozano, 340, no Jardim Dois Cora\u00e7\u00f5es. Mais informa\u00e7\u00f5es podem ser obtidas de segunda a sexta-feira, das 9h \u00e0s 17h, pelo e-mail: jardimbotanico@sorocaba.sp.gov.br.<\/p>\n<p>\u00a0<\/p>\n<p><!-- Root element of PhotoSwipe. Must have class pswp. --><\/p><\/div>\n","protected":false},"excerpt":{"rendered":"<p>13 de mar\u00e7o de 2026 15:10 Por: Mariana Campos Fotos: Sema O Clube de Jardinagem do Jardim Bot\u00e2nico \u201cIrm\u00e3os Villas-B\u00f4as\u201d realizou, na manh\u00e3 de quarta-feira (11), mais um encontro semanal. Devido \u00e0 chuva, a programa\u00e7\u00e3o externa foi adaptada para uma roda de conversa voltada ao tema das abelhas e sua import\u00e2ncia para os ecossistemas. Criada [&hellip;]<\/p>\n","protected":false},"author":1,"featured_media":0,"comment_status":"","ping_status":"","sticky":false,"template":"","format":"standard","meta":{"footnotes":""},"categories":[1],"tags":[],"class_list":["post-47337","post","type-post","status-publish","format-standard","hentry","category-noticias"],"amp_enabled":true,"_links":{"self":[{"href":"https:\/\/novasdodia.com.br\/index.php\/wp-json\/wp\/v2\/posts\/47337","targetHints":{"allow":["GET"]}}],"collection":[{"href":"https:\/\/novasdodia.com.br\/index.php\/wp-json\/wp\/v2\/posts"}],"about":[{"href":"https:\/\/novasdodia.com.br\/index.php\/wp-json\/wp\/v2\/types\/post"}],"author":[{"embeddable":true,"href":"https:\/\/novasdodia.com.br\/index.php\/wp-json\/wp\/v2\/users\/1"}],"replies":[{"embeddable":true,"href":"https:\/\/novasdodia.com.br\/index.php\/wp-json\/wp\/v2\/comments?post=47337"}],"version-history":[{"count":0,"href":"https:\/\/novasdodia.com.br\/index.php\/wp-json\/wp\/v2\/posts\/47337\/revisions"}],"wp:attachment":[{"href":"https:\/\/novasdodia.com.br\/index.php\/wp-json\/wp\/v2\/media?parent=47337"}],"wp:term":[{"taxonomy":"category","embeddable":true,"href":"https:\/\/novasdodia.com.br\/index.php\/wp-json\/wp\/v2\/categories?post=47337"},{"taxonomy":"post_tag","embeddable":true,"href":"https:\/\/novasdodia.com.br\/index.php\/wp-json\/wp\/v2\/tags?post=47337"}],"curies":[{"name":"wp","href":"https:\/\/api.w.org\/{rel}","templated":true}]}}