{"id":47342,"date":"2026-03-13T17:11:38","date_gmt":"2026-03-13T20:11:38","guid":{"rendered":"https:\/\/novasdodia.com.br\/index.php\/2026\/03\/13\/itamaraty-confirma-revogacao-de-visto-de-assessor-de-trump\/"},"modified":"2026-03-13T17:11:38","modified_gmt":"2026-03-13T20:11:38","slug":"itamaraty-confirma-revogacao-de-visto-de-assessor-de-trump","status":"publish","type":"post","link":"https:\/\/novasdodia.com.br\/index.php\/2026\/03\/13\/itamaraty-confirma-revogacao-de-visto-de-assessor-de-trump\/","title":{"rendered":"Itamaraty confirma revoga\u00e7\u00e3o de visto de assessor de Trump"},"content":{"rendered":"<p> Por MRNews<br \/>\n<\/p>\n<div wp_automatic_readability=\"71.541868735855\">\n<p><strong>O Minist\u00e9rio das Rela\u00e7\u00f5es Exteriores confirmou nesta sexta-feira (13) a revoga\u00e7\u00e3o do visto do assessor do governo do presidente Donald Trump Darren Beattie. Ele pretendia visitar o Brasil na pr\u00f3xima semana<\/strong>.<\/p>\n<p>Segundo a pasta, a decis\u00e3o foi tomada \u201ctendo em conta a omiss\u00e3o e o falseamento de informa\u00e7\u00f5es relevantes quanto ao motivo da visita por ocasi\u00e3o da solicita\u00e7\u00e3o do visto, em Washington\u201d.<\/p>\n<blockquote wp_automatic_readability=\"6.9333333333333\">\n<p>\u201cTrata-se de princ\u00edpio legal suficiente para a denega\u00e7\u00e3o de visto, de acordo com a legisla\u00e7\u00e3o nacional e internacional\u201d, informou a assessoria.<\/p>\n<p><strong><a href=\"https:\/\/mrnews.com.br\/index.php\/2026\/03\/13\/hospital-do-andarai-ganha-setor-de-trauma-e-area-de-clinica-medica\/\">Hospital do Andara\u00ed ganha setor de trauma e \u00e1rea de cl\u00ednica m\u00e9dica<\/a><\/strong><\/p>\n<p><strong><a href=\"https:\/\/mrnews.com.br\/index.php\/2026\/03\/13\/brasil-colombia-e-mexico-pedem-cessar-fogo-no-oriente-medio\/\">Brasil, Col\u00f4mbia e M\u00e9xico pedem cessar-fogo no Oriente M\u00e9dio<\/a><\/strong><\/p>\n<\/blockquote>\n<p>Mais cedo, durante agenda no Rio de Janeiro, o presidente Luiz In\u00e1cio Lula da Silva disse que Darren Beattie s\u00f3 entrar\u00e1 no Brasil quando o ministro da Sa\u00fade, Alexandre Padilha, puder entrar nos Estados Unidos.<\/p>\n<blockquote wp_automatic_readability=\"10\">\n<p>\u201cAquele cara americano que disse que vinha pra c\u00e1, para visitar Jair Bolsonaro, foi proibido de visitar. E eu o proibi de vir ao Brasil enquanto n\u00e3o liberar os vistos do meu ministro da Sa\u00fade, que est\u00e3o bloqueados.\u201d<\/p>\n<\/blockquote>\n<p><strong>Lula lembrou que, em 2025, os Estados Unidos cancelaram o visto da esposa e da filha de 10 anos de Padilha<\/strong>. \u00c0 \u00e9poca, o visto do ministro estava vencido e, portanto, n\u00e3o pass\u00edvel de cancelamento.<\/p>\n<blockquote wp_automatic_readability=\"4.243654822335\">\n<p>\u201cPadilha, esteja certo que voc\u00ea est\u00e1 sendo protegido\u201d, completou Lula.<\/p>\n<p><strong><a href=\"https:\/\/mrnews.com.br\/index.php\/2026\/03\/13\/bolsonaro-e-internado-em-uti-hospitalar-com-broncopneumonia-bilateral\/\">Bolsonaro \u00e9 internado em UTI hospitalar com broncopneumonia bilateral<\/a><\/strong><\/p>\n<p><strong><a href=\"https:\/\/mrnews.com.br\/index.php\/2026\/03\/13\/temporal-deixa-116-pessoas-desabrigadas-em-peruibe\/\">Temporal deixa 116 pessoas desabrigadas em Peru\u00edbe<\/a><\/strong><\/p>\n<\/blockquote>\n<p>&gt;&gt; Siga o canal da <strong>Ag\u00eancia Brasil <\/strong>no WhatsApp<\/p>\n<h2>Visita negada<\/h2>\n<p>Na quinta-feira (14), o ministro do Supremo Tribunal Federal (STF) Alexandre de Moraes negou o pedido do ex-presidente Jair Bolsonaro para receber a visita de Darren Beattie.<\/p>\n<p>Na decis\u00e3o, Moraes disse que a visita do assessor do presidente Donald Trump n\u00e3o foi comunicada \u00e0 diplomacia brasileira e n\u00e3o est\u00e1 inserida na agenda oficial que ser\u00e1 cumprida no Brasil.<\/p>\n<h2>\u201cInger\u00eancia\u201d<\/h2>\n<p>Mais cedo, o ministro das Rela\u00e7\u00f5es Exteriores, Mauro Vieira, informou a Moraes que a visita a Bolsonaro poderia configurar \u201cindevida inger\u00eancia\u201d em assuntos internos do Brasil.<\/p>\n<p><strong>A declara\u00e7\u00e3o consta em of\u00edcio enviado pelo chanceler brasileiro ao ministro do Supremo<\/strong>.<\/p>\n<blockquote wp_automatic_readability=\"8\">\n<p>\u201cA visita de um funcion\u00e1rio de Estado estrangeiro a um ex-presidente da Rep\u00fablica em ano eleitoral pode configurar indevida inger\u00eancia nos assuntos internos do Estado brasileiro\u201d, afirmou Vieira no documento.<\/p>\n<\/blockquote>\n<h2>O pedido<\/h2>\n<p>O ex-presidente Jair Bolsonaro pediu, na \u00faltima ter\u00e7a-feira (10), ao STF autoriza\u00e7\u00e3o para receber a visita de Darren Beattie. <strong>Aliado do presidente Donald Trump, Beattie trabalha para o Departamento de Estado e \u00e9 respons\u00e1vel por assuntos ligados ao Brasil.<\/strong><\/p>\n<p>No pedido de autoriza\u00e7\u00e3o encaminhado ao Supremo, a defesa de Bolsonaro pediu que a visita seja realizada na pr\u00f3xima segunda-feira (16), no per\u00edodo da manh\u00e3, ou na ter\u00e7a-feira (17) \u2013 datas em que o assessor estar\u00e1 em visita oficial ao Brasil.<\/p>\n<p>A entrada de um tradutor na pris\u00e3o tamb\u00e9m foi solicitada.<\/p>\n<\/div>\n","protected":false},"excerpt":{"rendered":"<p>Por MRNews O Minist\u00e9rio das Rela\u00e7\u00f5es Exteriores confirmou nesta sexta-feira (13) a revoga\u00e7\u00e3o do visto do assessor do governo do presidente Donald Trump Darren Beattie. Ele pretendia visitar o Brasil na pr\u00f3xima semana. Segundo a pasta, a decis\u00e3o foi tomada \u201ctendo em conta a omiss\u00e3o e o falseamento de informa\u00e7\u00f5es relevantes quanto ao motivo da [&hellip;]<\/p>\n","protected":false},"author":3,"featured_media":0,"comment_status":"","ping_status":"","sticky":false,"template":"","format":"standard","meta":{"footnotes":""},"categories":[1],"tags":[],"class_list":["post-47342","post","type-post","status-publish","format-standard","hentry","category-noticias"],"amp_enabled":true,"_links":{"self":[{"href":"https:\/\/novasdodia.com.br\/index.php\/wp-json\/wp\/v2\/posts\/47342","targetHints":{"allow":["GET"]}}],"collection":[{"href":"https:\/\/novasdodia.com.br\/index.php\/wp-json\/wp\/v2\/posts"}],"about":[{"href":"https:\/\/novasdodia.com.br\/index.php\/wp-json\/wp\/v2\/types\/post"}],"author":[{"embeddable":true,"href":"https:\/\/novasdodia.com.br\/index.php\/wp-json\/wp\/v2\/users\/3"}],"replies":[{"embeddable":true,"href":"https:\/\/novasdodia.com.br\/index.php\/wp-json\/wp\/v2\/comments?post=47342"}],"version-history":[{"count":0,"href":"https:\/\/novasdodia.com.br\/index.php\/wp-json\/wp\/v2\/posts\/47342\/revisions"}],"wp:attachment":[{"href":"https:\/\/novasdodia.com.br\/index.php\/wp-json\/wp\/v2\/media?parent=47342"}],"wp:term":[{"taxonomy":"category","embeddable":true,"href":"https:\/\/novasdodia.com.br\/index.php\/wp-json\/wp\/v2\/categories?post=47342"},{"taxonomy":"post_tag","embeddable":true,"href":"https:\/\/novasdodia.com.br\/index.php\/wp-json\/wp\/v2\/tags?post=47342"}],"curies":[{"name":"wp","href":"https:\/\/api.w.org\/{rel}","templated":true}]}}