{"id":47410,"date":"2026-03-15T10:10:46","date_gmt":"2026-03-15T13:10:46","guid":{"rendered":"https:\/\/novasdodia.com.br\/index.php\/2026\/03\/15\/prefeitura-apresenta-o-projeto-e-inicia-as-obras-do-parque-terra-prometida-em-santa-cruz-prefeitura-da-cidade-do-rio-de-janeiro\/"},"modified":"2026-03-15T10:10:46","modified_gmt":"2026-03-15T13:10:46","slug":"prefeitura-apresenta-o-projeto-e-inicia-as-obras-do-parque-terra-prometida-em-santa-cruz-prefeitura-da-cidade-do-rio-de-janeiro","status":"publish","type":"post","link":"https:\/\/novasdodia.com.br\/index.php\/2026\/03\/15\/prefeitura-apresenta-o-projeto-e-inicia-as-obras-do-parque-terra-prometida-em-santa-cruz-prefeitura-da-cidade-do-rio-de-janeiro\/","title":{"rendered":"Prefeitura apresenta o projeto e inicia as obras do Parque Terra Prometida, em Santa Cruz &#8211; Prefeitura da Cidade do Rio de Janeiro"},"content":{"rendered":"<p><\/p>\n<div wp_automatic_readability=\"82.403263403263\">\n<div class=\"image-post\" wp_automatic_readability=\"32\">\n                     Imagem do projeto do Parque Terra Prometida &#8211; Reprodu\u00e7\u00e3o                  <\/div>\n<p>O prefeito do Rio, Eduardo Paes, participou, neste s\u00e1bado (14\/03), do evento de apresenta\u00e7\u00e3o do projeto e in\u00edcio das obras do Parque Terra Prometida, em Santa Cruz, na Zona Oeste. A iniciativa da Prefeitura do Rio vai transformar a \u00e1rea da antiga Cidade das Crian\u00e7as Leonel Brizola em um novo polo de turismo religioso e cultural. O projeto prev\u00ea a requalifica\u00e7\u00e3o de um espa\u00e7o hist\u00f3rico da regi\u00e3o e tem potencial para impulsionar o desenvolvimento urbano, com gera\u00e7\u00e3o de emprego e renda.<\/p>\n<blockquote wp_automatic_readability=\"19\">\n<p>\u2013 Esse \u00e9 um local que vai tratar da f\u00e9 judaica-crist\u00e3, contando um pouco da hist\u00f3ria dos cinco primeiros livros da B\u00edblia. Vai ter espa\u00e7o para eventos, um grande templo com sete mil lugares, pia batismal, Monte Sinai, Mar Vermelho. Enfim, \u00e9 um lugar que ser\u00e1 um espa\u00e7o de encontro e de f\u00e9 para uma parte importante da nossa cidade: cat\u00f3licos, evang\u00e9licos, judeus. As igrejas cumprem um papel social importante na cidade, e sempre vamos ajudar, estimular e incentivar eventos, encontros e homenagens \u2013 afirmou o prefeito Eduardo Paes.<\/p>\n<\/blockquote>\n<p>Com aproximadamente 200 mil metros quadrados, o Parque Terra Prometida foi dimensionado para receber, em m\u00e9dia, 10 mil pessoas por dia, podendo alcan\u00e7ar at\u00e9 70 mil visitantes em grandes eventos. A nave principal ter\u00e1 capacidade para 7 mil pessoas. O complexo contar\u00e1 ainda com um palco externo e uma esplanada, garantindo infraestrutura adequada para celebra\u00e7\u00f5es e programa\u00e7\u00f5es de grande porte.<\/p>\n<blockquote wp_automatic_readability=\"17\">\n<p>\u2013 Esse \u00e9 um lugar especial, um parque que une diferentes religi\u00f5es como o Juda\u00edsmo, o Cristianismo Neopentecostal, a Igreja Cat\u00f3lica, mas que, especialmente, representa uma tradi\u00e7\u00e3o de 90% da popula\u00e7\u00e3o do nosso pa\u00eds. Aqui \u00e9 um espa\u00e7o que vai atender a uma demanda enorme da popula\u00e7\u00e3o do Rio de Janeiro, que precisa de locais para eventos. Temos certeza que o parque ter\u00e1 uma agenda lotada. A gente governa para todo mundo, olhamos para todos os credos, para as diferentes manifesta\u00e7\u00f5es e tratamos todos com igualdade \u2013 disse o vice-prefeito Eduardo Cavaliere.<\/p>\n<\/blockquote>\n<p>Mais do que um centro de eventos, o parque foi concebido como um espa\u00e7o tem\u00e1tico inspirado em passagens da tradi\u00e7\u00e3o crist\u00e3. Entre os ambientes previstos est\u00e3o o Jardim do \u00c9den, o percurso sensorial dos Dez Mandamentos e o Caminho do Mar Vermelho, que contar\u00e1 com experi\u00eancia simb\u00f3lica de \u201candar sobre as \u00e1guas\u201d. O projeto inclui ainda os montes das Oliveiras, Sinai e Si\u00e3o, destinados a momentos de ora\u00e7\u00e3o e contempla\u00e7\u00e3o, integrando espiritualidade, paisagismo e conviv\u00eancia.<\/p>\n<p>A proposta tamb\u00e9m prioriza a reutiliza\u00e7\u00e3o de estruturas existentes. O antigo planet\u00e1rio ser\u00e1 transformado no Cinema 360\u00ba G\u00eanesis, enquanto o teatro passar\u00e1 por reformula\u00e7\u00e3o para se tornar um moderno Centro de Conven\u00e7\u00f5es, ampliando a voca\u00e7\u00e3o do espa\u00e7o para atividades culturais e institucionais.<\/p>\n<p>O desenvolvimento do projeto foi contratado pela Empresa Municipal de Urbaniza\u00e7\u00e3o (Rio-Urbe) no ano passado, com investimento de R$ 2,7 milh\u00f5es.<\/p>\n<p><strong>Implanta\u00e7\u00e3o do parque<\/strong><\/p>\n<p>A implanta\u00e7\u00e3o do Parque Terra Prometida ser\u00e1 realizada em etapas. Na primeira fase est\u00e3o previstas a demoli\u00e7\u00e3o das estruturas remanescentes da antiga Cidade das Crian\u00e7as e a execu\u00e7\u00e3o de servi\u00e7os de terraplanagem. O pacote inclui ainda melhorias nas vias de acesso do entorno e a urbaniza\u00e7\u00e3o da Estrada do Guandu, em frente ao futuro parque.<\/p>\n<p>Esse conjunto inicial de interven\u00e7\u00f5es representa investimento estimado em cerca de R$ 14 milh\u00f5es e \u00e9 fundamental para preparar o terreno e organizar a infraestrutura vi\u00e1ria da regi\u00e3o. O processo licitat\u00f3rio dessa etapa j\u00e1 est\u00e1 em andamento e as obras, a cargo da Secretaria Municipal de Infraestrutura, est\u00e3o previstas para come\u00e7ar ainda neste primeiro semestre.<\/p>\n<p>Na etapa seguinte, o projeto avan\u00e7a com a implanta\u00e7\u00e3o das estruturas centrais do complexo. Entre elas est\u00e3o a Nave Ecum\u00eanica, o Centro de Conven\u00e7\u00f5es, o Cinema 360\u00ba G\u00eanesis e os espa\u00e7os tem\u00e1ticos que comp\u00f5em o percurso hist\u00f3rico do parque. Tamb\u00e9m est\u00e3o previstas a constru\u00e7\u00e3o de uma al\u00e7a de acesso \u00e0 Avenida Brasil e de um estacionamento com capacidade para aproximadamente 100 \u00f4nibus.<\/p>\n<p>Essa fase deve mobilizar investimento estimado em cerca de R$ 190 milh\u00f5es. O objetivo \u00e9 garantir estrutura adequada para absorver o fluxo de visitantes e assegurar acessibilidade e ordenamento do tr\u00e1fego na regi\u00e3o.<\/p>\n<p>             <!-- Compartilhe ---><\/p>\n<p>\t\t\t <!-- TAGS --><\/p>\n<section class=\"category-tags\">\n<div class=\"marcacao-category\">\n<article class=\"category-post\">\n<p>Categoria: <\/p>\n<\/article>\n<li>14 de mar\u00e7o de 2026<\/li><\/div>\n<article class=\"tags\">\n\t\t\t\t\tMarca\u00e7\u00f5es: Cultura obras parque terra prometida Prefeitura do Rio projeto religi\u00e3o turismo<br \/><\/article>\n<\/section>\n<p>            <!-- Mais Not&iacute;cias --><\/p>\n<p>\t\t<!-- Conte&uacute;do SIDEBAR --><\/p><\/div>\n","protected":false},"excerpt":{"rendered":"<p>Imagem do projeto do Parque Terra Prometida &#8211; Reprodu\u00e7\u00e3o O prefeito do Rio, Eduardo Paes, participou, neste s\u00e1bado (14\/03), do evento de apresenta\u00e7\u00e3o do projeto e in\u00edcio das obras do Parque Terra Prometida, em Santa Cruz, na Zona Oeste. A iniciativa da Prefeitura do Rio vai transformar a \u00e1rea da antiga Cidade das Crian\u00e7as Leonel [&hellip;]<\/p>\n","protected":false},"author":1,"featured_media":0,"comment_status":"","ping_status":"","sticky":false,"template":"","format":"standard","meta":{"footnotes":""},"categories":[1],"tags":[],"class_list":["post-47410","post","type-post","status-publish","format-standard","hentry","category-noticias"],"amp_enabled":true,"_links":{"self":[{"href":"https:\/\/novasdodia.com.br\/index.php\/wp-json\/wp\/v2\/posts\/47410","targetHints":{"allow":["GET"]}}],"collection":[{"href":"https:\/\/novasdodia.com.br\/index.php\/wp-json\/wp\/v2\/posts"}],"about":[{"href":"https:\/\/novasdodia.com.br\/index.php\/wp-json\/wp\/v2\/types\/post"}],"author":[{"embeddable":true,"href":"https:\/\/novasdodia.com.br\/index.php\/wp-json\/wp\/v2\/users\/1"}],"replies":[{"embeddable":true,"href":"https:\/\/novasdodia.com.br\/index.php\/wp-json\/wp\/v2\/comments?post=47410"}],"version-history":[{"count":0,"href":"https:\/\/novasdodia.com.br\/index.php\/wp-json\/wp\/v2\/posts\/47410\/revisions"}],"wp:attachment":[{"href":"https:\/\/novasdodia.com.br\/index.php\/wp-json\/wp\/v2\/media?parent=47410"}],"wp:term":[{"taxonomy":"category","embeddable":true,"href":"https:\/\/novasdodia.com.br\/index.php\/wp-json\/wp\/v2\/categories?post=47410"},{"taxonomy":"post_tag","embeddable":true,"href":"https:\/\/novasdodia.com.br\/index.php\/wp-json\/wp\/v2\/tags?post=47410"}],"curies":[{"name":"wp","href":"https:\/\/api.w.org\/{rel}","templated":true}]}}