{"id":47609,"date":"2026-03-19T19:11:50","date_gmt":"2026-03-19T22:11:50","guid":{"rendered":"https:\/\/novasdodia.com.br\/index.php\/2026\/03\/19\/copacabana-recebe-contador-de-arvores-que-exibe-com-atualizacao-diaria-mudas-plantadas-no-rio-prefeitura-da-cidade-do-rio-de-janeiro\/"},"modified":"2026-03-19T19:11:50","modified_gmt":"2026-03-19T22:11:50","slug":"copacabana-recebe-contador-de-arvores-que-exibe-com-atualizacao-diaria-mudas-plantadas-no-rio-prefeitura-da-cidade-do-rio-de-janeiro","status":"publish","type":"post","link":"https:\/\/novasdodia.com.br\/index.php\/2026\/03\/19\/copacabana-recebe-contador-de-arvores-que-exibe-com-atualizacao-diaria-mudas-plantadas-no-rio-prefeitura-da-cidade-do-rio-de-janeiro\/","title":{"rendered":"Copacabana recebe Contador de \u00c1rvores que exibe, com atualiza\u00e7\u00e3o di\u00e1ria, mudas plantadas no Rio &#8211; Prefeitura da Cidade do Rio de Janeiro"},"content":{"rendered":"<p><\/p>\n<div id=\"main\">\n<div class=\"wrapper-breadcrumbs\" wp_automatic_readability=\"78.159317707125\">\n<div class=\"image-post\" wp_automatic_readability=\"34\">\n                     Mais do que um marcador, a iniciativa torna vis\u00edvel um esfor\u00e7o cont\u00ednuo de amplia\u00e7\u00e3o das \u00e1reas verdes da cidade &#8211; Divulga\u00e7\u00e3o                  <\/div>\n<p>A Secretaria Municipal de Meio Ambiente e Clima (SMAC) lan\u00e7ou, nesta quinta-feira (19\/3), em Copacabana, o Contador de \u00c1rvores. O painel est\u00e1 instalado na fachada de um pr\u00e9dio na Avenida Nossa Senhora de Copacabana, 44, esquina com a Rua Princesa Isabel, e exibir\u00e1, com atualiza\u00e7\u00e3o di\u00e1ria, o n\u00famero de mudas plantadas no munic\u00edpio. A ferramenta inicia a contagem em 386.475 mudas, plantadas desde 2023.<\/p>\n<p>Mais do que um marcador, a iniciativa torna vis\u00edvel um esfor\u00e7o cont\u00ednuo de amplia\u00e7\u00e3o das \u00e1reas verdes da cidade com impacto direto no conforto t\u00e9rmico, na qualidade do ar e na qualidade de vida da popula\u00e7\u00e3o.<\/p>\n<p>O total re\u00fane a\u00e7\u00f5es realizadas em diferentes frentes, como projetos de restaura\u00e7\u00e3o ambiental, recupera\u00e7\u00e3o de unidades de conserva\u00e7\u00e3o e programas de arboriza\u00e7\u00e3o urbana, como Planta+Rio e Bosques Cariocas, al\u00e9m de outras iniciativas ambientais.<\/p>\n<p>Cada muda plantada e cuidada representa um investimento direto no presente e no futuro do Rio. O contador, nesse sentido, funciona como um convite para que a popula\u00e7\u00e3o acompanhe de perto esse avan\u00e7o e entenda a dimens\u00e3o das pol\u00edticas p\u00fablicas que sustentam essa transforma\u00e7\u00e3o.<\/p>\n<p>A secret\u00e1ria de Meio Ambiente e Clima, Tain\u00e1 de Paula, destaca o objetivo de transformar o cidad\u00e3o em um parceiro da Prefeitura nessa contagem.<\/p>\n<blockquote wp_automatic_readability=\"10\">\n<p>\u2013 Queremos que a popula\u00e7\u00e3o acompanhe de perto esse processo e participe do esfor\u00e7o de tornar a cidade mais verde. Essa a\u00e7\u00e3o reflete o avan\u00e7o das pol\u00edticas clim\u00e1ticas da cidade, marcadas especialmente pelo in\u00edcio do trabalho de protocolo de calor extremo na Prefeitura. Na pauta ambiental, o Rio de Janeiro vem consolidando um trabalho de trazer o debate da democracia clim\u00e1tica com muito f\u00f4lego e promover o plantio nas v\u00e1rias regi\u00f5es do munic\u00edpio \u00e9 uma miss\u00e3o da Secretaria de Meio Ambiente e Clima.<\/p>\n<\/blockquote>\n<p>\u00a0<\/p>\n<p><strong>Confira a\u00e7\u00f5es de plantio desenvolvidas pela SMAC:<\/strong><\/p>\n<p><strong>Planta+Rio: p<\/strong>rograma em parceria com a Funda\u00e7\u00e3o Parques e Jardins (FPJ), tem como objetivo plantar 200 mil mudas at\u00e9 2028. Lan\u00e7ado em dezembro de 2025, j\u00e1 conta com a participa\u00e7\u00e3o direta dos moradores.<\/p>\n<p><strong>Bosques Cariocas: <\/strong>a\u00a0iniciativa amplia a cobertura vegetal urbana e combate as ilhas de calor, reduzindo os impactos do estresse t\u00e9rmico e favorecendo a biodiversidade local.<\/p>\n<p><strong>Refloresta Rio: <\/strong>re\u00fane as principais iniciativas de restaura\u00e7\u00e3o ecol\u00f3gica do munic\u00edpio, com foco na recupera\u00e7\u00e3o ambiental, amplia\u00e7\u00e3o das \u00e1reas verdes e enfrentamento das mudan\u00e7as clim\u00e1ticas. Entre suas a\u00e7\u00f5es, destaca-se o Mutir\u00e3o Reflorestamento, criado em 1986.<\/p>\n<p><strong>Corredores Verdes: <\/strong>prev\u00ea a cria\u00e7\u00e3o de corredores ecol\u00f3gicos que conectam parte de vegeta\u00e7\u00e3o em \u00e1reas urbanas e contribuem para a redu\u00e7\u00e3o da temperatura, com sombreamento de cal\u00e7adas e ruas.<\/p>\n<p><strong>Plantando o Futuro: <\/strong>promove a participa\u00e7\u00e3o e a reflex\u00e3o de crian\u00e7as de escolas municipais e projetos sociais sobre a import\u00e2ncia das restingas, com palestras e plantio de mudas na orla carioca.<\/p>\n<p><strong>Parques Urbanos: <\/strong>al\u00e9m dos projetos da SMAC, os parques urbanos mant\u00eam \u00e1reas verdes e oferecem conforto t\u00e9rmico aos frequentadores. Entre eles est\u00e3o o Parque Oeste Ana Gonzaga, em Inhoa\u00edba, em constru\u00e7\u00e3o pela Rio-Urbe, vinculada \u00e0 Secretaria de Infraestrutura; o Parque Realengo Susana Naspolini, que passar\u00e1 por duplica\u00e7\u00e3o; e o Parque Piedade Arlindo Cruz, j\u00e1 entregue pela mesma pasta. Sob a responsabilidade da Secretaria de Esportes e Lazer, est\u00e1 o Parque Radical de Deodoro.<\/p>\n<p>             <!-- Compartilhe ---><\/p>\n<p>\t\t\t <!-- TAGS --><\/p>\n<section class=\"category-tags\">\n<article class=\"tags\">\n\t\t\t\t\tMarca\u00e7\u00f5es: atualiza\u00e7\u00e3o di\u00e1ria Contador de \u00c1rvores copacabana mudas painel Prefeitura do Rio<br \/><\/article>\n<\/section>\n<p>            <!-- Mais Not&iacute;cias --><\/p>\n<p>\t\t<!-- Conte&uacute;do SIDEBAR --><\/p><\/div>\n<\/p><\/div>\n","protected":false},"excerpt":{"rendered":"<p>Mais do que um marcador, a iniciativa torna vis\u00edvel um esfor\u00e7o cont\u00ednuo de amplia\u00e7\u00e3o das \u00e1reas verdes da cidade &#8211; Divulga\u00e7\u00e3o A Secretaria Municipal de Meio Ambiente e Clima (SMAC) lan\u00e7ou, nesta quinta-feira (19\/3), em Copacabana, o Contador de \u00c1rvores. O painel est\u00e1 instalado na fachada de um pr\u00e9dio na Avenida Nossa Senhora de Copacabana, [&hellip;]<\/p>\n","protected":false},"author":1,"featured_media":0,"comment_status":"","ping_status":"","sticky":false,"template":"","format":"standard","meta":{"footnotes":""},"categories":[1],"tags":[],"class_list":["post-47609","post","type-post","status-publish","format-standard","hentry","category-noticias"],"amp_enabled":true,"_links":{"self":[{"href":"https:\/\/novasdodia.com.br\/index.php\/wp-json\/wp\/v2\/posts\/47609","targetHints":{"allow":["GET"]}}],"collection":[{"href":"https:\/\/novasdodia.com.br\/index.php\/wp-json\/wp\/v2\/posts"}],"about":[{"href":"https:\/\/novasdodia.com.br\/index.php\/wp-json\/wp\/v2\/types\/post"}],"author":[{"embeddable":true,"href":"https:\/\/novasdodia.com.br\/index.php\/wp-json\/wp\/v2\/users\/1"}],"replies":[{"embeddable":true,"href":"https:\/\/novasdodia.com.br\/index.php\/wp-json\/wp\/v2\/comments?post=47609"}],"version-history":[{"count":0,"href":"https:\/\/novasdodia.com.br\/index.php\/wp-json\/wp\/v2\/posts\/47609\/revisions"}],"wp:attachment":[{"href":"https:\/\/novasdodia.com.br\/index.php\/wp-json\/wp\/v2\/media?parent=47609"}],"wp:term":[{"taxonomy":"category","embeddable":true,"href":"https:\/\/novasdodia.com.br\/index.php\/wp-json\/wp\/v2\/categories?post=47609"},{"taxonomy":"post_tag","embeddable":true,"href":"https:\/\/novasdodia.com.br\/index.php\/wp-json\/wp\/v2\/tags?post=47609"}],"curies":[{"name":"wp","href":"https:\/\/api.w.org\/{rel}","templated":true}]}}