{"id":48357,"date":"2026-04-06T09:21:37","date_gmt":"2026-04-06T12:21:37","guid":{"rendered":"https:\/\/novasdodia.com.br\/index.php\/2026\/04\/06\/em-campo-grande-posto-lider-em-emissoes-se-torna-referencia-em-atendimento-a-pessoas-com-autismo\/"},"modified":"2026-04-06T09:21:37","modified_gmt":"2026-04-06T12:21:37","slug":"em-campo-grande-posto-lider-em-emissoes-se-torna-referencia-em-atendimento-a-pessoas-com-autismo","status":"publish","type":"post","link":"https:\/\/novasdodia.com.br\/index.php\/2026\/04\/06\/em-campo-grande-posto-lider-em-emissoes-se-torna-referencia-em-atendimento-a-pessoas-com-autismo\/","title":{"rendered":"Em Campo Grande, posto l\u00edder em emiss\u00f5es se torna refer\u00eancia em atendimento a pessoas com autismo"},"content":{"rendered":"<p><\/p>\n<div>\n<p data-start=\"573\" data-end=\"1026\">No cora\u00e7\u00e3o de Campo Grande, o posto de identifica\u00e7\u00e3o instalado no P\u00e1tio Central \u2014 o mais movimentado do Estado \u2014 vem se consolidando como um modelo de pol\u00edtica p\u00fablica voltada \u00e0 cidadania e \u00e0 inclus\u00e3o. Ao completar um ano da sala \u201cPosto Amigo do Autista\u201d, a unidade n\u00e3o apenas amplia o acesso \u00e0 documenta\u00e7\u00e3o civil, como redefine padr\u00f5es de atendimento ao incorporar pr\u00e1ticas sens\u00edveis \u00e0s necessidades de pessoas com TEA (transtorno do espectro autista).<\/p>\n<p data-start=\"1028\" data-end=\"1425\">Os n\u00fameros ajudam a dimensionar o impacto. Desde janeiro de 2024, o posto responde por cerca de 20% das CIN (Carteiras de Identidade Nacional) emitidas com o s\u00edmbolo do TEA em Mato Grosso do Sul. Em termos absolutos, s\u00e3o 1.098 documentos emitidos at\u00e9 o fim de mar\u00e7o deste ano \u2014 um indicativo de que a iniciativa deixou de ser pontual para se tornar parte estruturante da rotina do servi\u00e7o p\u00fablico.<\/p>\n<p data-start=\"1427\" data-end=\"1867\">Vinculada ao Instituto de Identifica\u00e7\u00e3o, que integra a Pol\u00edcia Cient\u00edfica de Mato Grosso do Sul, a unidade tamb\u00e9m lidera em volume geral de emiss\u00f5es. Com mais de 134 mil documentos expedidos desde a implanta\u00e7\u00e3o da nova CIN, o posto responde por quase um quinto de toda a produ\u00e7\u00e3o estadual. A alta demanda, cerca de 500 atendimentos di\u00e1rios, evidencia o desafio: garantir efici\u00eancia sem abrir m\u00e3o da qualidade e da equidade no atendimento.<\/p>\n<p data-start=\"1869\" data-end=\"2371\">\u00c9 nesse contexto que a sala adaptada ganha relev\u00e2ncia. Criada a partir da observa\u00e7\u00e3o pr\u00e1tica de entraves recorrentes \u2014 como sobrecarga sensorial, dificuldade de perman\u00eancia e interrup\u00e7\u00f5es no processo de coleta biom\u00e9trica \u2014, o espa\u00e7o foi pensado para reduzir est\u00edmulos e tornar o ambiente mais previs\u00edvel. Com isolamento ac\u00fastico, recursos t\u00e1teis e elementos de conforto, a estrutura atua como um mediador entre o usu\u00e1rio e o servi\u00e7o, permitindo que o atendimento seja conclu\u00eddo com maior tranquilidade.<\/p>\n<p data-start=\"2373\" data-end=\"2739\">A iniciativa, viabilizada por meio de contrato de gest\u00e3o com a Sejusp (Secretaria de Estado de Justi\u00e7a e Seguran\u00e7a P\u00fablica) de Mato Grosso do Sul, contou com investimento de R$ 82 mil. Mais do que a adequa\u00e7\u00e3o f\u00edsica, o projeto incluiu capacita\u00e7\u00e3o de equipes, sinalizando uma mudan\u00e7a de cultura institucional \u2014 aspecto central quando se trata de pol\u00edticas p\u00fablicas inclusivas.<\/p>\n<p data-start=\"2741\" data-end=\"3060\">Na pr\u00e1tica, os efeitos j\u00e1 s\u00e3o percept\u00edveis. Casos que antes resultavam em remarca\u00e7\u00f5es ou atendimentos domiciliares tornaram-se exce\u00e7\u00e3o. O ambiente controlado, aliado ao preparo dos servidores, contribui para reduzir a ansiedade e garantir a finaliza\u00e7\u00e3o do processo \u2014 etapa essencial para o exerc\u00edcio pleno da cidadania.<\/p>\n<p data-start=\"2741\" data-end=\"3060\">\n<p data-start=\"3062\" data-end=\"3581\">Sob a perspectiva da gest\u00e3o p\u00fablica, o \u201cPosto Amigo do Autista\u201d representa mais do que uma inova\u00e7\u00e3o pontual. Trata-se de uma a\u00e7\u00e3o alinhada a princ\u00edpios de compliance social e de respeito aos direitos fundamentais, ao assegurar que o acesso a um documento b\u00e1sico n\u00e3o seja inviabilizado por barreiras sensoriais ou estruturais. Ao mesmo tempo, fortalece a atua\u00e7\u00e3o do Instituto de Identifica\u00e7\u00e3o e da Pol\u00edcia Cient\u00edfica, ampliando sua fun\u00e7\u00e3o para al\u00e9m da emiss\u00e3o documental, como agentes de inclus\u00e3o e garantia de direitos.<\/p>\n<p data-start=\"3583\" data-end=\"3865\">O avan\u00e7o tamb\u00e9m dialoga com uma tend\u00eancia mais ampla: a personaliza\u00e7\u00e3o do atendimento no servi\u00e7o p\u00fablico. Ao reconhecer que igualdade n\u00e3o significa uniformidade, iniciativas como essa apontam para um modelo mais responsivo, capaz de adaptar-se \u00e0s diferentes realidades dos cidad\u00e3os.<\/p>\n<p data-start=\"3867\" data-end=\"4208\">Em Mato Grosso do Sul, onde mais de 13 mil documentos j\u00e1 foram emitidos com algum tipo de identifica\u00e7\u00e3o de defici\u00eancia, sendo o TEA a condi\u00e7\u00e3o mais frequente, a experi\u00eancia do P\u00e1tio Central sugere um caminho poss\u00edvel: investir em estrutura, capacita\u00e7\u00e3o e escuta ativa para transformar o atendimento em um instrumento efetivo de cidadania.<\/p>\n<p data-start=\"4210\" data-end=\"4488\">No fim das contas, a emiss\u00e3o de um documento pode parecer um ato burocr\u00e1tico. Mas, para muitas fam\u00edlias, ela representa pertencimento, reconhecimento e acesso a direitos. E \u00e9 justamente nesse ponto que iniciativas como o \u201cPosto Amigo do Autista\u201d revelam sua verdadeira dimens\u00e3o.<\/p>\n<figure class=\"wp-block-image size-large\"><\/figure>\n<figure class=\"wp-block-image size-large\"><\/figure>\n<figure class=\"wp-block-gallery has-nested-images columns-default is-cropped wp-block-gallery-1 is-layout-flex wp-block-gallery-is-layout-flex\">&#13;<\/p>\n<figure class=\"wp-block-image size-large\"><\/figure>\n<p>&#13;<br \/>\n&#13;<br \/>\n&#13;<br \/>\n&#13;<\/p>\n<figure class=\"wp-block-image size-large\"><\/figure>\n<p>&#13;<br \/>\n<\/figure>\n<p><em>Maria Ester Rossoni, Comunica\u00e7\u00e3o PCi-MS<\/em><\/p>\n<\/div>\n","protected":false},"excerpt":{"rendered":"<p>No cora\u00e7\u00e3o de Campo Grande, o posto de identifica\u00e7\u00e3o instalado no P\u00e1tio Central \u2014 o mais movimentado do Estado \u2014 vem se consolidando como um modelo de pol\u00edtica p\u00fablica voltada \u00e0 cidadania e \u00e0 inclus\u00e3o. Ao completar um ano da sala \u201cPosto Amigo do Autista\u201d, a unidade n\u00e3o apenas amplia o acesso \u00e0 documenta\u00e7\u00e3o civil, [&hellip;]<\/p>\n","protected":false},"author":1,"featured_media":0,"comment_status":"","ping_status":"","sticky":false,"template":"","format":"standard","meta":{"footnotes":""},"categories":[],"tags":[],"class_list":["post-48357","post","type-post","status-publish","format-standard","hentry"],"amp_enabled":true,"_links":{"self":[{"href":"https:\/\/novasdodia.com.br\/index.php\/wp-json\/wp\/v2\/posts\/48357","targetHints":{"allow":["GET"]}}],"collection":[{"href":"https:\/\/novasdodia.com.br\/index.php\/wp-json\/wp\/v2\/posts"}],"about":[{"href":"https:\/\/novasdodia.com.br\/index.php\/wp-json\/wp\/v2\/types\/post"}],"author":[{"embeddable":true,"href":"https:\/\/novasdodia.com.br\/index.php\/wp-json\/wp\/v2\/users\/1"}],"replies":[{"embeddable":true,"href":"https:\/\/novasdodia.com.br\/index.php\/wp-json\/wp\/v2\/comments?post=48357"}],"version-history":[{"count":0,"href":"https:\/\/novasdodia.com.br\/index.php\/wp-json\/wp\/v2\/posts\/48357\/revisions"}],"wp:attachment":[{"href":"https:\/\/novasdodia.com.br\/index.php\/wp-json\/wp\/v2\/media?parent=48357"}],"wp:term":[{"taxonomy":"category","embeddable":true,"href":"https:\/\/novasdodia.com.br\/index.php\/wp-json\/wp\/v2\/categories?post=48357"},{"taxonomy":"post_tag","embeddable":true,"href":"https:\/\/novasdodia.com.br\/index.php\/wp-json\/wp\/v2\/tags?post=48357"}],"curies":[{"name":"wp","href":"https:\/\/api.w.org\/{rel}","templated":true}]}}