{"id":49058,"date":"2026-04-22T12:50:36","date_gmt":"2026-04-22T15:50:36","guid":{"rendered":"https:\/\/novasdodia.com.br\/index.php\/2026\/04\/22\/com-baixa-vacinacao-e-casos-em-alta-capital-tera-novo-dia-d-contra-gripe-cgnoticias\/"},"modified":"2026-04-22T12:50:36","modified_gmt":"2026-04-22T15:50:36","slug":"com-baixa-vacinacao-e-casos-em-alta-capital-tera-novo-dia-d-contra-gripe-cgnoticias","status":"publish","type":"post","link":"https:\/\/novasdodia.com.br\/index.php\/2026\/04\/22\/com-baixa-vacinacao-e-casos-em-alta-capital-tera-novo-dia-d-contra-gripe-cgnoticias\/","title":{"rendered":"Com baixa vacina\u00e7\u00e3o e casos em alta, Capital ter\u00e1 novo Dia D contra gripe \u2013 CGNot\u00edcias"},"content":{"rendered":"<p><\/p>\n<div>\n<p>Campo Grande j\u00e1 registra, em 2026, 287 casos de S\u00edndrome Respirat\u00f3ria Aguda Grave (SRAG), sendo 40 confirma\u00e7\u00f5es por Influenza e 5 mortes, conforme dados da Coordenadoria de Informa\u00e7\u00f5es Estrat\u00e9gicas em Vigil\u00e2ncia em Sa\u00fade (CIEVS-CG). O cen\u00e1rio acende um alerta: a cobertura vacinal entre os p\u00fablicos priorit\u00e1rios est\u00e1 em apenas 18%, \u00edndice considerado muito abaixo do esperado.<\/p>\n<p>Diante da baixa ades\u00e3o, a Secretaria Municipal de Sa\u00fade (Sesau) intensifica as estrat\u00e9gias para ampliar a prote\u00e7\u00e3o da popula\u00e7\u00e3o e realiza, neste s\u00e1bado (25), um novo Dia D de vacina\u00e7\u00e3o contra a gripe em Campo Grande \u2014 refor\u00e7ando a mobiliza\u00e7\u00e3o j\u00e1 realizada anteriormente, no dia 28 de mar\u00e7o, no in\u00edcio da campanha.<\/p>\n<p>A vacina\u00e7\u00e3o come\u00e7ou em 26 de mar\u00e7o, mas a procura segue aqu\u00e9m do necess\u00e1rio. Paralelamente, tem sido observado aumento na demanda por atendimentos nas unidades de urg\u00eancia e emerg\u00eancia, impulsionado pela maior circula\u00e7\u00e3o de v\u00edrus respirat\u00f3rios, o que pode gerar momentos de superlota\u00e7\u00e3o e impactar no tempo de espera.<\/p>\n<p>\u201cIsso \u00e9 extremamente preocupante, considerando que ainda podemos ter per\u00edodos de queda de temperatura, o que tende a agravar o cen\u00e1rio das s\u00edndromes respirat\u00f3rias na Capital\u201d, alerta a superintendente de Vigil\u00e2ncia em Sa\u00fade da Sesau, Veruska Lahdo.<\/p>\n<p>A orienta\u00e7\u00e3o \u00e9 clara: os p\u00fablicos priorit\u00e1rios devem buscar a vacina\u00e7\u00e3o o quanto antes, principalmente aqueles mais vulner\u00e1veis \u00e0s complica\u00e7\u00f5es da doen\u00e7a, como idosos, crian\u00e7as pequenas, gestantes e pessoas com comorbidades.<\/p>\n<hr class=\"wp-block-separator has-alpha-channel-opacity\"\/>\n<p><strong>Grupos priorit\u00e1rios<\/strong><\/p>\n<p>\u2022 Crian\u00e7as de 6 meses a menores de 6 anos<br \/>\u2022 Idosos<br \/>\u2022 Gestantes e pu\u00e9rperas (at\u00e9 45 dias ap\u00f3s o parto)<br \/>\u2022 Profissionais da sa\u00fade<br \/>\u2022 Trabalhadores da educa\u00e7\u00e3o<br \/>\u2022 For\u00e7as de seguran\u00e7a e salvamento<br \/>\u2022 Ind\u00edgenas e quilombolas<br \/>\u2022 Pessoas com comorbidades<br \/>\u2022 Trabalhadores dos Correios<br \/>\u2022 Caminhoneiros<br \/>\u2022 Trabalhadores do transporte coletivo rodovi\u00e1rio<\/p>\n<hr class=\"wp-block-separator has-alpha-channel-opacity\"\/>\n<p><strong>Novo Dia D refor\u00e7a mobiliza\u00e7\u00e3o<\/strong><\/p>\n<p>Para ampliar a cobertura vacinal, a Sesau abre 27 unidades de sa\u00fade neste s\u00e1bado, das 7h30 \u00e0s 16h45, al\u00e9m de um ponto estrat\u00e9gico na regi\u00e3o central, na Pra\u00e7a Ary Coelho, das 8h \u00e0s 16h.<\/p>\n<p>Para garantir o acesso da popula\u00e7\u00e3o, a vacina\u00e7\u00e3o estar\u00e1 dispon\u00edvel em unidades distribu\u00eddas por todas as regi\u00f5es da cidade. No Distrito Segredo, estar\u00e3o abertas as USFs Paradiso, Nova Lima e Vida Nova. No Imbirussu, participam as USFs Aero It\u00e1lia, Silvia Regina, Serradinho, Z\u00e9 Pereira e Albino Coimbra. J\u00e1 no Bandeira, a vacina\u00e7\u00e3o ocorre nas USFs Universit\u00e1rio, Mape, Tiradentes e Cristo Redentor. <\/p>\n<p>No Distrito Lagoa, estar\u00e3o abertas as unidades Cai\u00e7ara, Ant\u00e1rtica, Vila Fernanda, Tarum\u00e3 e Santa Em\u00edlia. Na regi\u00e3o Prosa\/Centro, a popula\u00e7\u00e3o poder\u00e1 procurar as USFs Noroeste, Nova Bahia e 26 de Agosto. E, no Anhanduizinho, participam as unidades Alves Pereira, Dona Neta, Anhandu\u00ed, Dom Ant\u00f4nio, Paulo Coelho e Los Angeles.<\/p>\n<p>A iniciativa refor\u00e7a a necessidade de aumentar a ades\u00e3o da popula\u00e7\u00e3o, especialmente ap\u00f3s a mobiliza\u00e7\u00e3o inicial realizada em mar\u00e7o.<\/p>\n<p>\u201cNo ano passado, a cobertura ficou bem abaixo do esperado, atingindo apenas 59%. Esse cen\u00e1rio nos preocupa e \u00e9 justamente por isso que refor\u00e7amos o chamamento \u00e0 popula\u00e7\u00e3o com mais um Dia D, ampliando o acesso \u00e0 vacina para quem mais precisa\u201d, destaca a superintendente.<\/p>\n<p>A Sesau refor\u00e7a que a vacina\u00e7\u00e3o segue dispon\u00edvel durante a semana nas 74 Unidades de Sa\u00fade da Fam\u00edlia (USFs) e que o engajamento da popula\u00e7\u00e3o \u00e9 fundamental para reduzir os casos graves e evitar novas mortes por influenza.<\/p>\n<figure class=\"wp-block-image aligncenter size-large\"><\/figure>\n<\/div>\n<p><script async defer async defer src=\"https:\/\/connect.facebook.net\/en_US\/sdk.js?ver=1#xfbml=1&amp;version=v3.2\" id=\"prefeitura-campogrande-script-facebook-sdk-js\"><\/script><\/p>\n","protected":false},"excerpt":{"rendered":"<p>Campo Grande j\u00e1 registra, em 2026, 287 casos de S\u00edndrome Respirat\u00f3ria Aguda Grave (SRAG), sendo 40 confirma\u00e7\u00f5es por Influenza e 5 mortes, conforme dados da Coordenadoria de Informa\u00e7\u00f5es Estrat\u00e9gicas em Vigil\u00e2ncia em Sa\u00fade (CIEVS-CG). O cen\u00e1rio acende um alerta: a cobertura vacinal entre os p\u00fablicos priorit\u00e1rios est\u00e1 em apenas 18%, \u00edndice considerado muito abaixo do [&hellip;]<\/p>\n","protected":false},"author":1,"featured_media":0,"comment_status":"","ping_status":"","sticky":false,"template":"","format":"standard","meta":{"footnotes":""},"categories":[],"tags":[],"class_list":["post-49058","post","type-post","status-publish","format-standard","hentry"],"amp_enabled":true,"_links":{"self":[{"href":"https:\/\/novasdodia.com.br\/index.php\/wp-json\/wp\/v2\/posts\/49058","targetHints":{"allow":["GET"]}}],"collection":[{"href":"https:\/\/novasdodia.com.br\/index.php\/wp-json\/wp\/v2\/posts"}],"about":[{"href":"https:\/\/novasdodia.com.br\/index.php\/wp-json\/wp\/v2\/types\/post"}],"author":[{"embeddable":true,"href":"https:\/\/novasdodia.com.br\/index.php\/wp-json\/wp\/v2\/users\/1"}],"replies":[{"embeddable":true,"href":"https:\/\/novasdodia.com.br\/index.php\/wp-json\/wp\/v2\/comments?post=49058"}],"version-history":[{"count":0,"href":"https:\/\/novasdodia.com.br\/index.php\/wp-json\/wp\/v2\/posts\/49058\/revisions"}],"wp:attachment":[{"href":"https:\/\/novasdodia.com.br\/index.php\/wp-json\/wp\/v2\/media?parent=49058"}],"wp:term":[{"taxonomy":"category","embeddable":true,"href":"https:\/\/novasdodia.com.br\/index.php\/wp-json\/wp\/v2\/categories?post=49058"},{"taxonomy":"post_tag","embeddable":true,"href":"https:\/\/novasdodia.com.br\/index.php\/wp-json\/wp\/v2\/tags?post=49058"}],"curies":[{"name":"wp","href":"https:\/\/api.w.org\/{rel}","templated":true}]}}