{"id":49067,"date":"2026-04-22T15:44:39","date_gmt":"2026-04-22T18:44:39","guid":{"rendered":"https:\/\/novasdodia.com.br\/index.php\/2026\/04\/22\/secretaria-de-educacao-realiza-formacao-sobre-enfrentamento-ao-trabalho-infantil\/"},"modified":"2026-04-22T15:44:39","modified_gmt":"2026-04-22T18:44:39","slug":"secretaria-de-educacao-realiza-formacao-sobre-enfrentamento-ao-trabalho-infantil","status":"publish","type":"post","link":"https:\/\/novasdodia.com.br\/index.php\/2026\/04\/22\/secretaria-de-educacao-realiza-formacao-sobre-enfrentamento-ao-trabalho-infantil\/","title":{"rendered":"Secretaria de Educa\u00e7\u00e3o realiza forma\u00e7\u00e3o sobre enfrentamento ao trabalho infantil"},"content":{"rendered":"<p><\/p>\n<div>\n<p>A Secretaria de Educa\u00e7\u00e3o e Cultura de Jo\u00e3o Pessoa (Sedec-JP), por meio da Diretoria de Ensino, Gest\u00e3o e Escola de Forma\u00e7\u00e3o (Degef), realizou nesta quarta-feira (22), no audit\u00f3rio do Centro Administrativo Municipal, um evento de retomada das a\u00e7\u00f5es de enfrentamento ao trabalho infantil na Rede Municipal de Ensino.<\/p>\n<figure class=\"wp-block-gallery has-nested-images columns-default is-cropped wp-block-gallery-1 is-layout-flex wp-block-gallery-is-layout-flex\">\n<figure class=\"wp-block-image size-large\"><\/figure>\n<figure class=\"wp-block-image size-large\"><\/figure>\n<\/figure>\n<p>A abertura contou com a presen\u00e7a da secret\u00e1ria de Educa\u00e7\u00e3o, Am\u00e9rica Castro. \u201cEsta secretaria s\u00f3 serve se for para servir. Nosso papel \u00e9 apoiar voc\u00eas para garantir que cada crian\u00e7a esteja na escola, protegida e com seus direitos garantidos. Conto com o zelo e a parceria de cada um e de cada uma para que nossas crian\u00e7as tenham um futuro de dignidade e estudo, longe da explora\u00e7\u00e3o. O nosso querer fazer e a vontade de trazer mudan\u00e7a para essa meninada s\u00e3o maiores que qualquer cansa\u00e7o\u201d, destacou Am\u00e9rica Castro.<\/p>\n<figure class=\"wp-block-gallery has-nested-images columns-default is-cropped wp-block-gallery-2 is-layout-flex wp-block-gallery-is-layout-flex\">\n<figure class=\"wp-block-image size-large\"><\/figure>\n<figure class=\"wp-block-image size-large\"><\/figure>\n<figure class=\"wp-block-image size-large\"><\/figure>\n<\/figure>\n<p>A iniciativa \u00e9 coordenada pelo Departamento de Programas Integradores (DPI) e marca o fortalecimento do compromisso da gest\u00e3o municipal com a prote\u00e7\u00e3o dos direitos de crian\u00e7as e adolescentes.<\/p>\n<p>\u201cO encontro de hoje vem fortalecer o trabalho nas unidades escolares e refor\u00e7ar os crit\u00e9rios do edital do \u2018MPT na Escola\u2019 junto aos profissionais que desenvolvem esse trabalho com as crian\u00e7as, adolescentes, familiares, professores e funcion\u00e1rios na perspectiva de recha\u00e7ar todo e qualquer trabalho infantil\u201d, explicou a diretora do DPI, Alcilene Andrade<\/p>\n<p>O encontro re\u00fane assistentes sociais e psic\u00f3logos das unidades escolares com o objetivo de alinhar estrat\u00e9gias e ampliar a\u00e7\u00f5es educativas voltadas \u00e0 identifica\u00e7\u00e3o, preven\u00e7\u00e3o e combate ao trabalho infantil.<\/p>\n<p>Durante o evento foram discutidas pr\u00e1ticas que incentivem a conscientiza\u00e7\u00e3o sobre os impactos negativos do trabalho precoce no desenvolvimento integral das crian\u00e7as, refor\u00e7ando o papel da escola como espa\u00e7o de acolhimento, orienta\u00e7\u00e3o e transforma\u00e7\u00e3o social.<\/p>\n<p>A proposta \u00e9 garantir n\u00e3o apenas o acesso, mas tamb\u00e9m a perman\u00eancia e o sucesso escolar dos estudantes da Rede Municipal de Ensino.<\/p>\n<p>\u201cA forma\u00e7\u00e3o sobre as a\u00e7\u00f5es de enfrentamento do trabalho infantil \u00e9 de grande import\u00e2ncia para a atua\u00e7\u00e3o de psic\u00f3logas escolares e assistentes sociais para nos instrumentalizar nas nossas a\u00e7\u00f5es, mediando o desenvolvimento infantil e o direito de aprendizagem dos alunos. Assim como ampliar a discuss\u00e3o com os professores e a toda a comunidade escolar sobre esta tem\u00e1tica\u201d, falou Indira Caldas Cunha de Oliveira, psic\u00f3loga da Escola Municipal Presidente Jo\u00e3o Pessoa.<\/p>\n<p><strong>Pr\u00eamio \u2018MPT na Escola 2026\u2019 \u2013<\/strong> Na ocasi\u00e3o, tamb\u00e9m foi lan\u00e7ado o edital do Pr\u00eamio \u2018MPT na Escola 2026\u2019, iniciativa do Minist\u00e9rio P\u00fablico do Trabalho que estimula a reflex\u00e3o cr\u00edtica sobre o tema por meio de produ\u00e7\u00f5es liter\u00e1rias, art\u00edsticas e culturais.<\/p>\n<p>O concurso \u00e9 direcionado a estudantes do 4\u00ba ao 9\u00ba ano e busca engajar a comunidade escolar na discuss\u00e3o e enfrentamento do trabalho infantil.<\/p>\n<h2 class=\"wp-block-heading\"\/>\n                        <\/div>\n","protected":false},"excerpt":{"rendered":"<p>A Secretaria de Educa\u00e7\u00e3o e Cultura de Jo\u00e3o Pessoa (Sedec-JP), por meio da Diretoria de Ensino, Gest\u00e3o e Escola de Forma\u00e7\u00e3o (Degef), realizou nesta quarta-feira (22), no audit\u00f3rio do Centro Administrativo Municipal, um evento de retomada das a\u00e7\u00f5es de enfrentamento ao trabalho infantil na Rede Municipal de Ensino. A abertura contou com a presen\u00e7a da [&hellip;]<\/p>\n","protected":false},"author":1,"featured_media":0,"comment_status":"","ping_status":"","sticky":false,"template":"","format":"standard","meta":{"footnotes":""},"categories":[1],"tags":[],"class_list":["post-49067","post","type-post","status-publish","format-standard","hentry","category-noticias"],"amp_enabled":true,"_links":{"self":[{"href":"https:\/\/novasdodia.com.br\/index.php\/wp-json\/wp\/v2\/posts\/49067","targetHints":{"allow":["GET"]}}],"collection":[{"href":"https:\/\/novasdodia.com.br\/index.php\/wp-json\/wp\/v2\/posts"}],"about":[{"href":"https:\/\/novasdodia.com.br\/index.php\/wp-json\/wp\/v2\/types\/post"}],"author":[{"embeddable":true,"href":"https:\/\/novasdodia.com.br\/index.php\/wp-json\/wp\/v2\/users\/1"}],"replies":[{"embeddable":true,"href":"https:\/\/novasdodia.com.br\/index.php\/wp-json\/wp\/v2\/comments?post=49067"}],"version-history":[{"count":0,"href":"https:\/\/novasdodia.com.br\/index.php\/wp-json\/wp\/v2\/posts\/49067\/revisions"}],"wp:attachment":[{"href":"https:\/\/novasdodia.com.br\/index.php\/wp-json\/wp\/v2\/media?parent=49067"}],"wp:term":[{"taxonomy":"category","embeddable":true,"href":"https:\/\/novasdodia.com.br\/index.php\/wp-json\/wp\/v2\/categories?post=49067"},{"taxonomy":"post_tag","embeddable":true,"href":"https:\/\/novasdodia.com.br\/index.php\/wp-json\/wp\/v2\/tags?post=49067"}],"curies":[{"name":"wp","href":"https:\/\/api.w.org\/{rel}","templated":true}]}}