{"id":49147,"date":"2026-04-24T10:20:36","date_gmt":"2026-04-24T13:20:36","guid":{"rendered":"https:\/\/novasdodia.com.br\/index.php\/2026\/04\/24\/governador-anuncia-promocoes-as-forcas-de-seguranca-de-ms-e-reforca-acoes-de-valorizacao-de-carreiras\/"},"modified":"2026-04-24T10:20:36","modified_gmt":"2026-04-24T13:20:36","slug":"governador-anuncia-promocoes-as-forcas-de-seguranca-de-ms-e-reforca-acoes-de-valorizacao-de-carreiras","status":"publish","type":"post","link":"https:\/\/novasdodia.com.br\/index.php\/2026\/04\/24\/governador-anuncia-promocoes-as-forcas-de-seguranca-de-ms-e-reforca-acoes-de-valorizacao-de-carreiras\/","title":{"rendered":"Governador anuncia promo\u00e7\u00f5es \u00e0s for\u00e7as de seguran\u00e7a de MS e refor\u00e7a a\u00e7\u00f5es de valoriza\u00e7\u00e3o de carreiras"},"content":{"rendered":"<p><\/p>\n<div>\n<p>O governador de Mato Grosso do Sul, Eduardo Riedel, aproveitou a solenidade de entrega da Medalha Tiradentes, mais alta comenda concedida a policias e autoridades (civis e militares) que contribuem para seguran\u00e7a p\u00fablica do Estado, para anunciar valoriza\u00e7\u00e3o efetiva dos militares estaduais, tanto da Pol\u00edcia Militar, quanto do Corpo de Bombeiros.<\/p>\n<p>\u201cEm maio agora come\u00e7am as promo\u00e7\u00f5es e estar\u00e3o finalizadas at\u00e9 o final de ano colocando em dia todas da Pol\u00edcia Militar, do Corpo de Bombeiros e das diversas carreiras aqui presentes, juntamente com a amplia\u00e7\u00e3o da demanda do curso de forma\u00e7\u00e3o de sargentos, o in\u00edcio do curso de habilita\u00e7\u00e3o de oficiais, do curso de superior e todas as a\u00e7\u00f5es que estavam previstas. Elas come\u00e7am agora no m\u00eas de maio para que a gente esteja em dia com a institui\u00e7\u00e3o e, acima de tudo, com a valoriza\u00e7\u00e3o daqueles que no dia a dia dedicam seu tempo e sua vida para garantir ao Mato Grosso do Sul esse momento que a gente vive\u201d, afirmou.<\/p>\n<p>Riedel destacou ainda uma s\u00e9rie de a\u00e7\u00f5es, como entrega de viaturas, armamentos, al\u00e9m de valoriza\u00e7\u00e3o das carreiras e refor\u00e7o em a\u00e7\u00f5es de intelig\u00eancia. Ressaltou que em Mato Grosso do Sul \u00e9 necess\u00e1ria forma\u00e7\u00e3o em curso superior para ingresso nas fileiras da Pol\u00edcia Militar, importante a\u00e7\u00e3o no refor\u00e7o e promo\u00e7\u00e3o da carreiras.<\/p>\n<p>\u201cSeguran\u00e7a p\u00fablica se faz com investimento, intelig\u00eancia, valoriza\u00e7\u00e3o desses profissionais. E \u00e9 o que a gente tem buscado no dia a dia de trabalho. As demandas no cotidiano do Estado s\u00e3o m\u00faltiplas e complexas, mas n\u00f3s temos que enfrentar uma equa\u00e7\u00e3o nada simples para garantir o equil\u00edbrio fiscal e de garantir o bem-estar das nossas pessoas, mas garantir tamb\u00e9m valoriza\u00e7\u00e3o a aqueles que doam o seu trabalho, o seu tempo e no caso da Pol\u00edcia Militar, a sua pr\u00f3pria vida muitas vezes para a sociedade sul-mato-grossense\u201d, finalizou.<\/p>\n<p>A solenidade de outorga da medalha aconteceu nessa quinta-feira (23), no Comando Geral da Pol\u00edcia Militar, em Campo Grande. Foram homenageados com a entrega das medalhas a 84 policiais militares e 50 autoridades civis e militares que prestaram relevantes servi\u00e7os \u00e0 corpora\u00e7\u00e3o e que se destacaram pelo valor pessoal, profissionalismo e contribui\u00e7\u00e3o decisiva no fortalecimento da institui\u00e7\u00e3o.<\/p>\n<p><em>Comunica\u00e7\u00e3o Governo de MS<\/em><br \/><em>Fotos: \u00c1lvaro Rezende\/Secom-MS<\/em><\/p>\n<p>\u00a0<\/p>\n<\/div>\n","protected":false},"excerpt":{"rendered":"<p>O governador de Mato Grosso do Sul, Eduardo Riedel, aproveitou a solenidade de entrega da Medalha Tiradentes, mais alta comenda concedida a policias e autoridades (civis e militares) que contribuem para seguran\u00e7a p\u00fablica do Estado, para anunciar valoriza\u00e7\u00e3o efetiva dos militares estaduais, tanto da Pol\u00edcia Militar, quanto do Corpo de Bombeiros. \u201cEm maio agora come\u00e7am [&hellip;]<\/p>\n","protected":false},"author":1,"featured_media":0,"comment_status":"","ping_status":"","sticky":false,"template":"","format":"standard","meta":{"footnotes":""},"categories":[],"tags":[],"class_list":["post-49147","post","type-post","status-publish","format-standard","hentry"],"amp_enabled":true,"_links":{"self":[{"href":"https:\/\/novasdodia.com.br\/index.php\/wp-json\/wp\/v2\/posts\/49147","targetHints":{"allow":["GET"]}}],"collection":[{"href":"https:\/\/novasdodia.com.br\/index.php\/wp-json\/wp\/v2\/posts"}],"about":[{"href":"https:\/\/novasdodia.com.br\/index.php\/wp-json\/wp\/v2\/types\/post"}],"author":[{"embeddable":true,"href":"https:\/\/novasdodia.com.br\/index.php\/wp-json\/wp\/v2\/users\/1"}],"replies":[{"embeddable":true,"href":"https:\/\/novasdodia.com.br\/index.php\/wp-json\/wp\/v2\/comments?post=49147"}],"version-history":[{"count":0,"href":"https:\/\/novasdodia.com.br\/index.php\/wp-json\/wp\/v2\/posts\/49147\/revisions"}],"wp:attachment":[{"href":"https:\/\/novasdodia.com.br\/index.php\/wp-json\/wp\/v2\/media?parent=49147"}],"wp:term":[{"taxonomy":"category","embeddable":true,"href":"https:\/\/novasdodia.com.br\/index.php\/wp-json\/wp\/v2\/categories?post=49147"},{"taxonomy":"post_tag","embeddable":true,"href":"https:\/\/novasdodia.com.br\/index.php\/wp-json\/wp\/v2\/tags?post=49147"}],"curies":[{"name":"wp","href":"https:\/\/api.w.org\/{rel}","templated":true}]}}