{"id":49181,"date":"2026-04-24T23:01:49","date_gmt":"2026-04-25T02:01:49","guid":{"rendered":"https:\/\/novasdodia.com.br\/index.php\/2026\/04\/24\/prefeitura-de-joao-pessoa-debate-assistencia-no-atendimento-as-pessoas-com-doencas-raras\/"},"modified":"2026-04-24T23:01:49","modified_gmt":"2026-04-25T02:01:49","slug":"prefeitura-de-joao-pessoa-debate-assistencia-no-atendimento-as-pessoas-com-doencas-raras","status":"publish","type":"post","link":"https:\/\/novasdodia.com.br\/index.php\/2026\/04\/24\/prefeitura-de-joao-pessoa-debate-assistencia-no-atendimento-as-pessoas-com-doencas-raras\/","title":{"rendered":"Prefeitura de Jo\u00e3o Pessoa debate assist\u00eancia no atendimento \u00e0s pessoas com doen\u00e7as raras"},"content":{"rendered":"<p><\/p>\n<div>\n<h5 class=\"text-primary\">Encontro nacional<\/h5>\n<p>                        <!-- Mostra o t&iacute;tulo como um link para o link permanente do post --><\/p>\n<h2 class=\"mb-3\">Prefeitura de Jo\u00e3o Pessoa debate assist\u00eancia no atendimento \u00e0s pessoas com doen\u00e7as raras<\/h2>\n<p class=\"text-secondary font-italic mb-3 p-0\">&#13;<br \/>\n                            <i class=\"fa fa-calendar\"\/> 24\/04\/2026 | &#13;<br \/>\n                            <i class=\"fa fa-clock-o\"\/> 20:30 |&#13;<br \/>\n                            <i class=\"fa fa-eye\"\/> 123                        <\/p>\n<p>                        <!-- Mostra o conte&uacute;do do post em uma DIV --><\/p>\n<div class=\"\">\n<p>As pol\u00edticas de assist\u00eancia social no atendimento \u00e0s pessoas com doen\u00e7as raras desenvolvidas pela Prefeitura de Jo\u00e3o Pessoa foram apresentadas, nesta sexta-feira (24), na 3\u00aa edi\u00e7\u00e3o do Congresso Nacional de Direitos Humanos em Doen\u00e7as Raras, promovido pela Associa\u00e7\u00e3o Paraibana de Doen\u00e7as Raras (Aspador). O evento ocorreu no audit\u00f3rio do Minist\u00e9rio P\u00fablico da Para\u00edba e contou, durante dois dias de encontro, com especialistas, institui\u00e7\u00f5es e representantes do poder p\u00fablico debatendo a\u00e7\u00f5es para fortalecer o atendimento \u00e0s pessoas com doen\u00e7as raras e suas fam\u00edlias.<\/p>\n<figure class=\"wp-block-gallery has-nested-images columns-default is-cropped wp-block-gallery-1 is-layout-flex wp-block-gallery-is-layout-flex\">\n<figure class=\"wp-block-image size-large\"><\/figure>\n<figure class=\"wp-block-image size-large\"><\/figure>\n<\/figure>\n<p>A secret\u00e1ria de Direitos Humanos e Cidadania de Jo\u00e3o Pessoa (Sedhuc), Benicleide Silvestre, enfatizou a import\u00e2ncia da integra\u00e7\u00e3o entre as pol\u00edticas p\u00fablicas e o cuidado com as fam\u00edlias em situa\u00e7\u00e3o de vulnerabilidade. \u201cTrouxemos a tem\u00e1tica da pol\u00edtica de assist\u00eancia social no atendimento aos pacientes raros e suas fam\u00edlias, destacando o papel do Sistema \u00danico de Assist\u00eancia Social no Munic\u00edpio e os benef\u00edcios ofertados nos territ\u00f3rios, por meio dos Cras e Creas. Tamb\u00e9m apresentamos a\u00e7\u00f5es como cesta b\u00e1sica, aux\u00edlio moradia, aux\u00edlio natalidade e o Benef\u00edcio de Presta\u00e7\u00e3o Continuada (BPC), que ainda \u00e9 pouco conhecido por muitas pessoas\u201d, explicou.<\/p>\n<p>O Congresso Nacional de Direitos Humanos em Doen\u00e7as Raras reuniu autoridades e convidados em um espa\u00e7o de di\u00e1logo e constru\u00e7\u00e3o coletiva voltado \u00e0 dignidade humana. A participa\u00e7\u00e3o da Prefeitura refor\u00e7a o compromisso da gest\u00e3o municipal com a inclus\u00e3o e o fortalecimento das pol\u00edticas p\u00fablicas, al\u00e9m de evidenciar a import\u00e2ncia da articula\u00e7\u00e3o com institui\u00e7\u00f5es da sociedade civil, como a Aspador.<\/p>\n<\/p><\/div>\n<\/p><\/div>\n","protected":false},"excerpt":{"rendered":"<p>Encontro nacional Prefeitura de Jo\u00e3o Pessoa debate assist\u00eancia no atendimento \u00e0s pessoas com doen\u00e7as raras &#13; 24\/04\/2026 | &#13; 20:30 |&#13; 123 As pol\u00edticas de assist\u00eancia social no atendimento \u00e0s pessoas com doen\u00e7as raras desenvolvidas pela Prefeitura de Jo\u00e3o Pessoa foram apresentadas, nesta sexta-feira (24), na 3\u00aa edi\u00e7\u00e3o do Congresso Nacional de Direitos Humanos em [&hellip;]<\/p>\n","protected":false},"author":1,"featured_media":0,"comment_status":"","ping_status":"","sticky":false,"template":"","format":"standard","meta":{"footnotes":""},"categories":[1],"tags":[],"class_list":["post-49181","post","type-post","status-publish","format-standard","hentry","category-noticias"],"amp_enabled":true,"_links":{"self":[{"href":"https:\/\/novasdodia.com.br\/index.php\/wp-json\/wp\/v2\/posts\/49181","targetHints":{"allow":["GET"]}}],"collection":[{"href":"https:\/\/novasdodia.com.br\/index.php\/wp-json\/wp\/v2\/posts"}],"about":[{"href":"https:\/\/novasdodia.com.br\/index.php\/wp-json\/wp\/v2\/types\/post"}],"author":[{"embeddable":true,"href":"https:\/\/novasdodia.com.br\/index.php\/wp-json\/wp\/v2\/users\/1"}],"replies":[{"embeddable":true,"href":"https:\/\/novasdodia.com.br\/index.php\/wp-json\/wp\/v2\/comments?post=49181"}],"version-history":[{"count":0,"href":"https:\/\/novasdodia.com.br\/index.php\/wp-json\/wp\/v2\/posts\/49181\/revisions"}],"wp:attachment":[{"href":"https:\/\/novasdodia.com.br\/index.php\/wp-json\/wp\/v2\/media?parent=49181"}],"wp:term":[{"taxonomy":"category","embeddable":true,"href":"https:\/\/novasdodia.com.br\/index.php\/wp-json\/wp\/v2\/categories?post=49181"},{"taxonomy":"post_tag","embeddable":true,"href":"https:\/\/novasdodia.com.br\/index.php\/wp-json\/wp\/v2\/tags?post=49181"}],"curies":[{"name":"wp","href":"https:\/\/api.w.org\/{rel}","templated":true}]}}