{"id":49182,"date":"2026-04-24T23:43:43","date_gmt":"2026-04-25T02:43:43","guid":{"rendered":"https:\/\/novasdodia.com.br\/index.php\/2026\/04\/24\/campus-braganca-abre-inscricoes-para-especializacao-gratuita-em-gestao-estrategica-de-ti-ifsp\/"},"modified":"2026-04-24T23:43:43","modified_gmt":"2026-04-25T02:43:43","slug":"campus-braganca-abre-inscricoes-para-especializacao-gratuita-em-gestao-estrategica-de-ti-ifsp","status":"publish","type":"post","link":"https:\/\/novasdodia.com.br\/index.php\/2026\/04\/24\/campus-braganca-abre-inscricoes-para-especializacao-gratuita-em-gestao-estrategica-de-ti-ifsp\/","title":{"rendered":"Campus Bragan\u00e7a abre inscri\u00e7\u00f5es para especializa\u00e7\u00e3o gratuita em Gest\u00e3o Estrat\u00e9gica de TI &#8211; IFSP"},"content":{"rendered":"<p><\/p>\n<div>\n<div class=\"subtitle\">\n<p class=\"isSelectedEnd\">Curso ofertado pelo Campus Bragan\u00e7a Paulista ter\u00e1 in\u00edcio no segundo semestre de 2026 e inscri\u00e7\u00f5es seguem at\u00e9 12 de junho<\/p>\n<\/div>\n<p><!-- fim .content-header-options-1 --><\/p>\n<p class=\"isSelectedEnd\">O Instituto Federal de S\u00e3o Paulo (IFSP) est\u00e1 com inscri\u00e7\u00f5es abertas para o curso de p\u00f3s-gradua\u00e7\u00e3o lato sensu em Gest\u00e3o Estrat\u00e9gica de Tecnologia da Informa\u00e7\u00e3o, ofertado pelo Campus Bragan\u00e7a Paulista. Ao todo, s\u00e3o disponibilizadas 20 vagas para ingresso no segundo semestre de 2026, conforme previsto no edital publicado pela institui\u00e7\u00e3o .<\/p>\n<p class=\"isSelectedEnd\">A especializa\u00e7\u00e3o \u00e9 gratuita, sem cobran\u00e7a de taxa de inscri\u00e7\u00e3o, matr\u00edcula ou mensalidades, e ser\u00e1 realizada presencialmente no per\u00edodo noturno, com aulas \u00e0s ter\u00e7as-feiras e quintas-feiras, das 19h \u00e0s 22h35. O curso possui carga hor\u00e1ria total de 420 horas, incluindo a elabora\u00e7\u00e3o do Trabalho de Conclus\u00e3o de Curso (TCC), com prazo m\u00e1ximo de integraliza\u00e7\u00e3o de at\u00e9 30 meses .<\/p>\n<p class=\"isSelectedEnd\">Podem se candidatar profissionais com diploma de gradua\u00e7\u00e3o reconhecido pelo Minist\u00e9rio da Educa\u00e7\u00e3o nas \u00e1reas de Gest\u00e3o e Neg\u00f3cios ou Informa\u00e7\u00e3o e Comunica\u00e7\u00e3o, al\u00e9m de candidatos com p\u00f3s-gradua\u00e7\u00e3o na \u00e1rea de Tecnologia da Informa\u00e7\u00e3o. O processo seletivo ser\u00e1 composto por etapa \u00fanica de an\u00e1lise de curr\u00edculo, com car\u00e1ter eliminat\u00f3rio e classificat\u00f3rio .<\/p>\n<p class=\"isSelectedEnd\">As inscri\u00e7\u00f5es devem ser realizadas exclusivamente de forma online, entre os dias 22 de abril de 2026 e 12 de junho de 2026. Os candidatos dever\u00e3o preencher formul\u00e1rio eletr\u00f4nico e anexar a documenta\u00e7\u00e3o exigida em formato digital .<\/p>\n<p class=\"isSelectedEnd\">O edital tamb\u00e9m prev\u00ea a reserva de vagas para a\u00e7\u00f5es afirmativas, contemplando candidatos autodeclarados negros, ind\u00edgenas, quilombolas e pessoas com defici\u00eancia, conforme a legisla\u00e7\u00e3o vigente. A distribui\u00e7\u00e3o das vagas considera crit\u00e9rios de inclus\u00e3o e equidade no acesso \u00e0 educa\u00e7\u00e3o p\u00fablica .<\/p>\n<p class=\"isSelectedEnd\">O resultado final do processo seletivo est\u00e1 previsto para ser divulgado em 7 de julho de 2026, uma ter\u00e7a-feira, e as aulas t\u00eam in\u00edcio programado para o dia 4 de agosto de 2026 .<\/p>\n<p>Mais informa\u00e7\u00f5es e o edital completo est\u00e3o dispon\u00edveis no site oficial do Campus Bragan\u00e7a.<\/p>\n<\/div>\n","protected":false},"excerpt":{"rendered":"<p>Curso ofertado pelo Campus Bragan\u00e7a Paulista ter\u00e1 in\u00edcio no segundo semestre de 2026 e inscri\u00e7\u00f5es seguem at\u00e9 12 de junho O Instituto Federal de S\u00e3o Paulo (IFSP) est\u00e1 com inscri\u00e7\u00f5es abertas para o curso de p\u00f3s-gradua\u00e7\u00e3o lato sensu em Gest\u00e3o Estrat\u00e9gica de Tecnologia da Informa\u00e7\u00e3o, ofertado pelo Campus Bragan\u00e7a Paulista. Ao todo, s\u00e3o disponibilizadas 20 [&hellip;]<\/p>\n","protected":false},"author":1,"featured_media":0,"comment_status":"","ping_status":"","sticky":false,"template":"","format":"standard","meta":{"footnotes":""},"categories":[1],"tags":[],"class_list":["post-49182","post","type-post","status-publish","format-standard","hentry","category-noticias"],"amp_enabled":true,"_links":{"self":[{"href":"https:\/\/novasdodia.com.br\/index.php\/wp-json\/wp\/v2\/posts\/49182","targetHints":{"allow":["GET"]}}],"collection":[{"href":"https:\/\/novasdodia.com.br\/index.php\/wp-json\/wp\/v2\/posts"}],"about":[{"href":"https:\/\/novasdodia.com.br\/index.php\/wp-json\/wp\/v2\/types\/post"}],"author":[{"embeddable":true,"href":"https:\/\/novasdodia.com.br\/index.php\/wp-json\/wp\/v2\/users\/1"}],"replies":[{"embeddable":true,"href":"https:\/\/novasdodia.com.br\/index.php\/wp-json\/wp\/v2\/comments?post=49182"}],"version-history":[{"count":0,"href":"https:\/\/novasdodia.com.br\/index.php\/wp-json\/wp\/v2\/posts\/49182\/revisions"}],"wp:attachment":[{"href":"https:\/\/novasdodia.com.br\/index.php\/wp-json\/wp\/v2\/media?parent=49182"}],"wp:term":[{"taxonomy":"category","embeddable":true,"href":"https:\/\/novasdodia.com.br\/index.php\/wp-json\/wp\/v2\/categories?post=49182"},{"taxonomy":"post_tag","embeddable":true,"href":"https:\/\/novasdodia.com.br\/index.php\/wp-json\/wp\/v2\/tags?post=49182"}],"curies":[{"name":"wp","href":"https:\/\/api.w.org\/{rel}","templated":true}]}}