{"id":49227,"date":"2026-04-26T07:50:43","date_gmt":"2026-04-26T10:50:43","guid":{"rendered":"https:\/\/novasdodia.com.br\/index.php\/2026\/04\/26\/agetran-divulga-interdicoes-programadas-para-este-domingo-cgnoticias\/"},"modified":"2026-04-26T07:50:43","modified_gmt":"2026-04-26T10:50:43","slug":"agetran-divulga-interdicoes-programadas-para-este-domingo-cgnoticias","status":"publish","type":"post","link":"https:\/\/novasdodia.com.br\/index.php\/2026\/04\/26\/agetran-divulga-interdicoes-programadas-para-este-domingo-cgnoticias\/","title":{"rendered":"Agetran divulga interdi\u00e7\u00f5es programadas para este domingo \u2013 CGNot\u00edcias"},"content":{"rendered":"<p><\/p>\n<div>\n<p>A Ag\u00eancia Municipal de Transporte e Tr\u00e2nsito (Agetran) informa as interdi\u00e7\u00f5es de vias programadas para este domingo (26), em diferentes regi\u00f5es de Campo Grande. As a\u00e7\u00f5es ocorrem para a realiza\u00e7\u00e3o de eventos sociais, religiosos e atividades comunit\u00e1rias.<\/p>\n<p>As interdi\u00e7\u00f5es come\u00e7am ainda nas primeiras horas da manh\u00e3 e seguem at\u00e9 a noite, com bloqueios totais ou parciais em pontos espec\u00edficos da cidade.<\/p>\n<p>Entre os locais com altera\u00e7\u00f5es no tr\u00e2nsito est\u00e3o a Rua Jos\u00e9 Soares Dias, entre as ruas Petr\u00f3polis e Waldemar Marcelino Santos, que ter\u00e1 interdi\u00e7\u00e3o das 7h \u00e0s 23h para a realiza\u00e7\u00e3o de evento religioso. J\u00e1 a Rua Guanabara, n\u00ba 676, entre as ruas Salvador e Goi\u00e2nia, ser\u00e1 interditada das 8h \u00e0s 21h para evento beneficente e a\u00e7\u00f5es sociais.<\/p>\n<p>No per\u00edodo da tarde, a Rua Barueri, entre as ruas Meriti e Anac\u00e1, ter\u00e1 interdi\u00e7\u00e3o das 15h \u00e0s 22h para o evento \u201cPaquera nos Bairros\u201d. No mesmo hor\u00e1rio, a Avenida Marinha, entre as ruas do Porto e Pen\u00ednsula, tamb\u00e9m ser\u00e1 interditada, com bloqueio previsto das 15h \u00e0s 23h59, para a realiza\u00e7\u00e3o da \u201cPaquera na Avenida\u201d.<\/p>\n<p>A Agetran orienta os condutores a redobrarem a aten\u00e7\u00e3o ao trafegar pelas regi\u00f5es afetadas e, sempre que poss\u00edvel, utilizarem rotas alternativas para evitar transtornos. O objetivo \u00e9 garantir a seguran\u00e7a vi\u00e1ria e a fluidez do tr\u00e2nsito durante a realiza\u00e7\u00e3o dos eventos.<\/p>\n<\/div>\n<p><script async defer async defer src=\"https:\/\/connect.facebook.net\/en_US\/sdk.js?ver=1#xfbml=1&amp;version=v3.2\" id=\"prefeitura-campogrande-script-facebook-sdk-js\"><\/script><\/p>\n","protected":false},"excerpt":{"rendered":"<p>A Ag\u00eancia Municipal de Transporte e Tr\u00e2nsito (Agetran) informa as interdi\u00e7\u00f5es de vias programadas para este domingo (26), em diferentes regi\u00f5es de Campo Grande. As a\u00e7\u00f5es ocorrem para a realiza\u00e7\u00e3o de eventos sociais, religiosos e atividades comunit\u00e1rias. As interdi\u00e7\u00f5es come\u00e7am ainda nas primeiras horas da manh\u00e3 e seguem at\u00e9 a noite, com bloqueios totais ou [&hellip;]<\/p>\n","protected":false},"author":1,"featured_media":0,"comment_status":"","ping_status":"","sticky":false,"template":"","format":"standard","meta":{"footnotes":""},"categories":[],"tags":[],"class_list":["post-49227","post","type-post","status-publish","format-standard","hentry"],"amp_enabled":true,"_links":{"self":[{"href":"https:\/\/novasdodia.com.br\/index.php\/wp-json\/wp\/v2\/posts\/49227","targetHints":{"allow":["GET"]}}],"collection":[{"href":"https:\/\/novasdodia.com.br\/index.php\/wp-json\/wp\/v2\/posts"}],"about":[{"href":"https:\/\/novasdodia.com.br\/index.php\/wp-json\/wp\/v2\/types\/post"}],"author":[{"embeddable":true,"href":"https:\/\/novasdodia.com.br\/index.php\/wp-json\/wp\/v2\/users\/1"}],"replies":[{"embeddable":true,"href":"https:\/\/novasdodia.com.br\/index.php\/wp-json\/wp\/v2\/comments?post=49227"}],"version-history":[{"count":0,"href":"https:\/\/novasdodia.com.br\/index.php\/wp-json\/wp\/v2\/posts\/49227\/revisions"}],"wp:attachment":[{"href":"https:\/\/novasdodia.com.br\/index.php\/wp-json\/wp\/v2\/media?parent=49227"}],"wp:term":[{"taxonomy":"category","embeddable":true,"href":"https:\/\/novasdodia.com.br\/index.php\/wp-json\/wp\/v2\/categories?post=49227"},{"taxonomy":"post_tag","embeddable":true,"href":"https:\/\/novasdodia.com.br\/index.php\/wp-json\/wp\/v2\/tags?post=49227"}],"curies":[{"name":"wp","href":"https:\/\/api.w.org\/{rel}","templated":true}]}}