{"id":49231,"date":"2026-04-26T09:56:42","date_gmt":"2026-04-26T12:56:42","guid":{"rendered":"https:\/\/novasdodia.com.br\/index.php\/2026\/04\/26\/emprega-cg-leva-mais-de-200-vagas-no-jardim-moema-esta-semana-cgnoticias\/"},"modified":"2026-04-26T09:56:42","modified_gmt":"2026-04-26T12:56:42","slug":"emprega-cg-leva-mais-de-200-vagas-no-jardim-moema-esta-semana-cgnoticias","status":"publish","type":"post","link":"https:\/\/novasdodia.com.br\/index.php\/2026\/04\/26\/emprega-cg-leva-mais-de-200-vagas-no-jardim-moema-esta-semana-cgnoticias\/","title":{"rendered":"Emprega CG leva mais de 200 vagas no Jardim Moema esta semana \u2013 CGNot\u00edcias"},"content":{"rendered":"<p><\/p>\n<div>\n<p>A Funda\u00e7\u00e3o Social do Trabalho de Campo Grande realiza nesta quarta-feira (29) mais uma edi\u00e7\u00e3o do Emprega CG, desta vez na regi\u00e3o do Bandeira, com a oferta de mais de 200 vagas de trabalho.<\/p>\n<p>A a\u00e7\u00e3o acontece das 8h \u00e0s 12h, no Cras Lili Fernandes, localizado no Jardim Moema, e contar\u00e1 com a participa\u00e7\u00e3o de 10 empresas parceiras, que estar\u00e3o no local realizando recrutamento e sele\u00e7\u00e3o de candidatos.<\/p>\n<p>Entre as oportunidades dispon\u00edveis est\u00e3o vagas para operador de caixa, atendente de balc\u00e3o de farm\u00e1cia, auxiliar de limpeza, auxiliar de linha de produ\u00e7\u00e3o, atendente de frios, motorista, motorista entregador, auxiliar administrativo, atendente de telemarketing, operador de produ\u00e7\u00e3o e vendedor.<\/p>\n<p>A iniciativa tem como objetivo facilitar o acesso da popula\u00e7\u00e3o ao mercado de trabalho, aproximando empregadores e trabalhadores em um \u00fanico espa\u00e7o, de forma r\u00e1pida e pr\u00e1tica.<\/p>\n<p>Os interessados devem comparecer ao local com documentos pessoais e carteira de trabalho para participar dos processos seletivos.<\/p>\n<p><strong>Servi\u00e7o:<\/strong><br \/><strong>Evento:<\/strong> Emprega CG \u2013 Regi\u00e3o Bandeira<br \/><strong>Data:<\/strong> 29\/04\/2026 (quarta-feira)<br \/><strong>Hor\u00e1rio:<\/strong> 08h \u00e0s 12h<br \/><strong>Local:<\/strong> CRAS Lili Fernandes<\/p>\n<\/div>\n<p><script async defer async defer src=\"https:\/\/connect.facebook.net\/en_US\/sdk.js?ver=1#xfbml=1&amp;version=v3.2\" id=\"prefeitura-campogrande-script-facebook-sdk-js\"><\/script><\/p>\n","protected":false},"excerpt":{"rendered":"<p>A Funda\u00e7\u00e3o Social do Trabalho de Campo Grande realiza nesta quarta-feira (29) mais uma edi\u00e7\u00e3o do Emprega CG, desta vez na regi\u00e3o do Bandeira, com a oferta de mais de 200 vagas de trabalho. A a\u00e7\u00e3o acontece das 8h \u00e0s 12h, no Cras Lili Fernandes, localizado no Jardim Moema, e contar\u00e1 com a participa\u00e7\u00e3o de [&hellip;]<\/p>\n","protected":false},"author":1,"featured_media":0,"comment_status":"","ping_status":"","sticky":false,"template":"","format":"standard","meta":{"footnotes":""},"categories":[],"tags":[],"class_list":["post-49231","post","type-post","status-publish","format-standard","hentry"],"amp_enabled":true,"_links":{"self":[{"href":"https:\/\/novasdodia.com.br\/index.php\/wp-json\/wp\/v2\/posts\/49231","targetHints":{"allow":["GET"]}}],"collection":[{"href":"https:\/\/novasdodia.com.br\/index.php\/wp-json\/wp\/v2\/posts"}],"about":[{"href":"https:\/\/novasdodia.com.br\/index.php\/wp-json\/wp\/v2\/types\/post"}],"author":[{"embeddable":true,"href":"https:\/\/novasdodia.com.br\/index.php\/wp-json\/wp\/v2\/users\/1"}],"replies":[{"embeddable":true,"href":"https:\/\/novasdodia.com.br\/index.php\/wp-json\/wp\/v2\/comments?post=49231"}],"version-history":[{"count":0,"href":"https:\/\/novasdodia.com.br\/index.php\/wp-json\/wp\/v2\/posts\/49231\/revisions"}],"wp:attachment":[{"href":"https:\/\/novasdodia.com.br\/index.php\/wp-json\/wp\/v2\/media?parent=49231"}],"wp:term":[{"taxonomy":"category","embeddable":true,"href":"https:\/\/novasdodia.com.br\/index.php\/wp-json\/wp\/v2\/categories?post=49231"},{"taxonomy":"post_tag","embeddable":true,"href":"https:\/\/novasdodia.com.br\/index.php\/wp-json\/wp\/v2\/tags?post=49231"}],"curies":[{"name":"wp","href":"https:\/\/api.w.org\/{rel}","templated":true}]}}