{"id":49232,"date":"2026-04-26T10:43:37","date_gmt":"2026-04-26T13:43:37","guid":{"rendered":"https:\/\/novasdodia.com.br\/index.php\/2026\/04\/26\/parque-arruda-camara-recebe-lobo-guara-femea-atraves-de-parceria-com-cetas-de-goias\/"},"modified":"2026-04-26T10:43:37","modified_gmt":"2026-04-26T13:43:37","slug":"parque-arruda-camara-recebe-lobo-guara-femea-atraves-de-parceria-com-cetas-de-goias","status":"publish","type":"post","link":"https:\/\/novasdodia.com.br\/index.php\/2026\/04\/26\/parque-arruda-camara-recebe-lobo-guara-femea-atraves-de-parceria-com-cetas-de-goias\/","title":{"rendered":"Parque Arruda C\u00e2mara recebe lobo-guar\u00e1 f\u00eamea atrav\u00e9s de parceria com Cetas de Goi\u00e1s"},"content":{"rendered":"<p><\/p>\n<div>\n<p>A nova moradora do Parque Zoobot\u00e2nico Arruda C\u00e2mara, a Bica, \u00e9 uma f\u00eamea de lobo-guar\u00e1, que j\u00e1 pode ser visitada pelo p\u00fablico. O animal chegou ao parque no dia 25 de fevereiro, em uma parceria com o Centro de Triagem de Animais Silvestres (Cetas) de Goi\u00e2nia (Goi\u00e1s).<\/p>\n<figure class=\"wp-block-gallery has-nested-images columns-default is-cropped wp-block-gallery-1 is-layout-flex wp-block-gallery-is-layout-flex\">\n<figure class=\"wp-block-image size-large\"><\/figure>\n<figure class=\"wp-block-image size-large\"><\/figure>\n<\/figure>\n<p>A vinda do lobo-guar\u00e1 f\u00eamea foi planejada entre as equipes t\u00e9cnicas das duas institui\u00e7\u00f5es, seguindo protocolos de transporte e adapta\u00e7\u00e3o para garantir a seguran\u00e7a e a sa\u00fade do animal durante todo o processo. Ao chegar \u00e0 Bica, o animal passou por um per\u00edodo de adapta\u00e7\u00e3o ao novo recinto, precisando, para isso, passar um tempo em quarentena. O espa\u00e7o que ela ocupa foi preparado para atender \u00e0s necessidades comportamentais da esp\u00e9cie, com ambienta\u00e7\u00e3o adequada, \u00e1rea para deslocamento e enriquecimento ambiental.<\/p>\n<p>De acordo com a diretora da Bica, Milenna Sim\u00f5es, a presen\u00e7a do animal no Parque refor\u00e7a o papel da institui\u00e7\u00e3o na educa\u00e7\u00e3o ambiental e na conserva\u00e7\u00e3o da fauna brasileira. \u201cA chegada da f\u00eamea de lobo-guar\u00e1 refor\u00e7a o compromisso da Bica com o acolhimento de animais que n\u00e3o podem retornar \u00e0 natureza. Aqui ela ter\u00e1 cuidados t\u00e9cnicos e acompanhamento veterin\u00e1rio. Sua presen\u00e7a tamb\u00e9m fortalece nosso papel na educa\u00e7\u00e3o ambiental e na conscientiza\u00e7\u00e3o sobre a conserva\u00e7\u00e3o da fauna\u201d, afirmou.<\/p>\n<p>Segundo informa\u00e7\u00f5es dos t\u00e9cnicos do Cetas de Goi\u00e2nia, o lobo-guar\u00e1, apelidada de Mila, chegou ao Centro com traumatismo cranioencef\u00e1lico e pneumot\u00f3rax. Na avalia\u00e7\u00e3o radiogr\u00e1fica, foi identificado um proj\u00e9til alojado no pulm\u00e3o.<\/p>\n<figure class=\"wp-block-gallery has-nested-images columns-default is-cropped wp-block-gallery-2 is-layout-flex wp-block-gallery-is-layout-flex\">\n<figure class=\"wp-block-image size-full\"><\/figure>\n<figure class=\"wp-block-image size-full\"><\/figure>\n<\/figure>\n<p>J\u00e9ssica Rocha, veterin\u00e1ria da ONG Floresta Cheia, que funciona dentro do Cetas de Goi\u00e2nia, explicou que o animal foi acolhido h\u00e1 aproximadamente 6 meses, bastante debilitado. Ele foi estabilizado, tratado e depois enviado para cirurgia no zool\u00f3gico de Bras\u00edlia. \u201cHoje ela est\u00e1 super bem, brava. \u00c9 um bicho de vida livre, n\u00e9! Ela tem entre 7 e 9 anos e o lobo de vida livre n\u00e3o chega a 12 anos. Ent\u00e3o \u00e9 um animal que demanda cuidados e ela vai ficar bem aqui\u201d, relatou a m\u00e9dica veterin\u00e1ria.<\/p>\n<p>Jessica Rocha comenta que o in\u00edcio da parceria do Cetas de Goi\u00e2nia com a Bica ocorreu em agosto do ano passado. \u201cA gente tinha alguns animais que estavam de dif\u00edcil destina\u00e7\u00e3o, que eram ex\u00f3ticos. Aqui eles t\u00eam um local melhor para ficar, porque o Cetas \u00e9 um centro de triagens, n\u00e3o \u00e9 um local para o animal morar, \u00e9 um local para o animal passar. Ent\u00e3o a gente trata, reabilita, solta ou destina. Com a parceria com a Bica, a gente soube que eles ficariam em boas m\u00e3os, em um local muito bonito.\u00a0 Gostei de conhecer o espa\u00e7o e eu sei que nossos bichos est\u00e3o super bem aqui. S\u00f3 temos o que agradecer\u201d, destacou.<\/p>\n<figure class=\"wp-block-gallery has-nested-images columns-default is-cropped wp-block-gallery-3 is-layout-flex wp-block-gallery-is-layout-flex\">\n<figure class=\"wp-block-image size-large\"><\/figure>\n<figure class=\"wp-block-image size-large\"><\/figure>\n<\/figure>\n<p>O chefe de Divis\u00e3o do Zool\u00f3gico da Bica, Thiago Nery, explicou como foi a decis\u00e3o de trazer o animal para a Bica. \u201cComo a gente tinha no parque um recinto antigo onde ficavam os le\u00f5es, as su\u00e7uaranas e a on\u00e7a, que ganharam espa\u00e7os novos, esse recinto ficou ocioso. A\u00ed a gente transformou os tr\u00eas recintos em um s\u00f3. A ideia \u00e9 que a Mila possa ter uma \u00e1rea com vegeta\u00e7\u00e3o um pouco mais fechada, uma \u00e1rea mais aberta, um descampado, tamb\u00e9m t\u00edpico do Cerrado, para ela se adaptar a esse ambiente. \u00c9 um animal de h\u00e1bito solit\u00e1rio, que por ser idoso precisa dos cuidados di\u00e1rios da equipe t\u00e9cnica do Parque, com ajuste de dieta, com rela\u00e7\u00e3o aos tratamentos e tamb\u00e9m \u00e0 inspe\u00e7\u00e3o de comportamento. \u00c9 um animal de import\u00e2ncia ambiental muito grande e que n\u00e3o tem no nosso Estado\u201d, afirmou.<\/p>\n<p><strong>Esp\u00e9cie \u2013<\/strong> O lobo-guar\u00e1 \u00e9 o maior can\u00eddeo da Am\u00e9rica do Sul e est\u00e1 classificado como quase amea\u00e7ado de extin\u00e7\u00e3o, principalmente em raz\u00e3o da perda de habitat e de atropelamentos em rodovias. Al\u00e9m do acolhimento promovido ao animal, a expectativa \u00e9 que o p\u00fablico possa conhecer o novo integrante do parque, ampliando o aprendizado sobre a import\u00e2ncia da preserva\u00e7\u00e3o do lobo-guar\u00e1 e dos biomas nacionais.<\/p>\n<p><strong>Servi\u00e7o<\/strong> \u2013 O Parque Zoobot\u00e2nico Arruda C\u00e2mara est\u00e1 localizado na Avenida Gouveia N\u00f3brega, s\/n, bairro do Roger. O espa\u00e7o funciona das 9h \u00e0s 16h. A taxa ambiental de entrada custa R$ 3, mas crian\u00e7as com at\u00e9 7 anos, pessoas com defici\u00eancia e idosos acima de 65 anos n\u00e3o pagam.<\/p>\n<\/p><\/div>\n","protected":false},"excerpt":{"rendered":"<p>A nova moradora do Parque Zoobot\u00e2nico Arruda C\u00e2mara, a Bica, \u00e9 uma f\u00eamea de lobo-guar\u00e1, que j\u00e1 pode ser visitada pelo p\u00fablico. O animal chegou ao parque no dia 25 de fevereiro, em uma parceria com o Centro de Triagem de Animais Silvestres (Cetas) de Goi\u00e2nia (Goi\u00e1s). A vinda do lobo-guar\u00e1 f\u00eamea foi planejada entre [&hellip;]<\/p>\n","protected":false},"author":1,"featured_media":0,"comment_status":"","ping_status":"","sticky":false,"template":"","format":"standard","meta":{"footnotes":""},"categories":[1],"tags":[],"class_list":["post-49232","post","type-post","status-publish","format-standard","hentry","category-noticias"],"amp_enabled":true,"_links":{"self":[{"href":"https:\/\/novasdodia.com.br\/index.php\/wp-json\/wp\/v2\/posts\/49232","targetHints":{"allow":["GET"]}}],"collection":[{"href":"https:\/\/novasdodia.com.br\/index.php\/wp-json\/wp\/v2\/posts"}],"about":[{"href":"https:\/\/novasdodia.com.br\/index.php\/wp-json\/wp\/v2\/types\/post"}],"author":[{"embeddable":true,"href":"https:\/\/novasdodia.com.br\/index.php\/wp-json\/wp\/v2\/users\/1"}],"replies":[{"embeddable":true,"href":"https:\/\/novasdodia.com.br\/index.php\/wp-json\/wp\/v2\/comments?post=49232"}],"version-history":[{"count":0,"href":"https:\/\/novasdodia.com.br\/index.php\/wp-json\/wp\/v2\/posts\/49232\/revisions"}],"wp:attachment":[{"href":"https:\/\/novasdodia.com.br\/index.php\/wp-json\/wp\/v2\/media?parent=49232"}],"wp:term":[{"taxonomy":"category","embeddable":true,"href":"https:\/\/novasdodia.com.br\/index.php\/wp-json\/wp\/v2\/categories?post=49232"},{"taxonomy":"post_tag","embeddable":true,"href":"https:\/\/novasdodia.com.br\/index.php\/wp-json\/wp\/v2\/tags?post=49232"}],"curies":[{"name":"wp","href":"https:\/\/api.w.org\/{rel}","templated":true}]}}