{"id":49236,"date":"2026-04-26T13:26:37","date_gmt":"2026-04-26T16:26:37","guid":{"rendered":"https:\/\/novasdodia.com.br\/index.php\/2026\/04\/26\/evento-nacional-sobre-saude-infantil-comeca-amanha-na-capital-cgnoticias\/"},"modified":"2026-04-26T13:26:37","modified_gmt":"2026-04-26T16:26:37","slug":"evento-nacional-sobre-saude-infantil-comeca-amanha-na-capital-cgnoticias","status":"publish","type":"post","link":"https:\/\/novasdodia.com.br\/index.php\/2026\/04\/26\/evento-nacional-sobre-saude-infantil-comeca-amanha-na-capital-cgnoticias\/","title":{"rendered":"Evento nacional sobre sa\u00fade infantil come\u00e7a amanh\u00e3 na capital \u2013 CGNot\u00edcias"},"content":{"rendered":"<p><\/p>\n<div>\n<p>Campo Grande entra, a partir de amanh\u00e3 (27), no centro do debate nacional sobre alimenta\u00e7\u00e3o na primeira inf\u00e2ncia. A Capital sedia o XVII Encontro Nacional de Aleitamento Materno (ENAM) e o VII Encontro Nacional de Alimenta\u00e7\u00e3o Complementar Saud\u00e1vel (ENACS), reunindo at\u00e9 o dia 30 de abril especialistas de todo o Brasil e tamb\u00e9m do exterior para discutir pol\u00edticas p\u00fablicas, ci\u00eancia e pr\u00e1ticas que impactam diretamente a sa\u00fade de beb\u00eas e crian\u00e7as.<\/p>\n<p>Realizado pela IBFAN Brasil (Rede Internacional em Defesa do Direito de Amamentar), em parceria com o Governo do Estado e a Prefeitura de Campo Grande, que atua como correalizadora \u2014 o evento projeta o munic\u00edpio como refer\u00eancia no fortalecimento de a\u00e7\u00f5es voltadas \u00e0 nutri\u00e7\u00e3o na primeira inf\u00e2ncia, com foco no acesso, na equidade e na promo\u00e7\u00e3o do cuidado integral.<\/p>\n<p>Com o tema \u201cAmamenta\u00e7\u00e3o e Alimenta\u00e7\u00e3o Complementar Saud\u00e1vel: o desafio da atua\u00e7\u00e3o intersetorial, inclusiva e sustent\u00e1vel\u201d, a programa\u00e7\u00e3o aposta em um formato din\u00e2mico e diverso. Ao longo dos quatro dias, o p\u00fablico ter\u00e1 acesso a mesas tem\u00e1ticas, confer\u00eancias, apresenta\u00e7\u00f5es cient\u00edficas, rodas de conversa e atividades culturais que abordam desde pol\u00edticas p\u00fablicas at\u00e9 os impactos do marketing de alimentos ultraprocessados na inf\u00e2ncia.<\/p>\n<p>A abertura das atividades acontece nesta segunda-feira (27), com o Pr\u00e9-ENAM, na Unigran Capital, que concentra cursos e oficinas voltados \u00e0 qualifica\u00e7\u00e3o de profissionais da sa\u00fade. J\u00e1 a programa\u00e7\u00e3o principal se estende de ter\u00e7a (28) a quarta-feira (30), no Centro de Conven\u00e7\u00f5es Rubens Gil de Camilo, com uma agenda intensa de debates sobre temas como soberania alimentar, equidade, pr\u00e1ticas intersetoriais e os desafios contempor\u00e2neos da alimenta\u00e7\u00e3o infantil.<\/p>\n<p>Um dos espa\u00e7os mais simb\u00f3licos do encontro \u00e9 a Tenda Josu\u00e9 de Castro, que prop\u00f5e a integra\u00e7\u00e3o entre o conhecimento cient\u00edfico e os saberes populares. Inspirada no legado do m\u00e9dico e pesquisador brasileiro, a tenda ser\u00e1 palco de debates, viv\u00eancias e manifesta\u00e7\u00f5es culturais, refor\u00e7ando a import\u00e2ncia da participa\u00e7\u00e3o social na constru\u00e7\u00e3o de pol\u00edticas p\u00fablicas mais eficazes.<\/p>\n<p>\u201cO ENAM e o ENACS colocam Campo Grande no centro de um debate estrat\u00e9gico para o futuro da sa\u00fade p\u00fablica, que come\u00e7a na primeira inf\u00e2ncia. Para n\u00f3s, enquanto gest\u00e3o municipal, \u00e9 uma oportunidade de fortalecer pol\u00edticas que j\u00e1 v\u00eam sendo tratadas como prioridade, ampliando o acesso, qualificando o cuidado e integrando diferentes \u00e1reas em torno de um objetivo comum: garantir \u00e0s nossas crian\u00e7as um in\u00edcio de vida mais saud\u00e1vel e com mais oportunidades\u201d, destaca o secret\u00e1rio municipal de Sa\u00fade de Campo Grande, Marcelo Vilela.<\/p>\n<p>Segundo ele, a participa\u00e7\u00e3o da Sesau como correalizadora refor\u00e7a esse compromisso e consolida o trabalho que vem sendo desenvolvido na rede municipal, com foco na promo\u00e7\u00e3o do cuidado integral desde os primeiros anos de vida.<\/p>\n<p>A expectativa \u00e9 de que o evento fortale\u00e7a a articula\u00e7\u00e3o entre gestores, profissionais e pesquisadores, ampliando estrat\u00e9gias que garantam o direito \u00e0 alimenta\u00e7\u00e3o adequada desde os primeiros anos de vida. A programa\u00e7\u00e3o completa pode ser acessada pelo site oficial do encontro, no link\u00a0https:\/\/enam.org.br\/programacao\/<\/p>\n<\/div>\n<p><script async defer async defer src=\"https:\/\/connect.facebook.net\/en_US\/sdk.js?ver=1#xfbml=1&amp;version=v3.2\" id=\"prefeitura-campogrande-script-facebook-sdk-js\"><\/script><\/p>\n","protected":false},"excerpt":{"rendered":"<p>Campo Grande entra, a partir de amanh\u00e3 (27), no centro do debate nacional sobre alimenta\u00e7\u00e3o na primeira inf\u00e2ncia. A Capital sedia o XVII Encontro Nacional de Aleitamento Materno (ENAM) e o VII Encontro Nacional de Alimenta\u00e7\u00e3o Complementar Saud\u00e1vel (ENACS), reunindo at\u00e9 o dia 30 de abril especialistas de todo o Brasil e tamb\u00e9m do exterior [&hellip;]<\/p>\n","protected":false},"author":1,"featured_media":0,"comment_status":"","ping_status":"","sticky":false,"template":"","format":"standard","meta":{"footnotes":""},"categories":[],"tags":[],"class_list":["post-49236","post","type-post","status-publish","format-standard","hentry"],"amp_enabled":true,"_links":{"self":[{"href":"https:\/\/novasdodia.com.br\/index.php\/wp-json\/wp\/v2\/posts\/49236","targetHints":{"allow":["GET"]}}],"collection":[{"href":"https:\/\/novasdodia.com.br\/index.php\/wp-json\/wp\/v2\/posts"}],"about":[{"href":"https:\/\/novasdodia.com.br\/index.php\/wp-json\/wp\/v2\/types\/post"}],"author":[{"embeddable":true,"href":"https:\/\/novasdodia.com.br\/index.php\/wp-json\/wp\/v2\/users\/1"}],"replies":[{"embeddable":true,"href":"https:\/\/novasdodia.com.br\/index.php\/wp-json\/wp\/v2\/comments?post=49236"}],"version-history":[{"count":0,"href":"https:\/\/novasdodia.com.br\/index.php\/wp-json\/wp\/v2\/posts\/49236\/revisions"}],"wp:attachment":[{"href":"https:\/\/novasdodia.com.br\/index.php\/wp-json\/wp\/v2\/media?parent=49236"}],"wp:term":[{"taxonomy":"category","embeddable":true,"href":"https:\/\/novasdodia.com.br\/index.php\/wp-json\/wp\/v2\/categories?post=49236"},{"taxonomy":"post_tag","embeddable":true,"href":"https:\/\/novasdodia.com.br\/index.php\/wp-json\/wp\/v2\/tags?post=49236"}],"curies":[{"name":"wp","href":"https:\/\/api.w.org\/{rel}","templated":true}]}}