{"id":49240,"date":"2026-04-26T16:14:35","date_gmt":"2026-04-26T19:14:35","guid":{"rendered":"https:\/\/novasdodia.com.br\/index.php\/2026\/04\/26\/festa-do-pe-de-soja-solteiro-movimentou-laguna-carapa-com-tradicao-tecnologia-e-safra-em-alta\/"},"modified":"2026-04-26T16:14:35","modified_gmt":"2026-04-26T19:14:35","slug":"festa-do-pe-de-soja-solteiro-movimentou-laguna-carapa-com-tradicao-tecnologia-e-safra-em-alta","status":"publish","type":"post","link":"https:\/\/novasdodia.com.br\/index.php\/2026\/04\/26\/festa-do-pe-de-soja-solteiro-movimentou-laguna-carapa-com-tradicao-tecnologia-e-safra-em-alta\/","title":{"rendered":"Festa do P\u00e9 de Soja Solteiro movimentou Laguna Carap\u00e3 com tradi\u00e7\u00e3o, tecnologia e safra em alta"},"content":{"rendered":"<p><\/p>\n<div>\n<p>O munic\u00edpio de Laguna Carap\u00e3 se preparou para mais uma edi\u00e7\u00e3o da tradicional Festa do P\u00e9 de Soja Solteiro, evento que, ao longo dos anos, consolidou-se como um dos principais atrativos da regi\u00e3o de fronteira. A 26\u00aa edi\u00e7\u00e3o aconteceu entre sexta-feira (24)\u00a0 e este domingo (26), no Parque de Exposi\u00e7\u00f5es Colorindo Pezzarico, em celebra\u00e7\u00e3o aos 34 anos de emancipa\u00e7\u00e3o pol\u00edtico-administrativa da cidade.<\/p>\n<p>A programa\u00e7\u00e3o reuniu atividades voltadas ao agroneg\u00f3cio e ao entretenimento, com exposi\u00e7\u00e3o de produtos e maquin\u00e1rios agr\u00edcolas, pra\u00e7a de alimenta\u00e7\u00e3o, parque infantil e apresenta\u00e7\u00f5es musicais. O concurso do P\u00e9 de Soja Solteiro manteve-se como destaque, atraindo produtores de diferentes regi\u00f5es do Brasil e tamb\u00e9m de pa\u00edses vizinhos, como Paraguai e Argentina.<\/p>\n<p>O governador Eduardo Riedel ressaltou a import\u00e2ncia do evento para o fortalecimento da economia e da identidade regional.<\/p>\n<p>\u201cO P\u00e9 de Soja Solteiro \u00e9 uma festa super tradicional, j\u00e1 estabelecida no calend\u00e1rio da soja e de Mato Grosso do Sul. Ela real\u00e7a toda a for\u00e7a da cultura da soja e da cadeia produtiva, que envolve industrializa\u00e7\u00e3o, transporte e assist\u00eancia t\u00e9cnica.\u201d<\/p>\n<p>O concurso visa premiar o cultivo de uma \u00fanica planta de soja desenvolvida de forma isolada, com t\u00e9cnicas intensivas de manejo para alcan\u00e7ar alto desempenho produtivo. Em 2025, a produtora Rosemar Fonseca de Souza registrou uma marca expressiva, com 11.813 vagens, um dos melhores resultados da hist\u00f3ria da competi\u00e7\u00e3o. Para a edi\u00e7\u00e3o atual, a premia\u00e7\u00e3o incluiu uma moto zero quil\u00f4metro ao vencedor, al\u00e9m de televisores e aparelhos de ar-condicionado para os demais colocados.<\/p>\n<p>O governador destacou ainda o car\u00e1ter educativo e tecnol\u00f3gico do evento, com a participa\u00e7\u00e3o ativa de estudantes e profissionais do setor. \u201c\u00c9 bonito ver os alunos trabalhando, tanto na agronomia quanto na produ\u00e7\u00e3o rural, participando inclusive da contagem. Mais do que uma festa, \u00e9 a reafirma\u00e7\u00e3o de um segmento econ\u00f4mico muito relevante para a produ\u00e7\u00e3o do Brasil.\u201d<\/p>\n<p>Este ano cerca de 80 alunos dos cursos de Agronomia e Produ\u00e7\u00e3o Agr\u00edcola da Unigran fazem a contagem das vagens dos 34 p\u00e9s de soja inscritos no concurso. Riedel tamb\u00e9m relacionou o evento ao desempenho recente da safra, apontando o aumento no n\u00famero de participantes como reflexo direto do momento vivido pelo campo.<\/p>\n<p>\u201cO n\u00famero recorde de p\u00e9s de soja inscritos mostra o envolvimento das pessoas, da comunidade de Laguna Carap\u00e3 e da regi\u00e3o. Foi uma safra melhor do que nos \u00faltimos anos, mesmo diante de desafios enfrentados pelo produtor.\u201d<\/p>\n<p>O prefeito de Laguna Carap\u00e3, Itamar Bilibio, destacou o papel do evento na valoriza\u00e7\u00e3o dos produtores e no desenvolvimento local. \u201cHoje n\u00f3s estamos vendo a realiza\u00e7\u00e3o do concurso, que a cada ano vem crescendo. Neste anivers\u00e1rio de Laguna Carap\u00e3, \u00e9 motivo de orgulho apresentar essa festa para a nossa popula\u00e7\u00e3o.\u201d<\/p>\n<p>Bilibio ainda destacou a presen\u00e7a do governador como sinal de alinhamento e reconhecimento ao desenvolvimento do munic\u00edpio. \u201cCom a presen\u00e7a do governador aqui, n\u00f3s temos a certeza de que estamos no caminho certo, trabalhando para fortalecer o munic\u00edpio e valorizar aquilo que \u00e9 a base da nossa economia.\u201d<\/p>\n<p>O cen\u00e1rio agr\u00edcola tamb\u00e9m contribuiu para o clima de otimismo. Mato Grosso do Sul avan\u00e7ou para a fase final da safra 2025\/2026 com proje\u00e7\u00f5es superiores \u00e0s estimativas iniciais. A produtividade m\u00e9dia, que era prevista em 52,82 sacas por hectare, foi revisada para 61,73 sacas, impulsionando a expectativa de produ\u00e7\u00e3o para 17,7 milh\u00f5es de toneladas.<\/p>\n<p>Em Laguna Carap\u00e3, a colheita j\u00e1 havia ultrapassado 95% da \u00e1rea plantada, com resultados considerados expressivos. Em algumas propriedades, a produtividade chegou a atingir at\u00e9 90 sacas por hectare, refor\u00e7ando o desempenho positivo do setor.<\/p>\n<p>Combinando tradi\u00e7\u00e3o, tecnologia e resultados no campo, a festa reafirmou seu papel como vitrine do agroneg\u00f3cio regional e espa\u00e7o de integra\u00e7\u00e3o entre produtores, empresas e a comunidade.<\/p>\n<p><em>Alexandre Gonzaga, Comunica\u00e7\u00e3o do Governo de MS<\/em><br \/><em>Fotos: Bruno Rezende\/Secom-MS<\/em><\/p>\n<\/div>\n","protected":false},"excerpt":{"rendered":"<p>O munic\u00edpio de Laguna Carap\u00e3 se preparou para mais uma edi\u00e7\u00e3o da tradicional Festa do P\u00e9 de Soja Solteiro, evento que, ao longo dos anos, consolidou-se como um dos principais atrativos da regi\u00e3o de fronteira. A 26\u00aa edi\u00e7\u00e3o aconteceu entre sexta-feira (24)\u00a0 e este domingo (26), no Parque de Exposi\u00e7\u00f5es Colorindo Pezzarico, em celebra\u00e7\u00e3o aos [&hellip;]<\/p>\n","protected":false},"author":1,"featured_media":0,"comment_status":"","ping_status":"","sticky":false,"template":"","format":"standard","meta":{"footnotes":""},"categories":[],"tags":[],"class_list":["post-49240","post","type-post","status-publish","format-standard","hentry"],"amp_enabled":true,"_links":{"self":[{"href":"https:\/\/novasdodia.com.br\/index.php\/wp-json\/wp\/v2\/posts\/49240","targetHints":{"allow":["GET"]}}],"collection":[{"href":"https:\/\/novasdodia.com.br\/index.php\/wp-json\/wp\/v2\/posts"}],"about":[{"href":"https:\/\/novasdodia.com.br\/index.php\/wp-json\/wp\/v2\/types\/post"}],"author":[{"embeddable":true,"href":"https:\/\/novasdodia.com.br\/index.php\/wp-json\/wp\/v2\/users\/1"}],"replies":[{"embeddable":true,"href":"https:\/\/novasdodia.com.br\/index.php\/wp-json\/wp\/v2\/comments?post=49240"}],"version-history":[{"count":0,"href":"https:\/\/novasdodia.com.br\/index.php\/wp-json\/wp\/v2\/posts\/49240\/revisions"}],"wp:attachment":[{"href":"https:\/\/novasdodia.com.br\/index.php\/wp-json\/wp\/v2\/media?parent=49240"}],"wp:term":[{"taxonomy":"category","embeddable":true,"href":"https:\/\/novasdodia.com.br\/index.php\/wp-json\/wp\/v2\/categories?post=49240"},{"taxonomy":"post_tag","embeddable":true,"href":"https:\/\/novasdodia.com.br\/index.php\/wp-json\/wp\/v2\/tags?post=49240"}],"curies":[{"name":"wp","href":"https:\/\/api.w.org\/{rel}","templated":true}]}}