{"id":49271,"date":"2026-04-27T13:14:39","date_gmt":"2026-04-27T16:14:39","guid":{"rendered":"https:\/\/novasdodia.com.br\/index.php\/2026\/04\/27\/emprega-cg-chega-a-regiao-bandeira-cgnoticias\/"},"modified":"2026-04-27T13:14:39","modified_gmt":"2026-04-27T16:14:39","slug":"emprega-cg-chega-a-regiao-bandeira-cgnoticias","status":"publish","type":"post","link":"https:\/\/novasdodia.com.br\/index.php\/2026\/04\/27\/emprega-cg-chega-a-regiao-bandeira-cgnoticias\/","title":{"rendered":"Emprega CG chega \u00e0 Regi\u00e3o Bandeira \u2013 CGNot\u00edcias"},"content":{"rendered":"<p><\/p>\n<div>\n<p>A Regi\u00e3o Bandeira recebe, nesta quarta-feira (29), mais uma edi\u00e7\u00e3o do Emprega CG, a\u00e7\u00e3o que re\u00fane empresas e candidatos em busca de oportunidades de trabalho. O evento acontece das 8h \u00e0s 12h, no CRAS Lili Fernandes, no Jardim Moema, com a participa\u00e7\u00e3o de 10 empresas parceiras e oferta de mais de 200 vagas.<\/p>\n<p>O objetivo do Emprega CG \u00e9 facilitar o acesso ao mercado de trabalho, aproximando candidatos das empresas contratantes em um ambiente acess\u00edvel e descentralizado. Durante o evento, os interessados poder\u00e3o participar de processos seletivos de forma imediata, aumentando as chances de inser\u00e7\u00e3o profissional.<\/p>\n<p>Entre as vagas dispon\u00edveis est\u00e3o: operador de caixa, atendente de balc\u00e3o de farm\u00e1cia, auxiliar de limpeza, auxiliar de linha de produ\u00e7\u00e3o, atendente de frios, motorista, motorista entregador, auxiliar administrativo, atendente de telemarketing, operador de produ\u00e7\u00e3o e vendedor.<\/p>\n<p>A iniciativa refor\u00e7a o compromisso da administra\u00e7\u00e3o municipal com a gera\u00e7\u00e3o de emprego e renda, al\u00e9m de promover inclus\u00e3o e desenvolvimento social nas diversas regi\u00f5es da cidade.<\/p>\n<p><strong>Servi\u00e7o:<\/strong><br \/><strong>Evento:<\/strong> Emprega CG \u2013 Regi\u00e3o Bandeira<br \/><strong>Data:<\/strong> Quarta-feira, 29 de abril de 2026<br \/><strong>Hor\u00e1rio:<\/strong> 8h \u00e0s 12h<br \/><strong>Local:<\/strong> CRAS Lili Fernandes \u2013 Jardim Moema<br \/><strong>Endere\u00e7o:<\/strong> Rua Querubina Garc\u00eda Nogueira, s\/n \u2013 Conjunto Residencial Recanto dos Rouxin\u00f3is<\/p>\n<p>A orienta\u00e7\u00e3o \u00e9 que os candidatos compare\u00e7am com documentos pessoais e curr\u00edculo atualizado.<\/p>\n<figure class=\"wp-block-image size-large\"><\/figure>\n<\/div>\n<p><script async defer async defer src=\"https:\/\/connect.facebook.net\/en_US\/sdk.js?ver=1#xfbml=1&amp;version=v3.2\" id=\"prefeitura-campogrande-script-facebook-sdk-js\"><\/script><\/p>\n","protected":false},"excerpt":{"rendered":"<p>A Regi\u00e3o Bandeira recebe, nesta quarta-feira (29), mais uma edi\u00e7\u00e3o do Emprega CG, a\u00e7\u00e3o que re\u00fane empresas e candidatos em busca de oportunidades de trabalho. O evento acontece das 8h \u00e0s 12h, no CRAS Lili Fernandes, no Jardim Moema, com a participa\u00e7\u00e3o de 10 empresas parceiras e oferta de mais de 200 vagas. O objetivo [&hellip;]<\/p>\n","protected":false},"author":1,"featured_media":0,"comment_status":"","ping_status":"","sticky":false,"template":"","format":"standard","meta":{"footnotes":""},"categories":[],"tags":[],"class_list":["post-49271","post","type-post","status-publish","format-standard","hentry"],"amp_enabled":true,"_links":{"self":[{"href":"https:\/\/novasdodia.com.br\/index.php\/wp-json\/wp\/v2\/posts\/49271","targetHints":{"allow":["GET"]}}],"collection":[{"href":"https:\/\/novasdodia.com.br\/index.php\/wp-json\/wp\/v2\/posts"}],"about":[{"href":"https:\/\/novasdodia.com.br\/index.php\/wp-json\/wp\/v2\/types\/post"}],"author":[{"embeddable":true,"href":"https:\/\/novasdodia.com.br\/index.php\/wp-json\/wp\/v2\/users\/1"}],"replies":[{"embeddable":true,"href":"https:\/\/novasdodia.com.br\/index.php\/wp-json\/wp\/v2\/comments?post=49271"}],"version-history":[{"count":0,"href":"https:\/\/novasdodia.com.br\/index.php\/wp-json\/wp\/v2\/posts\/49271\/revisions"}],"wp:attachment":[{"href":"https:\/\/novasdodia.com.br\/index.php\/wp-json\/wp\/v2\/media?parent=49271"}],"wp:term":[{"taxonomy":"category","embeddable":true,"href":"https:\/\/novasdodia.com.br\/index.php\/wp-json\/wp\/v2\/categories?post=49271"},{"taxonomy":"post_tag","embeddable":true,"href":"https:\/\/novasdodia.com.br\/index.php\/wp-json\/wp\/v2\/tags?post=49271"}],"curies":[{"name":"wp","href":"https:\/\/api.w.org\/{rel}","templated":true}]}}