{"id":49275,"date":"2026-04-27T14:38:38","date_gmt":"2026-04-27T17:38:38","guid":{"rendered":"https:\/\/novasdodia.com.br\/index.php\/2026\/04\/27\/jardim-de-chuva-marca-novo-modelo-de-drenagem-sustentavel-cgnoticias\/"},"modified":"2026-04-27T14:38:38","modified_gmt":"2026-04-27T17:38:38","slug":"jardim-de-chuva-marca-novo-modelo-de-drenagem-sustentavel-cgnoticias","status":"publish","type":"post","link":"https:\/\/novasdodia.com.br\/index.php\/2026\/04\/27\/jardim-de-chuva-marca-novo-modelo-de-drenagem-sustentavel-cgnoticias\/","title":{"rendered":"Jardim de chuva marca novo modelo de drenagem sustent\u00e1vel \u2013 CGNot\u00edcias"},"content":{"rendered":"<p><\/p>\n<div>\n<p>Campo Grande avan\u00e7a em sustentabilidade urbana com a implanta\u00e7\u00e3o do primeiro jardim de chuva em \u00e1rea p\u00fablica da cidade. A estrutura foi instalada na Central de Atendimento ao Cidad\u00e3o (CAC) e integra a\u00e7\u00f5es voltadas ao manejo sustent\u00e1vel das \u00e1guas pluviais.<\/p>\n<p>A iniciativa \u00e9 resultado de uma parceria entre a Universidade Anhanguera-Uniderp e a Secretaria Municipal de Meio Ambiente, Gest\u00e3o Urbana e Desenvolvimento Econ\u00f4mico, Tur\u00edstico e Sustent\u00e1vel (Semades), por meio da Ger\u00eancia de Arboriza\u00e7\u00e3o Urbana, com apoio t\u00e9cnico e acad\u00eamico para o desenvolvimento do projeto.<\/p>\n<p>A proposta contou com a participa\u00e7\u00e3o de acad\u00eamicos dos cursos de Arquitetura e Urbanismo e Engenharia Civil, integrantes do projeto de extens\u00e3o \u201cTra\u00e7os Verdes e Drenagem Urbana Sustent\u00e1vel\u201d, al\u00e9m de membros da Associa\u00e7\u00e3o Brasileira de Arquitetos Paisagistas (ABAP Jovem MS) e da bi\u00f3loga Christiane Corr\u00eaa. A coordena\u00e7\u00e3o t\u00e9cnica ficou a cargo dos professores Gisele Yallouz, Isadora Taborda e Leandro Martins.<\/p>\n<p>O projeto foi elaborado a partir da an\u00e1lise das caracter\u00edsticas da \u00e1rea, unindo solu\u00e7\u00f5es de drenagem urbana \u00e0 qualifica\u00e7\u00e3o paisag\u00edstica. Conforme explica a professora Gisele Yallouz, \u201cO jardim foi concebido com camadas drenantes dimensionadas tecnicamente e com esp\u00e9cies vegetais adequadas, garantindo efici\u00eancia no manejo das \u00e1guas pluviais e valoriza\u00e7\u00e3o est\u00e9tica do espa\u00e7o. Como complemento, foi sugerida a instala\u00e7\u00e3o de uma placa informativa com fun\u00e7\u00e3o educativa, explicando o funcionamento do dispositivo\u201d.<\/p>\n<p>A execu\u00e7\u00e3o incluiu a retirada do pavimento existente, a implanta\u00e7\u00e3o das camadas drenantes e o plantio das esp\u00e9cies, realizado com a participa\u00e7\u00e3o de alunos e professores envolvidos.<\/p>\n<p>Ao comentar a iniciativa, o secret\u00e1rio municipal de Meio Ambiente, Gest\u00e3o Urbana e Desenvolvimento Econ\u00f4mico, Tur\u00edstico e Sustent\u00e1vel, Ademar Silva Junior, destacou o impacto da a\u00e7\u00e3o para a cidade \u201cA implanta\u00e7\u00e3o de jardins de chuva representa um avan\u00e7o importante na forma como Campo Grande trata a drenagem urbana, priorizando solu\u00e7\u00f5es sustent\u00e1veis e eficientes. Al\u00e9m de contribuir para reduzir o escoamento superficial e prevenir alagamentos, o projeto tamb\u00e9m cumpre um papel educativo e refor\u00e7a a import\u00e2ncia da integra\u00e7\u00e3o entre poder p\u00fablico, universidade e sociedade\u201d.<\/p>\n<p>Mais do que uma solu\u00e7\u00e3o t\u00e9cnica, o jardim de chuva tamb\u00e9m atua como ferramenta de educa\u00e7\u00e3o ambiental e promo\u00e7\u00e3o da resili\u00eancia urbana. A expectativa \u00e9 que iniciativas semelhantes sejam ampliadas no munic\u00edpio, fortalecendo o uso de infraestruturas verdes como estrat\u00e9gia para o desenvolvimento sustent\u00e1vel.<\/p>\n<\/div>\n<p><script async defer async defer src=\"https:\/\/connect.facebook.net\/en_US\/sdk.js?ver=1#xfbml=1&amp;version=v3.2\" id=\"prefeitura-campogrande-script-facebook-sdk-js\"><\/script><\/p>\n","protected":false},"excerpt":{"rendered":"<p>Campo Grande avan\u00e7a em sustentabilidade urbana com a implanta\u00e7\u00e3o do primeiro jardim de chuva em \u00e1rea p\u00fablica da cidade. A estrutura foi instalada na Central de Atendimento ao Cidad\u00e3o (CAC) e integra a\u00e7\u00f5es voltadas ao manejo sustent\u00e1vel das \u00e1guas pluviais. A iniciativa \u00e9 resultado de uma parceria entre a Universidade Anhanguera-Uniderp e a Secretaria Municipal [&hellip;]<\/p>\n","protected":false},"author":1,"featured_media":0,"comment_status":"","ping_status":"","sticky":false,"template":"","format":"standard","meta":{"footnotes":""},"categories":[],"tags":[],"class_list":["post-49275","post","type-post","status-publish","format-standard","hentry"],"amp_enabled":true,"_links":{"self":[{"href":"https:\/\/novasdodia.com.br\/index.php\/wp-json\/wp\/v2\/posts\/49275","targetHints":{"allow":["GET"]}}],"collection":[{"href":"https:\/\/novasdodia.com.br\/index.php\/wp-json\/wp\/v2\/posts"}],"about":[{"href":"https:\/\/novasdodia.com.br\/index.php\/wp-json\/wp\/v2\/types\/post"}],"author":[{"embeddable":true,"href":"https:\/\/novasdodia.com.br\/index.php\/wp-json\/wp\/v2\/users\/1"}],"replies":[{"embeddable":true,"href":"https:\/\/novasdodia.com.br\/index.php\/wp-json\/wp\/v2\/comments?post=49275"}],"version-history":[{"count":0,"href":"https:\/\/novasdodia.com.br\/index.php\/wp-json\/wp\/v2\/posts\/49275\/revisions"}],"wp:attachment":[{"href":"https:\/\/novasdodia.com.br\/index.php\/wp-json\/wp\/v2\/media?parent=49275"}],"wp:term":[{"taxonomy":"category","embeddable":true,"href":"https:\/\/novasdodia.com.br\/index.php\/wp-json\/wp\/v2\/categories?post=49275"},{"taxonomy":"post_tag","embeddable":true,"href":"https:\/\/novasdodia.com.br\/index.php\/wp-json\/wp\/v2\/tags?post=49275"}],"curies":[{"name":"wp","href":"https:\/\/api.w.org\/{rel}","templated":true}]}}