{"id":49280,"date":"2026-04-27T16:44:36","date_gmt":"2026-04-27T19:44:36","guid":{"rendered":"https:\/\/novasdodia.com.br\/index.php\/2026\/04\/27\/agetran-define-operacao-para-o-feriado-do-dia-do-trabalhador-cgnoticias\/"},"modified":"2026-04-27T16:44:36","modified_gmt":"2026-04-27T19:44:36","slug":"agetran-define-operacao-para-o-feriado-do-dia-do-trabalhador-cgnoticias","status":"publish","type":"post","link":"https:\/\/novasdodia.com.br\/index.php\/2026\/04\/27\/agetran-define-operacao-para-o-feriado-do-dia-do-trabalhador-cgnoticias\/","title":{"rendered":"Agetran define opera\u00e7\u00e3o para o feriado do Dia do Trabalhador \u2013 CGNot\u00edcias"},"content":{"rendered":"<p><\/p>\n<div>\n<p>A Ag\u00eancia Municipal de Transporte e Tr\u00e2nsito (Agetran) preparou um plano operacional especial para o sistema de transporte coletivo durante o feriado do Dia do Trabalhador, nos dias 1\u00ba e 2 de maio de 2026. A medida tem como objetivo garantir a continuidade do atendimento \u00e0 popula\u00e7\u00e3o com efici\u00eancia, seguran\u00e7a e adequa\u00e7\u00e3o \u00e0 demanda dos usu\u00e1rios.<\/p>\n<p><strong>01 de maio de 2026 (sexta-feira)<\/strong><\/p>\n<p>No feriado do Dia do Trabalhador, o sistema de transporte p\u00fablico funcionar\u00e1 com ajustes operacionais espec\u00edficos:<\/p>\n<p>As linhas 244, 322, 410, 418, 419, 422 e 424 ter\u00e3o opera\u00e7\u00e3o adaptada para atendimento das demandas das \u00e1reas industriais;<\/p>\n<p>As linhas 515 e 522 seguir\u00e3o o plano funcional de s\u00e1bado;<\/p>\n<p>As demais linhas operar\u00e3o conforme o plano de domingos e feriados.<\/p>\n<p>Al\u00e9m disso, ser\u00e1 refor\u00e7ada a opera\u00e7\u00e3o com quatro ve\u00edculos reserva, sendo dois habituais e dois adicionais, com tripula\u00e7\u00e3o posicionada nos principais terminais da cidade: Guaicurus, Moren\u00e3o, Bandeirantes, Aero Rancho, J\u00falio de Castilho, General Os\u00f3rio, Nova Bahia e H\u00e9rcules Maymone.<\/p>\n<p>O Cons\u00f3rcio Guaicurus dever\u00e1 acompanhar continuamente a opera\u00e7\u00e3o das linhas, podendo realizar ajustes na frota, quando necess\u00e1rio ou por determina\u00e7\u00e3o da fiscaliza\u00e7\u00e3o da Agetran, especialmente ap\u00f3s os hor\u00e1rios de pico, que ocorrem das 5h30 \u00e0s 8h30, das 10h30 \u00e0s 13h30 e das 16h \u00e0s 18h30. As adequa\u00e7\u00f5es dever\u00e3o se limitar ao aumento da oferta de ve\u00edculos, conforme a demanda identificada.<\/p>\n<p><strong>02 de maio de 2026 (s\u00e1bado)<\/strong><\/p>\n<p>No s\u00e1bado, todo o sistema de transporte coletivo operar\u00e1 conforme o plano funcional regular de s\u00e1bados, sem altera\u00e7\u00f5es adicionais.<\/p>\n<p>Monitoramento e opera\u00e7\u00e3o<\/p>\n<p>A Agetran acompanhar\u00e1 toda a opera\u00e7\u00e3o em tempo real, promovendo ajustes sempre que necess\u00e1rio para garantir o bom funcionamento do sistema.<\/p>\n<p>O plano especial refor\u00e7a o compromisso da Prefeitura em assegurar um transporte p\u00fablico eficiente, acess\u00edvel e adequado \u00e0 mobilidade da popula\u00e7\u00e3o, especialmente em per\u00edodos de maior movimenta\u00e7\u00e3o como feriados prolongados.<\/p>\n<\/div>\n<p><script async defer async defer src=\"https:\/\/connect.facebook.net\/en_US\/sdk.js?ver=1#xfbml=1&amp;version=v3.2\" id=\"prefeitura-campogrande-script-facebook-sdk-js\"><\/script><\/p>\n","protected":false},"excerpt":{"rendered":"<p>A Ag\u00eancia Municipal de Transporte e Tr\u00e2nsito (Agetran) preparou um plano operacional especial para o sistema de transporte coletivo durante o feriado do Dia do Trabalhador, nos dias 1\u00ba e 2 de maio de 2026. A medida tem como objetivo garantir a continuidade do atendimento \u00e0 popula\u00e7\u00e3o com efici\u00eancia, seguran\u00e7a e adequa\u00e7\u00e3o \u00e0 demanda dos [&hellip;]<\/p>\n","protected":false},"author":1,"featured_media":0,"comment_status":"","ping_status":"","sticky":false,"template":"","format":"standard","meta":{"footnotes":""},"categories":[],"tags":[],"class_list":["post-49280","post","type-post","status-publish","format-standard","hentry"],"amp_enabled":true,"_links":{"self":[{"href":"https:\/\/novasdodia.com.br\/index.php\/wp-json\/wp\/v2\/posts\/49280","targetHints":{"allow":["GET"]}}],"collection":[{"href":"https:\/\/novasdodia.com.br\/index.php\/wp-json\/wp\/v2\/posts"}],"about":[{"href":"https:\/\/novasdodia.com.br\/index.php\/wp-json\/wp\/v2\/types\/post"}],"author":[{"embeddable":true,"href":"https:\/\/novasdodia.com.br\/index.php\/wp-json\/wp\/v2\/users\/1"}],"replies":[{"embeddable":true,"href":"https:\/\/novasdodia.com.br\/index.php\/wp-json\/wp\/v2\/comments?post=49280"}],"version-history":[{"count":0,"href":"https:\/\/novasdodia.com.br\/index.php\/wp-json\/wp\/v2\/posts\/49280\/revisions"}],"wp:attachment":[{"href":"https:\/\/novasdodia.com.br\/index.php\/wp-json\/wp\/v2\/media?parent=49280"}],"wp:term":[{"taxonomy":"category","embeddable":true,"href":"https:\/\/novasdodia.com.br\/index.php\/wp-json\/wp\/v2\/categories?post=49280"},{"taxonomy":"post_tag","embeddable":true,"href":"https:\/\/novasdodia.com.br\/index.php\/wp-json\/wp\/v2\/tags?post=49280"}],"curies":[{"name":"wp","href":"https:\/\/api.w.org\/{rel}","templated":true}]}}