{"id":49289,"date":"2026-04-27T19:32:36","date_gmt":"2026-04-27T22:32:36","guid":{"rendered":"https:\/\/novasdodia.com.br\/index.php\/2026\/04\/27\/prefcg-prorroga-validade-de-concurso-por-mais-dois-anos-cgnoticias\/"},"modified":"2026-04-27T19:32:36","modified_gmt":"2026-04-27T22:32:36","slug":"prefcg-prorroga-validade-de-concurso-por-mais-dois-anos-cgnoticias","status":"publish","type":"post","link":"https:\/\/novasdodia.com.br\/index.php\/2026\/04\/27\/prefcg-prorroga-validade-de-concurso-por-mais-dois-anos-cgnoticias\/","title":{"rendered":"PrefCG prorroga validade de concurso por mais dois anos \u2013 CGNot\u00edcias"},"content":{"rendered":"<p><\/p>\n<div>\n<p>A Prefeitura de Campo Grande oficializou, na tarde desta segunda-feira (27), a prorroga\u00e7\u00e3o por mais dois anos da validade do Concurso P\u00fablico de Provas e T\u00edtulos para professores da Rede Municipal de Ensino (Reme), realizado em 2023. A medida foi formalizada por meio do Decreto n\u00ba 16.608, garantindo a continuidade das convoca\u00e7\u00f5es de profissionais aprovados.<\/p>\n<p>O concurso, publicado anteriormente no Diogrande n\u00ba 7.488, de 3 de maio de 2023, teria sua validade encerrada neste m\u00eas. Com a prorroga\u00e7\u00e3o, a administra\u00e7\u00e3o municipal amplia o prazo para chamar novos professores, conforme a necessidade da rede.<\/p>\n<p>Durante o ato, a prefeita Adriane Lopes destacou que a iniciativa acompanha o crescimento da rede municipal e a amplia\u00e7\u00e3o do n\u00famero de alunos. \u201cA prorroga\u00e7\u00e3o do concurso acompanha o crescimento da nossa rede municipal de ensino. Com o aumento do n\u00famero de alunos, tamb\u00e9m cresce a necessidade de mais professores em sala de aula. Essa medida garante que possamos continuar realizando convoca\u00e7\u00f5es conforme a demanda, especialmente diante da entrega de novas unidades escolares\u201d, disse.<\/p>\n<figure class=\"wp-block-image size-large\"><\/figure>\n<p>Ainda segundo a Chefe do Executivo Municipal, a medida permite dar continuidade ao planejamento educacional do munic\u00edpio, garantindo a reposi\u00e7\u00e3o de profissionais e o atendimento \u00e0 expans\u00e3o das unidades escolares. A prefeita tamb\u00e9m ressaltou que novas escolas est\u00e3o em fase de conclus\u00e3o, o que pode demandar a contrata\u00e7\u00e3o de mais professores ao longo do per\u00edodo de vig\u00eancia prorrogado.<\/p>\n<p>A decis\u00e3o tamb\u00e9m foi comentada pelo presidente Associa\u00e7\u00e3o Comercial dos Proferssores (ACP), Gilvano Bronzoni, que contextualizou o cen\u00e1rio da educa\u00e7\u00e3o no munic\u00edpio em rela\u00e7\u00e3o ao restante do pa\u00eds.<\/p>\n<p>\u201cCampo Grande j\u00e1 supera a m\u00e9dia nacional no n\u00famero de professores efetivos, refor\u00e7ando o compromisso com a valoriza\u00e7\u00e3o da educa\u00e7\u00e3o e o ingresso por concurso p\u00fablico. Com a prorroga\u00e7\u00e3o, o munic\u00edpio avan\u00e7a no planejamento de novas convoca\u00e7\u00f5es para os pr\u00f3ximos dois anos, ampliando o quadro da rede municipal de ensino\u201d.<\/p>\n<figure class=\"wp-block-image size-large\"><\/figure>\n<p>Representando o Legislativo, o vereador Professor Juari, presidente da Comiss\u00e3o de Educa\u00e7\u00e3o e Desporto, enfatizou o impacto da medida para os profissionais aprovados. \u201c A aprova\u00e7\u00e3o em concurso exige esfor\u00e7o, e a prorroga\u00e7\u00e3o garante mais seguran\u00e7a e esperan\u00e7a aos profissionais que aguardam convoca\u00e7\u00e3o. \u00c9 uma conquista do magist\u00e9rio, resultado de di\u00e1logo e compromisso com a educa\u00e7\u00e3o p\u00fablica\u201d.<\/p>\n<figure class=\"wp-block-image size-large\"><\/figure>\n<p>Com a publica\u00e7\u00e3o do decreto, a medida j\u00e1 est\u00e1 em vigor e passa a produzir efeitos imediatos, assegurando mais tempo para o chamamento de professores e fortalecendo a estrutura da educa\u00e7\u00e3o p\u00fablica municipal.<\/p>\n<p><em>#ParaTodosVerem: A foto de capa s\u00e3o dos representantes dos \u00f3rg\u00e3os institucionais presentes no ato da assinatura do Decreto; e as outras tr\u00eas s\u00e3o dos entrevistados citados na reportagem.<\/em><\/p>\n<\/div>\n<p><script async defer async defer src=\"https:\/\/connect.facebook.net\/en_US\/sdk.js?ver=1#xfbml=1&amp;version=v3.2\" id=\"prefeitura-campogrande-script-facebook-sdk-js\"><\/script><\/p>\n","protected":false},"excerpt":{"rendered":"<p>A Prefeitura de Campo Grande oficializou, na tarde desta segunda-feira (27), a prorroga\u00e7\u00e3o por mais dois anos da validade do Concurso P\u00fablico de Provas e T\u00edtulos para professores da Rede Municipal de Ensino (Reme), realizado em 2023. A medida foi formalizada por meio do Decreto n\u00ba 16.608, garantindo a continuidade das convoca\u00e7\u00f5es de profissionais aprovados. [&hellip;]<\/p>\n","protected":false},"author":1,"featured_media":0,"comment_status":"","ping_status":"","sticky":false,"template":"","format":"standard","meta":{"footnotes":""},"categories":[],"tags":[],"class_list":["post-49289","post","type-post","status-publish","format-standard","hentry"],"amp_enabled":true,"_links":{"self":[{"href":"https:\/\/novasdodia.com.br\/index.php\/wp-json\/wp\/v2\/posts\/49289","targetHints":{"allow":["GET"]}}],"collection":[{"href":"https:\/\/novasdodia.com.br\/index.php\/wp-json\/wp\/v2\/posts"}],"about":[{"href":"https:\/\/novasdodia.com.br\/index.php\/wp-json\/wp\/v2\/types\/post"}],"author":[{"embeddable":true,"href":"https:\/\/novasdodia.com.br\/index.php\/wp-json\/wp\/v2\/users\/1"}],"replies":[{"embeddable":true,"href":"https:\/\/novasdodia.com.br\/index.php\/wp-json\/wp\/v2\/comments?post=49289"}],"version-history":[{"count":0,"href":"https:\/\/novasdodia.com.br\/index.php\/wp-json\/wp\/v2\/posts\/49289\/revisions"}],"wp:attachment":[{"href":"https:\/\/novasdodia.com.br\/index.php\/wp-json\/wp\/v2\/media?parent=49289"}],"wp:term":[{"taxonomy":"category","embeddable":true,"href":"https:\/\/novasdodia.com.br\/index.php\/wp-json\/wp\/v2\/categories?post=49289"},{"taxonomy":"post_tag","embeddable":true,"href":"https:\/\/novasdodia.com.br\/index.php\/wp-json\/wp\/v2\/tags?post=49289"}],"curies":[{"name":"wp","href":"https:\/\/api.w.org\/{rel}","templated":true}]}}