{"id":49294,"date":"2026-04-27T22:25:54","date_gmt":"2026-04-28T01:25:54","guid":{"rendered":"https:\/\/novasdodia.com.br\/index.php\/2026\/04\/27\/apos-reuniao-na-prefeitura-de-sorocaba-secretario-estadual-da-saude-anuncia-melhorias-para-o-chs-agencia-de-noticias\/"},"modified":"2026-04-27T22:25:54","modified_gmt":"2026-04-28T01:25:54","slug":"apos-reuniao-na-prefeitura-de-sorocaba-secretario-estadual-da-saude-anuncia-melhorias-para-o-chs-agencia-de-noticias","status":"publish","type":"post","link":"https:\/\/novasdodia.com.br\/index.php\/2026\/04\/27\/apos-reuniao-na-prefeitura-de-sorocaba-secretario-estadual-da-saude-anuncia-melhorias-para-o-chs-agencia-de-noticias\/","title":{"rendered":"Ap\u00f3s reuni\u00e3o na Prefeitura de Sorocaba, secret\u00e1rio estadual da Sa\u00fade anuncia melhorias para o CHS \u2013 Ag\u00eancia de Not\u00edcias"},"content":{"rendered":"<p><\/p>\n<div wp_automatic_readability=\"31\">\n<div class=\"col\" wp_automatic_readability=\"7\">\n<p class=\"mt-0\">\n                        <strong><br \/>\n                            <span class=\"far fa-calendar mr-1 mt-2\"\/><br \/>\n                            27 de abril de 2026<br \/>\n                            <span class=\"far fa-clock ml-3 mt-2\"\/><br \/>\n                            18:01<br \/>\n                        <\/strong>\n                    <\/p>\n<p class=\"mb-0\">Por: <strong>Secom<\/strong><\/p>\n<\/p><\/div>\n<\/p><\/div>\n<div wp_automatic_readability=\"79.494865525672\">\n<figure id=\"attachment_186448\" aria-describedby=\"caption-attachment-186448\" style=\"width: 1024px\" class=\"wp-caption aligncenter\"><figcaption id=\"caption-attachment-186448\" class=\"wp-caption-text\">Fotos: Michelle Alves (Secom Sorocaba)<\/figcaption><\/figure>\n<p align=\"justify\"><span style=\"font-family: Arial, sans-serif;\">A Prefeitura de Sorocaba recebeu, na tarde desta segunda-feira (27), no gabinete do prefeito Rodrigo Manga, no sexto andar do Pa\u00e7o Municipal, o secret\u00e1rio estadual da Sa\u00fade, Eleuses Paiva, representando o governador de S\u00e3o Paulo, Tarc\u00edsio de Freitas. A reuni\u00e3o teve como pauta as a\u00e7\u00f5es da Sa\u00fade que podem ser realizadas na cidade, bem como as interven\u00e7\u00f5es que ser\u00e3o feitas no Conjunto Hospitalar de Sorocaba (CHS), mantido pelo Governo Estadual e que atende as cidades da Regi\u00e3o de Sorocaba.<\/span><\/p>\n<p align=\"justify\"><span style=\"font-family: Arial, sans-serif;\">De acordo com Eleuses, est\u00e3o programadas melhorias estruturais na unidade, assim como a amplia\u00e7\u00e3o de 30 leitos para o pronto-socorro do CHS. Segundo o secret\u00e1rio, tamb\u00e9m ser\u00e1 realizado o reparo do elevador e a amplia\u00e7\u00e3o de mais um equipamento para colaborar no transporte interno de pavimento para pacientes.<\/span><\/p>\n<p align=\"justify\"><span style=\"font-family: Arial, sans-serif;\">A Prefeitura se colocou \u00e0 disposi\u00e7\u00e3o para colaborar no aprimoramento da comunica\u00e7\u00e3o entre Estado e Munic\u00edpio. Ap\u00f3s o encontro no gabinete do prefeito, o secret\u00e1rio estadual fez uma visita ao CHS acompanhado do secret\u00e1rio municipal da sa\u00fade, Jo\u00e3o Pedro Fraletti Miguel. <\/span><\/p>\n<p align=\"justify\">\u201c<span style=\"font-family: Arial, sans-serif;\">Estamos \u00e0 disposi\u00e7\u00e3o para contribuir com a sa\u00fade e o bem-estar da popula\u00e7\u00e3o em todas as esferas. Conversei com o Governador Tarc\u00edsio de Freitas e ele enviou o secret\u00e1rio Eleuses para debatermos sobre as a\u00e7\u00f5es que podem ser feitas em nossa cidade. Al\u00e9m disso, tamb\u00e9m falamos sobre as melhorias que o Governo Estadual realizar\u00e1 no CHS, que atende os munic\u00edpios da regi\u00e3o de Sorocaba\u201d, disse o prefeito Rodrigo Manga.<\/span><\/p>\n<p align=\"justify\"><span style=\"font-family: Arial, sans-serif;\">Na reuni\u00e3o no sexto andar, al\u00e9m do prefeito Rodrigo Manga, tamb\u00e9m estiveram presentes o secret\u00e1rio municipal da Sa\u00fade, Jo\u00e3o Pedro Fraletti Miguel, e o gestor de Urg\u00eancia e Emerg\u00eancia da SES, Glauco Parrillo Fernandes, al\u00e9m da coordenadora de Gest\u00e3o de Contratos de Servi\u00e7os de Sa\u00fade (CGCSS), Marcela P\u00e9golo da Silveira, e a coordenadora de Sa\u00fade Digital, Cristina Balestrin, ambas do Governo do Estado de S\u00e3o Paulo.<\/span><\/p>\n<p><!-- Root element of PhotoSwipe. Must have class pswp. --><\/p><\/div>\n","protected":false},"excerpt":{"rendered":"<p>27 de abril de 2026 18:01 Por: Secom Fotos: Michelle Alves (Secom Sorocaba) A Prefeitura de Sorocaba recebeu, na tarde desta segunda-feira (27), no gabinete do prefeito Rodrigo Manga, no sexto andar do Pa\u00e7o Municipal, o secret\u00e1rio estadual da Sa\u00fade, Eleuses Paiva, representando o governador de S\u00e3o Paulo, Tarc\u00edsio de Freitas. A reuni\u00e3o teve como [&hellip;]<\/p>\n","protected":false},"author":1,"featured_media":0,"comment_status":"","ping_status":"","sticky":false,"template":"","format":"standard","meta":{"footnotes":""},"categories":[1],"tags":[],"class_list":["post-49294","post","type-post","status-publish","format-standard","hentry","category-noticias"],"amp_enabled":true,"_links":{"self":[{"href":"https:\/\/novasdodia.com.br\/index.php\/wp-json\/wp\/v2\/posts\/49294","targetHints":{"allow":["GET"]}}],"collection":[{"href":"https:\/\/novasdodia.com.br\/index.php\/wp-json\/wp\/v2\/posts"}],"about":[{"href":"https:\/\/novasdodia.com.br\/index.php\/wp-json\/wp\/v2\/types\/post"}],"author":[{"embeddable":true,"href":"https:\/\/novasdodia.com.br\/index.php\/wp-json\/wp\/v2\/users\/1"}],"replies":[{"embeddable":true,"href":"https:\/\/novasdodia.com.br\/index.php\/wp-json\/wp\/v2\/comments?post=49294"}],"version-history":[{"count":0,"href":"https:\/\/novasdodia.com.br\/index.php\/wp-json\/wp\/v2\/posts\/49294\/revisions"}],"wp:attachment":[{"href":"https:\/\/novasdodia.com.br\/index.php\/wp-json\/wp\/v2\/media?parent=49294"}],"wp:term":[{"taxonomy":"category","embeddable":true,"href":"https:\/\/novasdodia.com.br\/index.php\/wp-json\/wp\/v2\/categories?post=49294"},{"taxonomy":"post_tag","embeddable":true,"href":"https:\/\/novasdodia.com.br\/index.php\/wp-json\/wp\/v2\/tags?post=49294"}],"curies":[{"name":"wp","href":"https:\/\/api.w.org\/{rel}","templated":true}]}}