{"id":49297,"date":"2026-04-27T23:49:35","date_gmt":"2026-04-28T02:49:35","guid":{"rendered":"https:\/\/novasdodia.com.br\/index.php\/2026\/04\/27\/agencia-minas-gerais-nota-a-imprensa-13\/"},"modified":"2026-04-27T23:49:35","modified_gmt":"2026-04-28T02:49:35","slug":"agencia-minas-gerais-nota-a-imprensa-13","status":"publish","type":"post","link":"https:\/\/novasdodia.com.br\/index.php\/2026\/04\/27\/agencia-minas-gerais-nota-a-imprensa-13\/","title":{"rendered":"Ag\u00eancia Minas Gerais | Nota \u00e0 imprensa"},"content":{"rendered":"<p><\/p>\n<div>\n<p>O Governo de Minas Gerais comunica a exonera\u00e7\u00e3o do secret\u00e1rio de Estado de\u00a0Educa\u00e7\u00e3o, Rossieli Soares, nesta segunda-feira (27\/04).<\/p>\n<p>A secretaria ser\u00e1 comandada por Gustavo Braga. Formado em Administra\u00e7\u00e3o P\u00fablica (Funda\u00e7\u00e3o Jo\u00e3o Pinheiro) e com mestrado em Lideran\u00e7a e Gest\u00e3o P\u00fablica (Centro de Lideran\u00e7a P\u00fablica), ele \u00e9 servidor estadual da carreira de Especialista em Pol\u00edticas P\u00fablicas e Gest\u00e3o Governamental do Governo do Estado de Minas Gerais desde o ano de 2013.<\/p>\n<p>Na Secretaria de Estado da Educa\u00e7\u00e3o, foi chefe de gabinete e chefe da Assessoria Estrat\u00e9gica, tendo conduzido o planejamento estrat\u00e9gico da institui\u00e7\u00e3o e projetos de moderniza\u00e7\u00e3o da gest\u00e3o educacional. Atualmente, Gustavo exercia o cargo de chefe de gabinete da Secretaria de Estado de Governo.\u00a0<\/p>\n<p>Informa\u00e7\u00f5es sobre posse ser\u00e3o divulgadas em novo momento.<\/p>\n<\/p><\/div>\n","protected":false},"excerpt":{"rendered":"<p>O Governo de Minas Gerais comunica a exonera\u00e7\u00e3o do secret\u00e1rio de Estado de\u00a0Educa\u00e7\u00e3o, Rossieli Soares, nesta segunda-feira (27\/04). A secretaria ser\u00e1 comandada por Gustavo Braga. Formado em Administra\u00e7\u00e3o P\u00fablica (Funda\u00e7\u00e3o Jo\u00e3o Pinheiro) e com mestrado em Lideran\u00e7a e Gest\u00e3o P\u00fablica (Centro de Lideran\u00e7a P\u00fablica), ele \u00e9 servidor estadual da carreira de Especialista em Pol\u00edticas P\u00fablicas [&hellip;]<\/p>\n","protected":false},"author":1,"featured_media":0,"comment_status":"","ping_status":"","sticky":false,"template":"","format":"standard","meta":{"footnotes":""},"categories":[1],"tags":[],"class_list":["post-49297","post","type-post","status-publish","format-standard","hentry","category-noticias"],"amp_enabled":true,"_links":{"self":[{"href":"https:\/\/novasdodia.com.br\/index.php\/wp-json\/wp\/v2\/posts\/49297","targetHints":{"allow":["GET"]}}],"collection":[{"href":"https:\/\/novasdodia.com.br\/index.php\/wp-json\/wp\/v2\/posts"}],"about":[{"href":"https:\/\/novasdodia.com.br\/index.php\/wp-json\/wp\/v2\/types\/post"}],"author":[{"embeddable":true,"href":"https:\/\/novasdodia.com.br\/index.php\/wp-json\/wp\/v2\/users\/1"}],"replies":[{"embeddable":true,"href":"https:\/\/novasdodia.com.br\/index.php\/wp-json\/wp\/v2\/comments?post=49297"}],"version-history":[{"count":0,"href":"https:\/\/novasdodia.com.br\/index.php\/wp-json\/wp\/v2\/posts\/49297\/revisions"}],"wp:attachment":[{"href":"https:\/\/novasdodia.com.br\/index.php\/wp-json\/wp\/v2\/media?parent=49297"}],"wp:term":[{"taxonomy":"category","embeddable":true,"href":"https:\/\/novasdodia.com.br\/index.php\/wp-json\/wp\/v2\/categories?post=49297"},{"taxonomy":"post_tag","embeddable":true,"href":"https:\/\/novasdodia.com.br\/index.php\/wp-json\/wp\/v2\/tags?post=49297"}],"curies":[{"name":"wp","href":"https:\/\/api.w.org\/{rel}","templated":true}]}}