{"id":49298,"date":"2026-04-28T01:13:51","date_gmt":"2026-04-28T04:13:51","guid":{"rendered":"https:\/\/novasdodia.com.br\/index.php\/2026\/04\/28\/prefeitura-de-joao-pessoa-realiza-evento-para-modernizacao-da-gestao-publica-por-meio-da-tecnologia\/"},"modified":"2026-04-28T01:13:51","modified_gmt":"2026-04-28T04:13:51","slug":"prefeitura-de-joao-pessoa-realiza-evento-para-modernizacao-da-gestao-publica-por-meio-da-tecnologia","status":"publish","type":"post","link":"https:\/\/novasdodia.com.br\/index.php\/2026\/04\/28\/prefeitura-de-joao-pessoa-realiza-evento-para-modernizacao-da-gestao-publica-por-meio-da-tecnologia\/","title":{"rendered":"Prefeitura de Jo\u00e3o Pessoa realiza evento para moderniza\u00e7\u00e3o da gest\u00e3o p\u00fablica por meio da tecnologia"},"content":{"rendered":"<p><\/p>\n<div>\n<p>A Prefeitura de Jo\u00e3o Pessoa, por meio da Unidade Municipal de Tecnologia da Informa\u00e7\u00e3o (UMTI), e em parceria com a Softplan, realiza, na pr\u00f3xima quinta-feira (30), o Conex\u00e3o GovTech \u2013 Edi\u00e7\u00e3o Para\u00edba. O evento \u00e9 gratuito e voltado \u00e0 moderniza\u00e7\u00e3o da gest\u00e3o p\u00fablica por meio da tecnologia. O Conex\u00e3o GovTech vai acontecer na Esta\u00e7\u00e3o Cabo Branco \u2013 Ci\u00eancia, Cultura e Artes, das 8h30 \u00e0s 14h. As vagas s\u00e3o limitadas, sendo necess\u00e1rio realizar a inscri\u00e7\u00e3o com anteced\u00eancia.<\/p>\n<figure class=\"wp-block-gallery has-nested-images columns-default is-cropped wp-block-gallery-1 is-layout-flex wp-block-gallery-is-layout-flex\">\n<figure class=\"wp-block-image\"><\/figure>\n<\/figure>\n<p>A programa\u00e7\u00e3o do evento reunir\u00e1 gestores e especialistas para discutir temas como digitaliza\u00e7\u00e3o de processos, efici\u00eancia administrativa, uso de dados na tomada de decis\u00e3o e transforma\u00e7\u00e3o digital no setor p\u00fablico.<\/p>\n<p>Entre os palestrantes, est\u00e3o o presidente da Associa\u00e7\u00e3o Nacional das Cidades Inteligentes, Tecnol\u00f3gicas e Inovadoras (Anciti), Bernardo D\u2019Almeida; o secret\u00e1rio de Ci\u00eancia e Tecnologia de Jo\u00e3o Pessoa, Guido Lemos; o coordenador-geral da UMTI de Jo\u00e3o Pessoa, Bruno Crispim; e o gerente de Infraestrutura da Superintend\u00eancia de Conserva\u00e7\u00e3o e Obras P\u00fablicas de Salvador (Sucop), Rafael Ara\u00fajo.<\/p>\n<p>Bruno Crispim afirmou que a Prefeitura de Jo\u00e3o Pessoa \u00e9 refer\u00eancia em moderniza\u00e7\u00e3o da administra\u00e7\u00e3o p\u00fablica. Ele remonta que, desde 2021, a gest\u00e3o foi modernizada a partir dos investimentos em tecnologia. Os processos passaram para o meio digital a partir da plataforma \u2018Prefeitura Conectada\u2019, e o aplicativo \u2018Jo\u00e3o Pessoa na Palma da M\u00e3o\u2019 re\u00fane 1.500 servi\u00e7os mapeados para 480 mil usu\u00e1rios.<\/p>\n<p>\u201cAntes, as pessoas se dirigiam ao Centro Administrativo Municipal para resolver demandas pessoalmente. Hoje, a realidade \u00e9 outra a partir da tecnologia, j\u00e1 que os processos s\u00e3o digitais. Ent\u00e3o, precisamos compartilhar isso com outros munic\u00edpios\u201d, ressaltou.<\/p>\n<p>O coordenador destaca ainda a import\u00e2ncia de capacitar cada vez mais os servidores no uso das novas tecnologias e cita a realiza\u00e7\u00e3o de eventos com grandes empresas do setor, como IBM e Nokia, al\u00e9m das parcerias com empresas de ciberseguran\u00e7a e participa\u00e7\u00e3o no F\u00f3rum de Cidades Digitais e Inteligentes, evento que ser\u00e1 novamente sediado em Jo\u00e3o Pessoa.<\/p>\n<p><strong>Inscri\u00e7\u00f5es<\/strong> \u2013 O Conex\u00e3o GovTech \u00e9 um encontro para prefeitos, secret\u00e1rios e lideran\u00e7as p\u00fablicas de toda a Para\u00edba que buscam solu\u00e7\u00f5es pr\u00e1ticas para tornar a gest\u00e3o mais eficiente, organizada e reconhecida. A inscri\u00e7\u00e3o \u00e9 gratuita e deve ser feita neste link, onde tamb\u00e9m est\u00e1 dispon\u00edvel a programa\u00e7\u00e3o completa do evento.<\/p>\n<\/p><\/div>\n","protected":false},"excerpt":{"rendered":"<p>A Prefeitura de Jo\u00e3o Pessoa, por meio da Unidade Municipal de Tecnologia da Informa\u00e7\u00e3o (UMTI), e em parceria com a Softplan, realiza, na pr\u00f3xima quinta-feira (30), o Conex\u00e3o GovTech \u2013 Edi\u00e7\u00e3o Para\u00edba. O evento \u00e9 gratuito e voltado \u00e0 moderniza\u00e7\u00e3o da gest\u00e3o p\u00fablica por meio da tecnologia. O Conex\u00e3o GovTech vai acontecer na Esta\u00e7\u00e3o Cabo [&hellip;]<\/p>\n","protected":false},"author":1,"featured_media":0,"comment_status":"","ping_status":"","sticky":false,"template":"","format":"standard","meta":{"footnotes":""},"categories":[1],"tags":[],"class_list":["post-49298","post","type-post","status-publish","format-standard","hentry","category-noticias"],"amp_enabled":true,"_links":{"self":[{"href":"https:\/\/novasdodia.com.br\/index.php\/wp-json\/wp\/v2\/posts\/49298","targetHints":{"allow":["GET"]}}],"collection":[{"href":"https:\/\/novasdodia.com.br\/index.php\/wp-json\/wp\/v2\/posts"}],"about":[{"href":"https:\/\/novasdodia.com.br\/index.php\/wp-json\/wp\/v2\/types\/post"}],"author":[{"embeddable":true,"href":"https:\/\/novasdodia.com.br\/index.php\/wp-json\/wp\/v2\/users\/1"}],"replies":[{"embeddable":true,"href":"https:\/\/novasdodia.com.br\/index.php\/wp-json\/wp\/v2\/comments?post=49298"}],"version-history":[{"count":0,"href":"https:\/\/novasdodia.com.br\/index.php\/wp-json\/wp\/v2\/posts\/49298\/revisions"}],"wp:attachment":[{"href":"https:\/\/novasdodia.com.br\/index.php\/wp-json\/wp\/v2\/media?parent=49298"}],"wp:term":[{"taxonomy":"category","embeddable":true,"href":"https:\/\/novasdodia.com.br\/index.php\/wp-json\/wp\/v2\/categories?post=49298"},{"taxonomy":"post_tag","embeddable":true,"href":"https:\/\/novasdodia.com.br\/index.php\/wp-json\/wp\/v2\/tags?post=49298"}],"curies":[{"name":"wp","href":"https:\/\/api.w.org\/{rel}","templated":true}]}}