{"id":49299,"date":"2026-04-28T01:55:39","date_gmt":"2026-04-28T04:55:39","guid":{"rendered":"https:\/\/novasdodia.com.br\/index.php\/2026\/04\/28\/ifsp-oferece-1-950-vagas-para-cursos-tecnicos-gratuitos-no-2o-semestre-de-2026-ifsp\/"},"modified":"2026-04-28T01:55:39","modified_gmt":"2026-04-28T04:55:39","slug":"ifsp-oferece-1-950-vagas-para-cursos-tecnicos-gratuitos-no-2o-semestre-de-2026-ifsp","status":"publish","type":"post","link":"https:\/\/novasdodia.com.br\/index.php\/2026\/04\/28\/ifsp-oferece-1-950-vagas-para-cursos-tecnicos-gratuitos-no-2o-semestre-de-2026-ifsp\/","title":{"rendered":"IFSP oferece 1.950 vagas para cursos t\u00e9cnicos gratuitos no 2\u00ba semestre de 2026\u00a0 &#8211; IFSP"},"content":{"rendered":"<p><\/p>\n<div>\n<div class=\"subtitle\">\n<p><span data-contrast=\"auto\">Inscri\u00e7\u00f5es de 27 de abril a 18 de maio; vagas em 26 campi do estado de S\u00e3o Paulo<\/span><span data-ccp-props=\"{&quot;134233118&quot;:false,&quot;201341983&quot;:0,&quot;335559739&quot;:0,&quot;335559740&quot;:240}\">\u00a0<\/span><\/p>\n<\/div>\n<p><!-- fim .content-header-options-1 --><\/p>\n<p><span data-contrast=\"auto\">O Instituto Federal de Educa\u00e7\u00e3o, Ci\u00eancia e Tecnologia de S\u00e3o Paulo (IFSP) oferece\u00a01.950\u00a0vagas para cursos t\u00e9cnicos em 26 campi espalhados pelo estado. As aulas come\u00e7am no 2\u00ba semestre de 2026.\u00a0<\/span><span data-ccp-props=\"{&quot;134233118&quot;:false,&quot;201341983&quot;:0,&quot;335559739&quot;:0,&quot;335559740&quot;:240}\">\u00a0<\/span><\/p>\n<p><span data-contrast=\"auto\">Podem se inscrever pessoas de qualquer idade que estejam cursando ou j\u00e1 tenham conclu\u00eddo o ensino m\u00e9dio.<\/span><span data-ccp-props=\"{&quot;134233118&quot;:false,&quot;201341983&quot;:0,&quot;335559739&quot;:0,&quot;335559740&quot;:240}\">\u00a0<\/span><\/p>\n<p><span data-contrast=\"auto\">As inscri\u00e7\u00f5es v\u00e3o de 27 de abril a 18 de maio pelo site:\u00a0concurso.fundacaocefetminas.org.br.<\/span><span data-ccp-props=\"{&quot;134233118&quot;:false,&quot;201341983&quot;:0,&quot;335559739&quot;:0,&quot;335559740&quot;:240}\">\u00a0<\/span><\/p>\n<p><b><span data-contrast=\"auto\">Taxa de inscri\u00e7\u00e3o<\/span><\/b><span data-ccp-props=\"{&quot;134233118&quot;:false,&quot;201341983&quot;:0,&quot;335559739&quot;:0,&quot;335559740&quot;:240}\">\u00a0<br \/><\/span><span data-contrast=\"auto\">Para se inscrever, o candidato deve pagar uma taxa de R$\u00a030\u00a0para a realiza\u00e7\u00e3o da prova.<\/span><span data-ccp-props=\"{&quot;134233118&quot;:false,&quot;201341983&quot;:0,&quot;335559739&quot;:0,&quot;335559740&quot;:240}\">\u00a0<\/span><\/p>\n<p><span data-contrast=\"auto\">O IFSP \u00e9 100% gratuito! N\u00e3o cobra taxa de matr\u00edcula nem mensalidade.\u00a0<\/span><span data-ccp-props=\"{&quot;134233118&quot;:false,&quot;201341983&quot;:0,&quot;335559739&quot;:0,&quot;335559740&quot;:240}\">\u00a0<\/span><\/p>\n<p><b><span data-contrast=\"auto\">Isen\u00e7\u00e3o da taxa de inscri\u00e7\u00e3o<\/span><\/b><span data-contrast=\"auto\">:\u00a0candidatos em situa\u00e7\u00e3o de vulnerabilidade socioecon\u00f4mica podem solicitar isen\u00e7\u00e3o da taxa. Para isso, \u00e9 necess\u00e1rio ter renda de at\u00e9 R$ 2.431,50\u00a0por pessoa da fam\u00edlia\u00a0e ter cursado todo o ensino fundamental em escola p\u00fablica ou com bolsa integral em escola particular.<\/span><span data-ccp-props=\"{&quot;134233118&quot;:false,&quot;201341983&quot;:0,&quot;335559739&quot;:0,&quot;335559740&quot;:240}\">\u00a0<\/span><\/p>\n<p><b><span data-contrast=\"auto\">Campi com vagas<\/span><\/b><span data-ccp-props=\"{&quot;134233118&quot;:false,&quot;201341983&quot;:0,&quot;335559739&quot;:0,&quot;335559740&quot;:240}\">\u00a0<\/span><\/p>\n<p><span data-contrast=\"auto\">As 1.950 vagas est\u00e3o distribu\u00eddas em 26 campi do estado de S\u00e3o Paulo: Araraquara, Bragan\u00e7a Paulista, Birigui, Boituva, Caraguatatuba, Cubat\u00e3o, Campinas, Capivari, Guarulhos, Hortol\u00e2ndia, Itapetininga, Itaquaquecetuba, Jacare\u00ed, Presidente Epit\u00e1cio, Piracicaba, Presidente Prudente,\u00a0Pirituba, Rio Claro, Registro, S\u00e3o Carlos, S\u00e3o Jos\u00e9 dos Campos, Salto, Sorocaba, S\u00e3o Paulo, Sert\u00e3ozinho e Suzano.\u00a0<\/span><span data-ccp-props=\"{&quot;134233118&quot;:false,&quot;201341983&quot;:0,&quot;335559739&quot;:0,&quot;335559740&quot;:240}\">\u00a0<\/span><\/p>\n<p><span data-contrast=\"auto\">Veja os cursos dispon\u00edveis por campus em ifsp.edu.br\/ps2026cs.\u00a0<\/span><span data-ccp-props=\"{&quot;134233118&quot;:false,&quot;201341983&quot;:0,&quot;335559739&quot;:0,&quot;335559740&quot;:240}\">\u00a0<\/span><\/p>\n<p><b><span data-contrast=\"auto\">Modalidades de ensino<br \/><\/span><\/b><span data-contrast=\"auto\">Quem ainda\u00a0<\/span><b><span data-contrast=\"auto\">est\u00e1 cursando o ensino m\u00e9dio<\/span><\/b><span data-contrast=\"auto\">\u00a0deve se inscrever em um curso t\u00e9cnico\u00a0<\/span><b><span data-contrast=\"auto\">concomitante<\/span><\/b><span data-contrast=\"auto\">\u00a0ao ensino m\u00e9dio.\u00a0<\/span><span data-ccp-props=\"{&quot;134233118&quot;:false,&quot;201341983&quot;:0,&quot;335559739&quot;:0,&quot;335559740&quot;:240}\">\u00a0<\/span><\/p>\n<p><span data-contrast=\"auto\">Para quem\u00a0<\/span><b><span data-contrast=\"auto\">j\u00e1 terminou o ensino m\u00e9dio<\/span><\/b><span data-contrast=\"auto\">, a inscri\u00e7\u00e3o deve ser feita em um curso t\u00e9cnico<\/span><b><span data-contrast=\"auto\">\u00a0subsequente<\/span><\/b><span data-contrast=\"auto\">\u00a0ao ensino m\u00e9dio. E n\u00e3o importa h\u00e1 quanto tempo o candidato concluiu os estudos. As oportunidades s\u00e3o para todas as idades!<\/span><span data-ccp-props=\"{&quot;134233118&quot;:false,&quot;201341983&quot;:0,&quot;335559739&quot;:0,&quot;335559740&quot;:240}\">\u00a0<\/span><\/p>\n<p><span data-contrast=\"auto\">O importante \u00e9 que,\u00a0em qualquer modalidade de ensino, o estudante vai receber o diploma de t\u00e9cnico do IFSP e ter muitas chances no mundo do trabalho.\u00a0<\/span><span data-ccp-props=\"{&quot;134233118&quot;:false,&quot;201341983&quot;:0,&quot;335559739&quot;:0,&quot;335559740&quot;:240}\">\u00a0<\/span><\/p>\n<p><b><span data-contrast=\"auto\">Reserva de vagas<br \/><\/span><\/b><span data-contrast=\"auto\">Pessoas que estudaram todo o ensino fundamental (1\u00ba ao 9\u00ba ano ou 1\u00aa \u00e0 8\u00aa s\u00e9rie) exclusivamente em escolas p\u00fablicas poder\u00e3o concorrer \u00e0 reserva de vagas.\u00a0<\/span><span data-ccp-props=\"{&quot;134233118&quot;:false,&quot;201341983&quot;:0,&quot;335559739&quot;:0,&quot;335559740&quot;:240}\">\u00a0<\/span><\/p>\n<p><span data-contrast=\"auto\">No ato da inscri\u00e7\u00e3o, devem fornecer informa\u00e7\u00f5es sobre renda familiar, n\u00famero de moradores na resid\u00eancia e, quando aplic\u00e1vel, realizar\u00a0autodeclara\u00e7\u00e3o\u00a0como pessoa preta, parda ou ind\u00edgena, quilombola ou pessoa com defici\u00eancia.<\/span><span data-ccp-props=\"{&quot;134233118&quot;:false,&quot;201341983&quot;:0,&quot;335559739&quot;:0,&quot;335559740&quot;:240}\">\u00a0<\/span><\/p>\n<p><b><span data-contrast=\"auto\">Atendimento especializado<\/span><\/b><span data-ccp-props=\"{&quot;134233118&quot;:false,&quot;201341983&quot;:0,&quot;335559739&quot;:0,&quot;335559740&quot;:240}\">\u00a0<br \/><\/span><span data-contrast=\"auto\">Pessoas com baixa vis\u00e3o, surdez e\/ou outras defici\u00eancias, gestantes, lactantes, idosos, estudantes em classe hospitalar ou com outra condi\u00e7\u00e3o espec\u00edfica podem pedir atendimento especializado para realizar a prova, enviando os documentos comprobat\u00f3rios na fase de inscri\u00e7\u00e3o.<\/span><span data-ccp-props=\"{&quot;134233118&quot;:false,&quot;201341983&quot;:0,&quot;335559739&quot;:0,&quot;335559740&quot;:240}\">\u00a0<\/span><\/p>\n<p><span data-contrast=\"auto\">Entre os recursos dispon\u00edveis est\u00e3o: prova em braille, int\u00e9rprete de Libras,\u00a0videoprova\u00a0em Libras, tempo adicional, prova ampliada ou\u00a0superampliada, calculadora, sala acess\u00edvel, leitor de tela, apoio para pernas e p\u00e9s, mesa adaptada para cadeira de rodas, aux\u00edlio para leitura e transcri\u00e7\u00e3o.<\/span><span data-ccp-props=\"{&quot;134233118&quot;:false,&quot;201341983&quot;:0,&quot;335559739&quot;:0,&quot;335559740&quot;:240}\">\u00a0<\/span><\/p>\n<p><b><span data-contrast=\"auto\">Data e local da prova<\/span><\/b><span data-ccp-props=\"{&quot;134233118&quot;:false,&quot;201341983&quot;:0,&quot;335559739&quot;:0,&quot;335559740&quot;:240}\">\u00a0<br \/><\/span><span data-contrast=\"auto\">A prova ser\u00e1 aplicada no dia 14 de junho de 2026, com\u00a0dura\u00e7\u00e3o de tr\u00eas horas,<\/span><span data-contrast=\"auto\">\u00a0na cidade do campus escolhido pelo candidato. Ser\u00e3o 30 quest\u00f5es: 15 de\u00a0L\u00edngua Portuguesa\u00a0e 15 de Matem\u00e1tica.\u00a0<\/span><span data-ccp-props=\"{&quot;134233118&quot;:false,&quot;201341983&quot;:0,&quot;335559739&quot;:0,&quot;335559740&quot;:240}\">\u00a0<\/span><\/p>\n<p><span data-contrast=\"auto\">\u00c9 responsabilidade do participante acompanhar a divulga\u00e7\u00e3o do hor\u00e1rio e do local da prova!\u00a0<\/span><span data-ccp-props=\"{&quot;134233118&quot;:false,&quot;201341983&quot;:0,&quot;335559739&quot;:0,&quot;335559740&quot;:240}\">\u00a0<\/span><\/p>\n<p><span data-contrast=\"auto\">Acesse\u00a0o edital completo, o cronograma e outras informa\u00e7\u00f5es do processo seletivo\u00a0em\u00a0ifsp.edu.br\/ps2026cs.\u00a0<\/span><span data-ccp-props=\"{&quot;134233118&quot;:false,&quot;201341983&quot;:0,&quot;335559739&quot;:0,&quot;335559740&quot;:240}\">\u00a0<\/span><\/p>\n<p><span data-ccp-props=\"{&quot;134233118&quot;:false,&quot;201341983&quot;:0,&quot;335559739&quot;:0,&quot;335559740&quot;:240}\">\u00a0<\/span><\/p>\n<p><b><span data-contrast=\"auto\">Cursos T\u00e9cnicos IFSP 2026 \u2014 2\u00ba semestre<\/span><\/b><\/p>\n<p><span data-contrast=\"auto\">Vagas: 1.950 em 26 campi do estado de S\u00e3o Paulo.<\/span><\/p>\n<p><span data-contrast=\"auto\">Inscri\u00e7\u00f5es: de 27 de abril a 18 de maio, pelo site concurso.fundacaocefetminas.org.br.\u00a0<\/span><\/p>\n<p><span data-contrast=\"auto\">Taxa de inscri\u00e7\u00e3o: R$ 30. H\u00e1<\/span><span data-ccp-props=\"{&quot;134233118&quot;:false,&quot;201341983&quot;:0,&quot;335559739&quot;:0,&quot;335559740&quot;:240}\">\u00a0p<\/span><span data-contrast=\"auto\">ossibilidade de isen\u00e7\u00e3o para candidatos em vulnerabilidade socioecon\u00f4mica.<\/span><\/p>\n<p><span data-contrast=\"auto\">Cursos gratuitos: sem matr\u00edcula e mensalidade.<\/span><span data-ccp-props=\"{&quot;134233118&quot;:false,&quot;201341983&quot;:0,&quot;335559739&quot;:0,&quot;335559740&quot;:240}\">\u00a0<\/span><\/p>\n<p><span data-contrast=\"auto\">Prova: 14 de junho de 2026<\/span><span data-ccp-props=\"{&quot;134233118&quot;:false,&quot;201341983&quot;:0,&quot;335559739&quot;:0,&quot;335559740&quot;:240}\">.<\/span><\/p>\n<p><span data-contrast=\"auto\">Dura\u00e7\u00e3o: 3 horas.<\/span><span data-ccp-props=\"{&quot;134233118&quot;:false,&quot;201341983&quot;:0,&quot;335559739&quot;:0,&quot;335559740&quot;:240}\">\u00a0<\/span><\/p>\n<p><span data-contrast=\"auto\">Conte\u00fado: 30 quest\u00f5es (15 de\u00a0L\u00edngua Portuguesa\u00a0e 15 de Matem\u00e1tica).<\/span><span data-ccp-props=\"{&quot;134233118&quot;:false,&quot;201341983&quot;:0,&quot;335559739&quot;:0,&quot;335559740&quot;:240}\">\u00a0<\/span><\/p>\n<p><span data-contrast=\"auto\">Modalidades:<\/span><span data-ccp-props=\"{&quot;134233118&quot;:false,&quot;201341983&quot;:0,&quot;335559739&quot;:0,&quot;335559740&quot;:240}\">\u00a0<br \/><\/span><span data-contrast=\"auto\">\u00a01) Concomitante: para quem est\u00e1 cursando o ensino m\u00e9dio;<\/span><span data-ccp-props=\"{&quot;134233118&quot;:false,&quot;201341983&quot;:0,&quot;335559739&quot;:0,&quot;335559740&quot;:240}\">\u00a0<br \/><\/span><span data-contrast=\"auto\">\u00a02) Subsequente: para quem j\u00e1 concluiu o ensino m\u00e9dio, em qualquer idade.<\/span><span data-ccp-props=\"{&quot;134233118&quot;:false,&quot;201341983&quot;:0,&quot;335559739&quot;:0,&quot;335559740&quot;:240}\">\u00a0<\/span><\/p>\n<p><span data-contrast=\"auto\">Reserva de vagas: para estudantes de escolas p\u00fablicas, com crit\u00e9rios de renda e\u00a0autodeclara\u00e7\u00e3o\u00a0(pretos, pardos, ind\u00edgenas, quilombolas e pessoas com defici\u00eancia).<\/span><span data-ccp-props=\"{&quot;134233118&quot;:false,&quot;201341983&quot;:0,&quot;335559739&quot;:0,&quot;335559740&quot;:240}\">\u00a0<\/span><\/p>\n<p><span data-contrast=\"auto\">Acessibilidade: recursos como prova em braille, int\u00e9rprete de Libras,\u00a0videoprova\u00a0em Libras, tempo adicional, prova ampliada, calculadora, sala acess\u00edvel, entre outros.<\/span><\/p>\n<p>Informa\u00e7\u00f5es completas: edital e cronograma dispon\u00edveis em ifsp.edu.br\/ps2026cs.<\/p>\n<\/div>\n","protected":false},"excerpt":{"rendered":"<p>Inscri\u00e7\u00f5es de 27 de abril a 18 de maio; vagas em 26 campi do estado de S\u00e3o Paulo\u00a0 O Instituto Federal de Educa\u00e7\u00e3o, Ci\u00eancia e Tecnologia de S\u00e3o Paulo (IFSP) oferece\u00a01.950\u00a0vagas para cursos t\u00e9cnicos em 26 campi espalhados pelo estado. As aulas come\u00e7am no 2\u00ba semestre de 2026.\u00a0\u00a0 Podem se inscrever pessoas de qualquer idade [&hellip;]<\/p>\n","protected":false},"author":1,"featured_media":0,"comment_status":"","ping_status":"","sticky":false,"template":"","format":"standard","meta":{"footnotes":""},"categories":[1],"tags":[],"class_list":["post-49299","post","type-post","status-publish","format-standard","hentry","category-noticias"],"amp_enabled":true,"_links":{"self":[{"href":"https:\/\/novasdodia.com.br\/index.php\/wp-json\/wp\/v2\/posts\/49299","targetHints":{"allow":["GET"]}}],"collection":[{"href":"https:\/\/novasdodia.com.br\/index.php\/wp-json\/wp\/v2\/posts"}],"about":[{"href":"https:\/\/novasdodia.com.br\/index.php\/wp-json\/wp\/v2\/types\/post"}],"author":[{"embeddable":true,"href":"https:\/\/novasdodia.com.br\/index.php\/wp-json\/wp\/v2\/users\/1"}],"replies":[{"embeddable":true,"href":"https:\/\/novasdodia.com.br\/index.php\/wp-json\/wp\/v2\/comments?post=49299"}],"version-history":[{"count":0,"href":"https:\/\/novasdodia.com.br\/index.php\/wp-json\/wp\/v2\/posts\/49299\/revisions"}],"wp:attachment":[{"href":"https:\/\/novasdodia.com.br\/index.php\/wp-json\/wp\/v2\/media?parent=49299"}],"wp:term":[{"taxonomy":"category","embeddable":true,"href":"https:\/\/novasdodia.com.br\/index.php\/wp-json\/wp\/v2\/categories?post=49299"},{"taxonomy":"post_tag","embeddable":true,"href":"https:\/\/novasdodia.com.br\/index.php\/wp-json\/wp\/v2\/tags?post=49299"}],"curies":[{"name":"wp","href":"https:\/\/api.w.org\/{rel}","templated":true}]}}