{"id":49305,"date":"2026-04-28T06:07:46","date_gmt":"2026-04-28T09:07:46","guid":{"rendered":"https:\/\/novasdodia.com.br\/index.php\/2026\/04\/28\/prefeitura-promove-capacitacao-para-tecnicos-dos-creas-e-fortalece-atendimento-socioeducativo-de-joao-pessoa\/"},"modified":"2026-04-28T06:07:46","modified_gmt":"2026-04-28T09:07:46","slug":"prefeitura-promove-capacitacao-para-tecnicos-dos-creas-e-fortalece-atendimento-socioeducativo-de-joao-pessoa","status":"publish","type":"post","link":"https:\/\/novasdodia.com.br\/index.php\/2026\/04\/28\/prefeitura-promove-capacitacao-para-tecnicos-dos-creas-e-fortalece-atendimento-socioeducativo-de-joao-pessoa\/","title":{"rendered":"Prefeitura promove capacita\u00e7\u00e3o para t\u00e9cnicos dos Creas e fortalece atendimento socioeducativo de Jo\u00e3o Pessoa"},"content":{"rendered":"<p><\/p>\n<div>\n<p>A Prefeitura de Jo\u00e3o Pessoa, por meio da Secretaria de Direitos Humanos e Cidadania (Sedhuc), realizou, nesta segunda-feira (27), mais uma a\u00e7\u00e3o voltada ao fortalecimento da pol\u00edtica de assist\u00eancia social no Munic\u00edpio. Trata-se da \u2018Capacita SUAS \u2013 SIS MSE\u2019, que teve como p\u00fablico-alvo os t\u00e9cnicos dos Centros de Refer\u00eancia Especializados de Assist\u00eancia Social (Creas).<\/p>\n<figure class=\"wp-block-gallery has-nested-images columns-default is-cropped wp-block-gallery-1 is-layout-flex wp-block-gallery-is-layout-flex\">\n<figure class=\"wp-block-image size-large\"><\/figure>\n<figure class=\"wp-block-image size-large\"><\/figure>\n<\/figure>\n<p>O encontro aconteceu na sede da Secretaria de Ci\u00eancia e Tecnologia (Secitec), localizada no bairro de \u00c1gua Fria, e teve como foco a qualifica\u00e7\u00e3o dos profissionais para o uso do Sistema de Monitoramento, Sustenta\u00e7\u00e3o e Evid\u00eancias das Medidas Socioeducativas (SIS MSE). A ferramenta \u00e9 essencial para aprimorar a gest\u00e3o da informa\u00e7\u00e3o, garantindo maior efici\u00eancia no acompanhamento dos atendimentos e na formula\u00e7\u00e3o de pol\u00edticas p\u00fablicas.<\/p>\n<p><strong>Forma\u00e7\u00e3o continuada<\/strong> \u2013 A iniciativa integra o compromisso da gest\u00e3o municipal em investir na forma\u00e7\u00e3o continuada dos trabalhadores do Sistema \u00danico de Assist\u00eancia Social (SUAS), promovendo um atendimento mais humanizado, qualificado e alinhado \u00e0s necessidades da popula\u00e7\u00e3o.<\/p>\n<p>De acordo com a diretora da Assist\u00eancia Social da Sedhuc, Edilene Brand\u00e3o, a capacita\u00e7\u00e3o tamb\u00e9m refor\u00e7a a import\u00e2ncia da atua\u00e7\u00e3o conjunta entre os entes p\u00fablicos. \u201cEssa \u00e9 mais uma a\u00e7\u00e3o que demonstra a parceria entre a Prefeitura de Jo\u00e3o Pessoa com outros \u00f3rg\u00e3os, no compromisso de seguir capacitando os profissionais e melhorando, a cada dia, o atendimento a quem mais precisa. Investir em conhecimento \u00e9 fortalecer toda a rede de prote\u00e7\u00e3o social\u201d, destacou.<\/p>\n<figure class=\"wp-block-gallery has-nested-images columns-default is-cropped wp-block-gallery-2 is-layout-flex wp-block-gallery-is-layout-flex\">\n<figure class=\"wp-block-image size-large\"><\/figure>\n<figure class=\"wp-block-image size-large\"><\/figure>\n<\/figure>\n<p><strong>Atua\u00e7\u00e3o do Munic\u00edpio \u2013<\/strong> De acordo com a coordenadora da Assist\u00eancia Social de M\u00e9dia Complexidade do Munic\u00edpio, Cristine Cabral, o Sistema Nacional de Atendimento Socioeducativo (Sinase) j\u00e1 \u00e9 utilizado pelo munic\u00edpio de Jo\u00e3o Pessoa desde 2022, e o momento atual \u00e9 de qualifica\u00e7\u00e3o e atualiza\u00e7\u00e3o. \u201cO sistema j\u00e1 faz parte da nossa rotina, mas esse \u00e9 um momento de aprimorar. Precisamos revisar pontos que ainda apresentam fragilidades no atendimento socioeducativo e tamb\u00e9m preparar os novos profissionais que est\u00e3o chegando para utilizar a ferramenta de forma adequada\u201d, explicou.<\/p>\n<p>Cristiane ressaltou ainda que o sistema representa um avan\u00e7o significativo na moderniza\u00e7\u00e3o do servi\u00e7o. \u201c\u00c9 uma ferramenta muito importante porque permite acessar, em tempo real, os dados dos adolescentes atendidos. A gente deixa de lado a burocracia do papel e passa a trabalhar de forma mais \u00e1gil, organizada e eficiente\u201d, destacou.<\/p>\n<p>Outro ponto enfatizado foi a contribui\u00e7\u00e3o do SIS MSE para a articula\u00e7\u00e3o entre os diferentes \u00f3rg\u00e3os que comp\u00f5em a rede de prote\u00e7\u00e3o. \u201cO sistema tamb\u00e9m facilita a interlocu\u00e7\u00e3o com a rede de atendimento, a Justi\u00e7a, o Estado e o Munic\u00edpio, garantindo mais integra\u00e7\u00e3o e efetividade nas a\u00e7\u00f5es\u201d, completou.<\/p>\n<figure class=\"wp-block-gallery has-nested-images columns-default is-cropped wp-block-gallery-3 is-layout-flex wp-block-gallery-is-layout-flex\">\n<figure class=\"wp-block-image size-large\"><\/figure>\n<figure class=\"wp-block-image size-large\"><\/figure>\n<\/figure>\n<p><strong>Sistema Nacional de Atendimento Socioeducativo \u2013 <\/strong>Regulamentado pela Lei n\u00ba 12.594\/2012, o Sinase organiza a pol\u00edtica de atendimento socioeducativo no Brasil, estabelecendo diretrizes para a atua\u00e7\u00e3o integrada entre Uni\u00e3o, Estados e Munic\u00edpios. Na Para\u00edba, o sistema \u00e9 coordenado pela Secretaria de Estado do Desenvolvimento Humano (SEDH), com atua\u00e7\u00e3o direta na qualifica\u00e7\u00e3o, monitoramento e avalia\u00e7\u00e3o das a\u00e7\u00f5es executadas em todo o territ\u00f3rio estadual.<\/p>\n<p>O gerente operacional do Sinase na Para\u00edba, Djalma Mendon\u00e7a, destacou a import\u00e2ncia do momento formativo para o fortalecimento da pol\u00edtica socioeducativa no estado. Segundo ele, a Ger\u00eancia Operacional do SINASE tem o papel de articular as medidas socioeducativas tanto em meio aberto quanto em meio fechado, aproximando a teoria da pr\u00e1tica vivenciada pelos profissionais no dia a dia. A capacita\u00e7\u00e3o, nesse contexto, foca especialmente no atendimento em meio aberto, executado pelos Creas.<\/p>\n<p>\u201cEsse \u00e9 um momento importante porque a gente trabalha diretamente com a articula\u00e7\u00e3o das medidas socioeducativas. A capacita\u00e7\u00e3o sobre o SIS MSE vem justamente para qualificar o uso desse sistema de informa\u00e7\u00f5es, que hoje tem um foco maior no meio aberto, garantindo que os dados sobre o atendimento socioeducativo sejam melhor utilizados e compreendidos pelos t\u00e9cnicos\u201d, explicou.<\/p>\n<p>Djalma ressaltou ainda que o sistema n\u00e3o \u00e9 apenas uma ferramenta t\u00e9cnica, mas um instrumento estrat\u00e9gico que dialoga diretamente com a pol\u00edtica do Sinase, exigindo dos profissionais uma compreens\u00e3o pr\u00e1tica para sua utiliza\u00e7\u00e3o no cotidiano. \u201cA ideia \u00e9 demonstrar a din\u00e2mica do sistema, como ele se comunica com a pol\u00edtica socioeducativa e como pode ajudar os t\u00e9cnicos a resolver demandas do dia a dia, tirando d\u00favidas e enfrentando poss\u00edveis dificuldades operacionais\u201d, pontuou.<\/p>\n<p><strong>Compromisso interinstitucional \u2013<\/strong> A a\u00e7\u00e3o conta com a parceria da Secretaria Executiva de Gest\u00e3o (Seges) e da Secretaria de Ci\u00eancia e Tecnologia de Jo\u00e3o Pessoa (Secitec-JP), refor\u00e7ando o compromisso interinstitucional na qualifica\u00e7\u00e3o dos servi\u00e7os. A iniciativa integra um conjunto de estrat\u00e9gias voltadas ao aprimoramento da gest\u00e3o e \u00e0 efetividade das medidas socioeducativas, contribuindo para a ressocializa\u00e7\u00e3o de adolescentes e jovens atendidos pelo sistema.<\/p>\n<\/p><\/div>\n","protected":false},"excerpt":{"rendered":"<p>A Prefeitura de Jo\u00e3o Pessoa, por meio da Secretaria de Direitos Humanos e Cidadania (Sedhuc), realizou, nesta segunda-feira (27), mais uma a\u00e7\u00e3o voltada ao fortalecimento da pol\u00edtica de assist\u00eancia social no Munic\u00edpio. Trata-se da \u2018Capacita SUAS \u2013 SIS MSE\u2019, que teve como p\u00fablico-alvo os t\u00e9cnicos dos Centros de Refer\u00eancia Especializados de Assist\u00eancia Social (Creas). O [&hellip;]<\/p>\n","protected":false},"author":1,"featured_media":0,"comment_status":"","ping_status":"","sticky":false,"template":"","format":"standard","meta":{"footnotes":""},"categories":[1],"tags":[],"class_list":["post-49305","post","type-post","status-publish","format-standard","hentry","category-noticias"],"amp_enabled":true,"_links":{"self":[{"href":"https:\/\/novasdodia.com.br\/index.php\/wp-json\/wp\/v2\/posts\/49305","targetHints":{"allow":["GET"]}}],"collection":[{"href":"https:\/\/novasdodia.com.br\/index.php\/wp-json\/wp\/v2\/posts"}],"about":[{"href":"https:\/\/novasdodia.com.br\/index.php\/wp-json\/wp\/v2\/types\/post"}],"author":[{"embeddable":true,"href":"https:\/\/novasdodia.com.br\/index.php\/wp-json\/wp\/v2\/users\/1"}],"replies":[{"embeddable":true,"href":"https:\/\/novasdodia.com.br\/index.php\/wp-json\/wp\/v2\/comments?post=49305"}],"version-history":[{"count":0,"href":"https:\/\/novasdodia.com.br\/index.php\/wp-json\/wp\/v2\/posts\/49305\/revisions"}],"wp:attachment":[{"href":"https:\/\/novasdodia.com.br\/index.php\/wp-json\/wp\/v2\/media?parent=49305"}],"wp:term":[{"taxonomy":"category","embeddable":true,"href":"https:\/\/novasdodia.com.br\/index.php\/wp-json\/wp\/v2\/categories?post=49305"},{"taxonomy":"post_tag","embeddable":true,"href":"https:\/\/novasdodia.com.br\/index.php\/wp-json\/wp\/v2\/tags?post=49305"}],"curies":[{"name":"wp","href":"https:\/\/api.w.org\/{rel}","templated":true}]}}