{"id":49312,"date":"2026-04-28T08:19:40","date_gmt":"2026-04-28T11:19:40","guid":{"rendered":"https:\/\/novasdodia.com.br\/index.php\/2026\/04\/28\/na-mesa-com-datena-recebe-padre-julio-lancellotti-nesta-terca-feira\/"},"modified":"2026-04-28T08:19:40","modified_gmt":"2026-04-28T11:19:40","slug":"na-mesa-com-datena-recebe-padre-julio-lancellotti-nesta-terca-feira","status":"publish","type":"post","link":"https:\/\/novasdodia.com.br\/index.php\/2026\/04\/28\/na-mesa-com-datena-recebe-padre-julio-lancellotti-nesta-terca-feira\/","title":{"rendered":"Na Mesa com Datena recebe padre J\u00falio Lancellotti nesta ter\u00e7a-feira"},"content":{"rendered":"<p> Por MRNews<br \/>\n<\/p>\n<div wp_automatic_readability=\"68.817494245314\">\n<p>A <strong>TV Brasil <\/strong>exibe nesta ter\u00e7a-feira (28), \u00e0s 21h, uma nova edi\u00e7\u00e3o do <em>Na Mesa com Datena<\/em>, programa semanal de entrevistas comandado por Jos\u00e9 Luiz Datena. <strong>Neste epis\u00f3dio, o convidado \u00e9 o padre J\u00falio Lancellotti, que reflete sobre religi\u00e3o, teologia, caridade e o cuidado com crian\u00e7as, pessoas doentes e popula\u00e7\u00e3o\u00a0em situa\u00e7\u00e3o de rua.<\/strong><\/p>\n<p><strong>Al\u00e9m disso, no <em>Na Mesa com Datena<\/em>, o sacerdote da Igreja Cat\u00f3lica tamb\u00e9m relata situa\u00e7\u00f5es de amea\u00e7a e pedidos de perd\u00e3o inusitados.<\/strong> Natural de S\u00e3o Paulo, padre J\u00falio Lancellotti \u00e9 reconhecido por sua defesa dos direitos humanos e atua\u00e7\u00e3o voltada \u00e0 popula\u00e7\u00e3o em situa\u00e7\u00e3o de rua.<\/p>\n<p>No programa da<strong> TV Brasil<\/strong>, o convidado compartilha os desafios que enfrenta como respons\u00e1vel pela Par\u00f3quia S\u00e3o Miguel Arcanjo, no bairro da Mooca, em S\u00e3o Paulo. <strong>Durante o bate-papo com Datena, padre J\u00falio Lancellotti explica sua rela\u00e7\u00e3o com as redes sociais, onde tem mais de 2 milh\u00f5es de seguidores apenas no Instagram.<\/strong><\/p>\n<p><strong><a href=\"https:\/\/mrnews.com.br\/index.php\/2026\/04\/28\/fortuna-de-erasmo-carlos-vira-centro-de-disputa-entre-filhos-e-viuva-apos-morte-do-cantor\/\">Fortuna de Erasmo Carlos vira centro de disputa entre filhos e vi\u00fava ap\u00f3s morte do cantor<\/a><\/strong><\/p>\n<p><strong><a href=\"https:\/\/mrnews.com.br\/index.php\/2026\/04\/28\/quanto-e-preciso-gastar-no-cartao-para-atingir-o-nivel-4-do-santander-rewards\/\">Quanto \u00e9 preciso gastar no cart\u00e3o para atingir o n\u00edvel 4 do Santander Rewards<\/a><\/strong><\/p>\n<h2>Sobre o programa<\/h2>\n<p>O <em>Na Mesa com Datena<\/em> marca a chegada de Jos\u00e9 Luiz Datena \u00e0 programa\u00e7\u00e3o da <strong>TV Brasil<\/strong>. Com mais de 50 anos de carreira, duas vezes vencedor do Pr\u00eamio Vladimir Herzog e passagens pelas maiores emissoras do pa\u00eds, o apresentador conduz entrevistas que se destacam pela escuta atenta e pelo protagonismo reservado ao convidado. H\u00e1 quase dois meses no ar, o programa j\u00e1 recebeu convidados como o vice-presidente do Brasil, Geraldo Alckmin, o ex-jogador de futebol e apresentador Craque Neto, pol\u00edticos e outras personalidades nacionais.<\/p>\n<p>A atra\u00e7\u00e3o integra a estrat\u00e9gia da<strong> Empresa Brasil de Comunica\u00e7\u00e3o<\/strong> (<strong>EBC<\/strong>) de fortalecer o jornalismo em seus ve\u00edculos, aprofundar debates sobre temas de interesse p\u00fablico, refor\u00e7ando o papel da comunica\u00e7\u00e3o p\u00fablica como espa\u00e7o de informa\u00e7\u00e3o segura, acess\u00edvel e plural.<\/p>\n<p><strong>Servi\u00e7o<\/strong><\/p>\n<p><em>Na Mesa com Datena<\/em> com padre J\u00falio Lancellotti \u2013 Ter\u00e7a-feira (28), \u00e0s 21h, na <strong>TV Brasil<\/strong><\/p>\n<p><strong><a href=\"https:\/\/mrnews.com.br\/index.php\/2026\/04\/28\/vila-na-espanha-oferece-casa-gratis-e-emprego-fixo-para-atrair-novos-moradores\/\">Vila na Espanha oferece casa gr\u00e1tis e emprego fixo para atrair novos moradores<\/a><\/strong><\/p>\n<p><strong><a href=\"https:\/\/mrnews.com.br\/index.php\/2026\/04\/28\/ministerio-da-educacao-inaugura-sede-do-ifsp-em-presidente-prudente\/\">Minist\u00e9rio da Educa\u00e7\u00e3o inaugura sede do IFSP em Presidente Prudente<\/a><\/strong><\/p>\n<p>Ao vivo e <em>on demand<\/em><\/p>\n<p>Acompanhe a programa\u00e7\u00e3o da <strong>TV Brasil <\/strong>pelo canal aberto, TV por assinatura e parab\u00f3lica. Sintonize: https:\/\/tvbrasil.ebc.com.br\/comosintonizar.<\/p>\n<p>Seus programas favoritos est\u00e3o no TV Brasil Play, pelo <em>site<\/em> http:\/\/tvbrasilplay.com.br ou por aplicativo no <em>smartphone<\/em>. O app pode ser baixado gratuitamente e est\u00e1 dispon\u00edvel para Android e iOS. Assista tamb\u00e9m pela WebTV: https:\/\/tvbrasil.ebc.com.br\/webtv.<\/p>\n<h2><strong>TV Brasil<\/strong> na internet e nas redes sociais\u00a0\u00a0<\/h2>\n<p><em>Site<\/em> \u2013\u00a0https:\/\/tvbrasil.ebc.com.br<br \/>Instagram \u2013\u00a0https:\/\/www.instagram.com\/tvbrasil<br \/>YouTube \u2013\u00a0https:\/\/www.youtube.com\/tvbrasil<br \/>X \u2013\u00a0https:\/\/x.com\/TVBrasil<br \/>Facebook \u2013\u00a0https:\/\/www.facebook.com\/tvbrasil<br \/>TikTok \u2013\u00a0https:\/\/www.tiktok.com\/@tvbrasil<br \/>TV Brasil Play \u2013\u00a0http:\/\/tvbrasilplay.com.br<\/p>\n<\/div>\n<p><script async src=\"\/\/www.instagram.com\/embed.js\"><\/script><script async src=\"\/\/www.tiktok.com\/embed.js\"><\/script><\/p>\n","protected":false},"excerpt":{"rendered":"<p>Por MRNews A TV Brasil exibe nesta ter\u00e7a-feira (28), \u00e0s 21h, uma nova edi\u00e7\u00e3o do Na Mesa com Datena, programa semanal de entrevistas comandado por Jos\u00e9 Luiz Datena. Neste epis\u00f3dio, o convidado \u00e9 o padre J\u00falio Lancellotti, que reflete sobre religi\u00e3o, teologia, caridade e o cuidado com crian\u00e7as, pessoas doentes e popula\u00e7\u00e3o\u00a0em situa\u00e7\u00e3o de rua. [&hellip;]<\/p>\n","protected":false},"author":3,"featured_media":0,"comment_status":"","ping_status":"","sticky":false,"template":"","format":"standard","meta":{"footnotes":""},"categories":[1],"tags":[],"class_list":["post-49312","post","type-post","status-publish","format-standard","hentry","category-noticias"],"amp_enabled":true,"_links":{"self":[{"href":"https:\/\/novasdodia.com.br\/index.php\/wp-json\/wp\/v2\/posts\/49312","targetHints":{"allow":["GET"]}}],"collection":[{"href":"https:\/\/novasdodia.com.br\/index.php\/wp-json\/wp\/v2\/posts"}],"about":[{"href":"https:\/\/novasdodia.com.br\/index.php\/wp-json\/wp\/v2\/types\/post"}],"author":[{"embeddable":true,"href":"https:\/\/novasdodia.com.br\/index.php\/wp-json\/wp\/v2\/users\/3"}],"replies":[{"embeddable":true,"href":"https:\/\/novasdodia.com.br\/index.php\/wp-json\/wp\/v2\/comments?post=49312"}],"version-history":[{"count":0,"href":"https:\/\/novasdodia.com.br\/index.php\/wp-json\/wp\/v2\/posts\/49312\/revisions"}],"wp:attachment":[{"href":"https:\/\/novasdodia.com.br\/index.php\/wp-json\/wp\/v2\/media?parent=49312"}],"wp:term":[{"taxonomy":"category","embeddable":true,"href":"https:\/\/novasdodia.com.br\/index.php\/wp-json\/wp\/v2\/categories?post=49312"},{"taxonomy":"post_tag","embeddable":true,"href":"https:\/\/novasdodia.com.br\/index.php\/wp-json\/wp\/v2\/tags?post=49312"}],"curies":[{"name":"wp","href":"https:\/\/api.w.org\/{rel}","templated":true}]}}