{"id":49316,"date":"2026-04-28T09:37:48","date_gmt":"2026-04-28T12:37:48","guid":{"rendered":"https:\/\/novasdodia.com.br\/index.php\/2026\/04\/28\/agencia-minas-gerais-previsao-do-tempo-para-minas-gerais-nesta-terca-feira-28-de-abril\/"},"modified":"2026-04-28T09:37:48","modified_gmt":"2026-04-28T12:37:48","slug":"agencia-minas-gerais-previsao-do-tempo-para-minas-gerais-nesta-terca-feira-28-de-abril","status":"publish","type":"post","link":"https:\/\/novasdodia.com.br\/index.php\/2026\/04\/28\/agencia-minas-gerais-previsao-do-tempo-para-minas-gerais-nesta-terca-feira-28-de-abril\/","title":{"rendered":"Ag\u00eancia Minas Gerais | Previs\u00e3o do tempo para Minas Gerais nesta ter\u00e7a-feira, 28 de abril"},"content":{"rendered":"<p><\/p>\n<div>\n<p>Um sistema de alta press\u00e3o atmosf\u00e9rica mant\u00e9m o tempo est\u00e1vel na maior parte do estado nesta ter\u00e7a-feira (28\/4). A passagem de uma frente fria pelo litoral da regi\u00e3o Sudeste pode provocar chuvas em pontos isolados do Tri\u00e2ngulo\/Alto Parana\u00edba e Sul de Minas. Nas outras regi\u00f5es destaca-se a grande amplitude t\u00e9rmica com c\u00e9u predominantemente claro.<\/p>\n<p>Clique aqui para conferir a previs\u00e3o completa do Instituto Nacional de Meteorologia (Inmet).<\/p>\n<\/p><\/div>\n","protected":false},"excerpt":{"rendered":"<p>Um sistema de alta press\u00e3o atmosf\u00e9rica mant\u00e9m o tempo est\u00e1vel na maior parte do estado nesta ter\u00e7a-feira (28\/4). A passagem de uma frente fria pelo litoral da regi\u00e3o Sudeste pode provocar chuvas em pontos isolados do Tri\u00e2ngulo\/Alto Parana\u00edba e Sul de Minas. Nas outras regi\u00f5es destaca-se a grande amplitude t\u00e9rmica com c\u00e9u predominantemente claro. Clique [&hellip;]<\/p>\n","protected":false},"author":1,"featured_media":0,"comment_status":"","ping_status":"","sticky":false,"template":"","format":"standard","meta":{"footnotes":""},"categories":[1],"tags":[],"class_list":["post-49316","post","type-post","status-publish","format-standard","hentry","category-noticias"],"amp_enabled":true,"_links":{"self":[{"href":"https:\/\/novasdodia.com.br\/index.php\/wp-json\/wp\/v2\/posts\/49316","targetHints":{"allow":["GET"]}}],"collection":[{"href":"https:\/\/novasdodia.com.br\/index.php\/wp-json\/wp\/v2\/posts"}],"about":[{"href":"https:\/\/novasdodia.com.br\/index.php\/wp-json\/wp\/v2\/types\/post"}],"author":[{"embeddable":true,"href":"https:\/\/novasdodia.com.br\/index.php\/wp-json\/wp\/v2\/users\/1"}],"replies":[{"embeddable":true,"href":"https:\/\/novasdodia.com.br\/index.php\/wp-json\/wp\/v2\/comments?post=49316"}],"version-history":[{"count":0,"href":"https:\/\/novasdodia.com.br\/index.php\/wp-json\/wp\/v2\/posts\/49316\/revisions"}],"wp:attachment":[{"href":"https:\/\/novasdodia.com.br\/index.php\/wp-json\/wp\/v2\/media?parent=49316"}],"wp:term":[{"taxonomy":"category","embeddable":true,"href":"https:\/\/novasdodia.com.br\/index.php\/wp-json\/wp\/v2\/categories?post=49316"},{"taxonomy":"post_tag","embeddable":true,"href":"https:\/\/novasdodia.com.br\/index.php\/wp-json\/wp\/v2\/tags?post=49316"}],"curies":[{"name":"wp","href":"https:\/\/api.w.org\/{rel}","templated":true}]}}