{"id":49318,"date":"2026-04-28T10:56:33","date_gmt":"2026-04-28T13:56:33","guid":{"rendered":"https:\/\/novasdodia.com.br\/index.php\/2026\/04\/28\/ginasio-recem-reformado-e-alvo-de-furto-4-dias-apos-entrega-em-bonito-prefeitura-municipal-de-bonito\/"},"modified":"2026-04-28T10:56:33","modified_gmt":"2026-04-28T13:56:33","slug":"ginasio-recem-reformado-e-alvo-de-furto-4-dias-apos-entrega-em-bonito-prefeitura-municipal-de-bonito","status":"publish","type":"post","link":"https:\/\/novasdodia.com.br\/index.php\/2026\/04\/28\/ginasio-recem-reformado-e-alvo-de-furto-4-dias-apos-entrega-em-bonito-prefeitura-municipal-de-bonito\/","title":{"rendered":"Gin\u00e1sio rec\u00e9m-reformado \u00e9 alvo de furto 4 dias ap\u00f3s entrega em Bonito &#8211; Prefeitura Municipal de Bonito"},"content":{"rendered":"<p><\/p>\n<div>\n<div class=\"td-post-featured-image\"><\/div>\n<p>A Prefeitura de Bonito informa que o Gin\u00e1sio de Esportes Juscelino Kubitschek, rec\u00e9m-reformado e entregue na \u00faltima sexta-feira (24), foi alvo de furto na madrugada desta ter\u00e7a-feira (28).<\/p>\n<p>Criminosos danificaram tanto o padr\u00e3o de energia antigo quanto o novo, na \u00e1rea externa do gin\u00e1sio, e furtaram parte da fia\u00e7\u00e3o el\u00e9trica, causando preju\u00edzos ao patrim\u00f4nio p\u00fablico e comprometendo temporariamente o uso do espa\u00e7o.<\/p>\n<p>O gin\u00e1sio havia sido reaberto h\u00e1 apenas 4 dias, ap\u00f3s passar por melhorias para melhor atender a popula\u00e7\u00e3o.<\/p>\n<p>A Prefeitura de Bonito lamenta profundamente o ocorrido e repudia com veem\u00eancia qualquer ato de vandalismo e furto contra o patrim\u00f4nio p\u00fablico, que prejudica diretamente toda a popula\u00e7\u00e3o. A Administra\u00e7\u00e3o Municipal informa que as medidas cab\u00edveis j\u00e1 est\u00e3o sendo tomadas e que ir\u00e1 acompanhar o caso com rigor, colaborando com as autoridades para a identifica\u00e7\u00e3o e responsabiliza\u00e7\u00e3o dos envolvidos.<\/p>\n<p>A Prefeitura refor\u00e7a o pedido de colabora\u00e7\u00e3o dos moradores: qualquer informa\u00e7\u00e3o que possa ajudar na identifica\u00e7\u00e3o dos respons\u00e1veis pode ser repassada de forma an\u00f4nima pelo telefone \ud83d\udcde (67) 99223-8123 ou diretamente \u00e0 Pol\u00edcia Militar pelo n\u00famero 190.<\/p>\n<\/p><\/div>\n","protected":false},"excerpt":{"rendered":"<p>A Prefeitura de Bonito informa que o Gin\u00e1sio de Esportes Juscelino Kubitschek, rec\u00e9m-reformado e entregue na \u00faltima sexta-feira (24), foi alvo de furto na madrugada desta ter\u00e7a-feira (28). Criminosos danificaram tanto o padr\u00e3o de energia antigo quanto o novo, na \u00e1rea externa do gin\u00e1sio, e furtaram parte da fia\u00e7\u00e3o el\u00e9trica, causando preju\u00edzos ao patrim\u00f4nio p\u00fablico [&hellip;]<\/p>\n","protected":false},"author":1,"featured_media":0,"comment_status":"","ping_status":"","sticky":false,"template":"","format":"standard","meta":{"footnotes":""},"categories":[],"tags":[],"class_list":["post-49318","post","type-post","status-publish","format-standard","hentry"],"amp_enabled":true,"_links":{"self":[{"href":"https:\/\/novasdodia.com.br\/index.php\/wp-json\/wp\/v2\/posts\/49318","targetHints":{"allow":["GET"]}}],"collection":[{"href":"https:\/\/novasdodia.com.br\/index.php\/wp-json\/wp\/v2\/posts"}],"about":[{"href":"https:\/\/novasdodia.com.br\/index.php\/wp-json\/wp\/v2\/types\/post"}],"author":[{"embeddable":true,"href":"https:\/\/novasdodia.com.br\/index.php\/wp-json\/wp\/v2\/users\/1"}],"replies":[{"embeddable":true,"href":"https:\/\/novasdodia.com.br\/index.php\/wp-json\/wp\/v2\/comments?post=49318"}],"version-history":[{"count":0,"href":"https:\/\/novasdodia.com.br\/index.php\/wp-json\/wp\/v2\/posts\/49318\/revisions"}],"wp:attachment":[{"href":"https:\/\/novasdodia.com.br\/index.php\/wp-json\/wp\/v2\/media?parent=49318"}],"wp:term":[{"taxonomy":"category","embeddable":true,"href":"https:\/\/novasdodia.com.br\/index.php\/wp-json\/wp\/v2\/categories?post=49318"},{"taxonomy":"post_tag","embeddable":true,"href":"https:\/\/novasdodia.com.br\/index.php\/wp-json\/wp\/v2\/tags?post=49318"}],"curies":[{"name":"wp","href":"https:\/\/api.w.org\/{rel}","templated":true}]}}