{"id":49324,"date":"2026-04-28T13:07:38","date_gmt":"2026-04-28T16:07:38","guid":{"rendered":"https:\/\/novasdodia.com.br\/index.php\/2026\/04\/28\/cidade-das-artes-recebe-festival-mundo-melhor-com-atividades-artisticas-gratuitas-prefeitura-da-cidade-do-rio-de-janeiro\/"},"modified":"2026-04-28T13:07:38","modified_gmt":"2026-04-28T16:07:38","slug":"cidade-das-artes-recebe-festival-mundo-melhor-com-atividades-artisticas-gratuitas-prefeitura-da-cidade-do-rio-de-janeiro","status":"publish","type":"post","link":"https:\/\/novasdodia.com.br\/index.php\/2026\/04\/28\/cidade-das-artes-recebe-festival-mundo-melhor-com-atividades-artisticas-gratuitas-prefeitura-da-cidade-do-rio-de-janeiro\/","title":{"rendered":"Cidade das Artes recebe \u201cFestival Mundo Melhor\u201d com atividades art\u00edsticas gratuitas &#8211; Prefeitura da Cidade do Rio de Janeiro"},"content":{"rendered":"<p><\/p>\n<div id=\"main\">\n<div class=\"wrapper-breadcrumbs\" wp_automatic_readability=\"59.708439897698\">\n<div class=\"image-post\" wp_automatic_readability=\"34\">\n                     Evento ter\u00e1 oficinas criativas, experi\u00eancias interativas e apresenta\u00e7\u00f5es do \u201cGigantes da Lira\u201d e \u201cIntr\u00e9pida Trupe\u201d &#8211; Frederico Vreuls\/Prefeitura                  <\/div>\n<p>A Cidade das Artes, vinculada \u00e0 Secretaria Municipal de Cultura, se transforma em um grande espa\u00e7o de encontros, descobertas e viv\u00eancias culturais com a realiza\u00e7\u00e3o da segunda edi\u00e7\u00e3o do \u201cFestival Mundo Melhor\u201d, de 01 a 03\/05. Com atividades gratuitas que unem arte, cultura, educa\u00e7\u00e3o e consci\u00eancia ambiental, a programa\u00e7\u00e3o estimula a imagina\u00e7\u00e3o e o pensamento sobre o futuro do planeta e convida o p\u00fablico a mergulhar em um universo onde m\u00fasica, teatro, circo, criatividade e sustentabilidade caminham juntos.<\/p>\n<p>Na sexta-feira (01\/05), o festival recebe o espet\u00e1culo \u201cAzul\u201d, uma produ\u00e7\u00e3o da Artesanal Cia. de Teatro voltada ao p\u00fablico infantojuvenil, que aborda o Transtorno do Espectro Autista (TEA) sob o olhar de Violeta, irm\u00e3 do protagonista Azul. Na sequ\u00eancia, o grupo Tapetes Contadores de Hist\u00f3rias apresenta \u201cSol, chuva e tapete\u201d, seguido da Intr\u00e9pida Trupe e da Farra de Brinquedos.<\/p>\n<p>No s\u00e1bado (02\/05), a Banda Mirim apresenta \u201cA crian\u00e7a mais velha do mundo\u201d, seguida pelo grupo Tapetes Contadores de Hist\u00f3rias. O bloco infantil Gigantes da Lira toma conta do palco com seus artistas circenses e os Aqualoucos Gigantes. Fechando o segundo dia de evento, o Grupo Triii, que vem conquistando toda a fam\u00edlia com o hit \u201cViro, Vira, Virou\u201d, promete colocar crian\u00e7as e adultos para cantar e dan\u00e7ar.<\/p>\n<p>J\u00e1 no domingo (03\/05), a programa\u00e7\u00e3o conta com a Cia Sonharteiros, que exibe o espet\u00e1culo \u2018Borboletas\u201d. O Tapetes Contadores de Hist\u00f3rias encena \u201cPalavras Andantes\u201d e o espet\u00e1culo \u201cMix Dux\u201d leva ao p\u00fablico uma sele\u00e7\u00e3o dos melhores n\u00fameros da companhia Circo Dux. Para encerrar o \u201cFestival Mundo Melhor\u201d, o Teatro M\u00e1gico sobe ao palco com o show in\u00e9dito \u201cA primeira cabe\u00e7a na lua\u201d, unindo m\u00fasica, poesia e elementos do universo circense.<\/p>\n<p><strong>Servi\u00e7o: \u201cFestival Mundo Melhor\u201d<\/strong><\/p>\n<p>Data: 01 a 03\/05 (sexta, s\u00e1bado e domingo)<\/p>\n<p>Hor\u00e1rio: 10h \u00e0s 17h<\/p>\n<p>Local: Cidade das Artes (Avenida das Am\u00e9ricas, 5.300 \u2013 Barra da Tijuca)<\/p>\n<p>Entrada: gratuita. Os ingressos para as atra\u00e7\u00f5es no Teatro de C\u00e2mara, na Sala Eletroac\u00fastica e na Biblioteca Municipal Ziraldo s\u00e3o gratuitos, com retirada na Cidade das Artes 1h antes de cada evento, por ordem de chegada, mediante lota\u00e7\u00e3o dos espa\u00e7os.<\/p>\n<p>             <!-- Compartilhe ---><\/p>\n<p>\t\t\t <!-- TAGS --><\/p>\n<section class=\"category-tags\">\n<div class=\"marcacao-category\">\n<article class=\"category-post\">\n<p>Categoria: <\/p>\n<\/article>\n<li>28 de abril de 2026<\/li><\/div>\n<article class=\"tags\">\n\t\t\t\t\tMarca\u00e7\u00f5es: atra\u00e7\u00f5es crian\u00e7a Cultura Festival Mundo melhor<br \/><\/article>\n<\/section>\n<p>            <!-- Mais Not&iacute;cias --><\/p>\n<p>\t\t<!-- Conte&uacute;do SIDEBAR --><\/p><\/div>\n<\/p><\/div>\n","protected":false},"excerpt":{"rendered":"<p>Evento ter\u00e1 oficinas criativas, experi\u00eancias interativas e apresenta\u00e7\u00f5es do \u201cGigantes da Lira\u201d e \u201cIntr\u00e9pida Trupe\u201d &#8211; Frederico Vreuls\/Prefeitura A Cidade das Artes, vinculada \u00e0 Secretaria Municipal de Cultura, se transforma em um grande espa\u00e7o de encontros, descobertas e viv\u00eancias culturais com a realiza\u00e7\u00e3o da segunda edi\u00e7\u00e3o do \u201cFestival Mundo Melhor\u201d, de 01 a 03\/05. Com [&hellip;]<\/p>\n","protected":false},"author":1,"featured_media":0,"comment_status":"","ping_status":"","sticky":false,"template":"","format":"standard","meta":{"footnotes":""},"categories":[1],"tags":[],"class_list":["post-49324","post","type-post","status-publish","format-standard","hentry","category-noticias"],"amp_enabled":true,"_links":{"self":[{"href":"https:\/\/novasdodia.com.br\/index.php\/wp-json\/wp\/v2\/posts\/49324","targetHints":{"allow":["GET"]}}],"collection":[{"href":"https:\/\/novasdodia.com.br\/index.php\/wp-json\/wp\/v2\/posts"}],"about":[{"href":"https:\/\/novasdodia.com.br\/index.php\/wp-json\/wp\/v2\/types\/post"}],"author":[{"embeddable":true,"href":"https:\/\/novasdodia.com.br\/index.php\/wp-json\/wp\/v2\/users\/1"}],"replies":[{"embeddable":true,"href":"https:\/\/novasdodia.com.br\/index.php\/wp-json\/wp\/v2\/comments?post=49324"}],"version-history":[{"count":0,"href":"https:\/\/novasdodia.com.br\/index.php\/wp-json\/wp\/v2\/posts\/49324\/revisions"}],"wp:attachment":[{"href":"https:\/\/novasdodia.com.br\/index.php\/wp-json\/wp\/v2\/media?parent=49324"}],"wp:term":[{"taxonomy":"category","embeddable":true,"href":"https:\/\/novasdodia.com.br\/index.php\/wp-json\/wp\/v2\/categories?post=49324"},{"taxonomy":"post_tag","embeddable":true,"href":"https:\/\/novasdodia.com.br\/index.php\/wp-json\/wp\/v2\/tags?post=49324"}],"curies":[{"name":"wp","href":"https:\/\/api.w.org\/{rel}","templated":true}]}}