{"id":49330,"date":"2026-04-28T15:55:33","date_gmt":"2026-04-28T18:55:33","guid":{"rendered":"https:\/\/novasdodia.com.br\/index.php\/2026\/04\/28\/ifsp-inaugura-nova-sede-do-campus-presidente-prudente-ifsp\/"},"modified":"2026-04-28T15:55:33","modified_gmt":"2026-04-28T18:55:33","slug":"ifsp-inaugura-nova-sede-do-campus-presidente-prudente-ifsp","status":"publish","type":"post","link":"https:\/\/novasdodia.com.br\/index.php\/2026\/04\/28\/ifsp-inaugura-nova-sede-do-campus-presidente-prudente-ifsp\/","title":{"rendered":"IFSP inaugura nova sede do Campus Presidente Prudente\u00a0 &#8211; IFSP"},"content":{"rendered":"<p><\/p>\n<div>\n<div class=\"subtitle\">\n<p><span data-contrast=\"auto\">Evento reuniu autoridades e incluiu an\u00fancio de investimentos para amplia\u00e7\u00e3o do campus <\/span><span data-ccp-props=\"{&quot;134233117&quot;:false,&quot;134233118&quot;:false,&quot;201341983&quot;:0,&quot;335551550&quot;:1,&quot;335551620&quot;:1,&quot;335559685&quot;:0,&quot;335559737&quot;:0,&quot;335559738&quot;:0,&quot;335559739&quot;:160,&quot;335559740&quot;:279}\">\u00a0<\/span><\/p>\n<\/div>\n<p><!-- fim .content-header-options-1 --><\/p>\n<p><span data-contrast=\"auto\">O Minist\u00e9rio da Educa\u00e7\u00e3o (MEC) e o Instituto Federal de S\u00e3o Paulo (IFSP) inauguraram, na segunda-feira (27), a sede pr\u00f3pria do Campus Presidente Prudente. A obra recebeu investimento total de R$ 14,2 milh\u00f5es, sendo R$ 8,2 milh\u00f5es provenientes do Novo Programa de Acelera\u00e7\u00e3o do Crescimento (Novo PAC), do governo federal.<\/span><span data-ccp-props=\"{&quot;134233117&quot;:false,&quot;134233118&quot;:false,&quot;201341983&quot;:0,&quot;335551550&quot;:1,&quot;335551620&quot;:1,&quot;335559685&quot;:0,&quot;335559737&quot;:0,&quot;335559738&quot;:0,&quot;335559739&quot;:160,&quot;335559740&quot;:279}\">\u00a0<\/span><\/p>\n<p><span data-contrast=\"auto\">O descerramento da placa ocorreu durante a cerim\u00f4nia de entrega de servi\u00e7os de radioterapia pelo Sistema \u00danico de Sa\u00fade (SUS) e de ambul\u00e2ncias do Servi\u00e7o de Atendimento M\u00f3vel de Urg\u00eancia (Samu) ao munic\u00edpio de Presidente Prudente. O evento contou com a presen\u00e7a de diversas autoridades.<\/span><span data-ccp-props=\"{&quot;134233117&quot;:false,&quot;134233118&quot;:false,&quot;201341983&quot;:0,&quot;335551550&quot;:1,&quot;335551620&quot;:1,&quot;335559685&quot;:0,&quot;335559737&quot;:0,&quot;335559738&quot;:0,&quot;335559739&quot;:160,&quot;335559740&quot;:279}\">\u00a0<\/span><\/p>\n<p><span data-contrast=\"auto\">O reitor do IFSP,\u00a0Silm\u00e1rio\u00a0Batista dos Santos, destacou a satisfa\u00e7\u00e3o da comunidade acad\u00eamica com a entrega formal da nova sede, que ir\u00e1 beneficiar o munic\u00edpio e toda a regi\u00e3o. Ele tamb\u00e9m ressaltou os an\u00fancios feitos pelo ministro da Educa\u00e7\u00e3o, Leonardo\u00a0Barchini, e pelo secret\u00e1rio de Educa\u00e7\u00e3o Profissional e Tecnol\u00f3gica, Marcelo\u00a0Bregagnoli a respeito da amplia\u00e7\u00e3o na capacidade de atendimento do campus.<\/span><span data-ccp-props=\"{&quot;134233117&quot;:false,&quot;134233118&quot;:false,&quot;201341983&quot;:0,&quot;335551550&quot;:1,&quot;335551620&quot;:1,&quot;335559685&quot;:0,&quot;335559737&quot;:0,&quot;335559738&quot;:0,&quot;335559739&quot;:160,&quot;335559740&quot;:279}\">\u00a0<\/span><\/p>\n<blockquote>\n<p><span data-contrast=\"auto\">\u201cTeremos recursos para a amplia\u00e7\u00e3o do campus e, antes mesmo de consolidar essa fase, o ministro j\u00e1 anunciou o aumento da capacidade de atendimento, que passar\u00e1 de 800 para 1.400 estudantes. Estamos muito felizes\u201d, afirmou o reitor do IFSP, Silm\u00e1rio Santos.<\/span><span data-ccp-props=\"{&quot;134233117&quot;:false,&quot;134233118&quot;:false,&quot;201341983&quot;:0,&quot;335551550&quot;:1,&quot;335551620&quot;:1,&quot;335559685&quot;:0,&quot;335559737&quot;:0,&quot;335559738&quot;:0,&quot;335559739&quot;:160,&quot;335559740&quot;:279}\">\u00a0<\/span><\/p>\n<\/blockquote>\n<p><span data-contrast=\"auto\">A diretora-geral do Campus Presidente Prudente, Rosana Abbud Olivete, tamb\u00e9m comemorou os novos investimentos e o an\u00fancio da mudan\u00e7a na tipologia do campus. A unidade passar\u00e1 a contar com 70 professores e 45 t\u00e9cnicos administrativos, em substitui\u00e7\u00e3o ao quadro atual de 40 docentes e 26 t\u00e9cnicos.<\/span><span data-ccp-props=\"{&quot;134233117&quot;:false,&quot;134233118&quot;:false,&quot;201341983&quot;:0,&quot;335551550&quot;:1,&quot;335551620&quot;:1,&quot;335559685&quot;:0,&quot;335559737&quot;:0,&quot;335559738&quot;:0,&quot;335559739&quot;:160,&quot;335559740&quot;:279}\">\u00a0<\/span><\/p>\n<p><span data-contrast=\"auto\">\u201cAl\u00e9m disso, o ministro anunciou o investimento para\u00a0construir\u00a0a complementa\u00e7\u00e3o da nossa sede, com novas salas de aula, bloco de refeit\u00f3rio e biblioteca. Esse an\u00fancio representa uma transforma\u00e7\u00e3o ainda maior na nossa realidade, ampliando o atendimento, as oportunidades de ensino e trazendo mais melhorias para Presidente Prudente\u201d, destacou.<\/span><span data-ccp-props=\"{&quot;134233117&quot;:false,&quot;134233118&quot;:false,&quot;201341983&quot;:0,&quot;335551550&quot;:1,&quot;335551620&quot;:1,&quot;335559685&quot;:0,&quot;335559737&quot;:0,&quot;335559738&quot;:0,&quot;335559739&quot;:160,&quot;335559740&quot;:279}\">\u00a0<\/span><\/p>\n<p><span data-contrast=\"auto\">Durante a solenidade, o ministro da Educa\u00e7\u00e3o, Leonardo\u00a0Barchini, ressaltou a import\u00e2ncia da obra e o impacto da nova unidade para a educa\u00e7\u00e3o profissional.<\/span><span data-ccp-props=\"{&quot;134233117&quot;:false,&quot;134233118&quot;:false,&quot;201341983&quot;:0,&quot;335551550&quot;:1,&quot;335551620&quot;:1,&quot;335559685&quot;:0,&quot;335559737&quot;:0,&quot;335559738&quot;:0,&quot;335559739&quot;:160,&quot;335559740&quot;:279}\">\u00a0<\/span><\/p>\n<p><span data-contrast=\"auto\">\u201cEsta \u00e9 uma obra prevista desde 2013. Com um investimento de R$ 14 milh\u00f5es, conseguimos concluir essa escola, que contar\u00e1 com nove salas de aula, laborat\u00f3rios de qu\u00edmica, f\u00edsica e biologia, al\u00e9m do curso t\u00e9cnico em Agroind\u00fastria integrado ao ensino m\u00e9dio a partir do pr\u00f3ximo ano, entre outros cursos. \u00c9 o ensino profissional de qualidade, que \u00e9 a marca dos Institutos Federais\u201d, afirmou.<\/span><span data-ccp-props=\"{&quot;134233117&quot;:false,&quot;134233118&quot;:false,&quot;201341983&quot;:0,&quot;335551550&quot;:1,&quot;335551620&quot;:1,&quot;335559685&quot;:0,&quot;335559737&quot;:0,&quot;335559738&quot;:0,&quot;335559739&quot;:160,&quot;335559740&quot;:279}\">\u00a0<\/span><\/p>\n<p><span data-contrast=\"auto\"><span class=\"easy_img_caption\" style=\"display:inline-table;max-width:100%;box-sizing:border-box;vertical-align:top;background-color:#F2F2F2;padding:6px 6px 0px 6px;width:454px;float:left;margin: 10px;\"><span class=\"easy_img_caption_inner\" style=\"display:block;\"><span style=\"display:block;color:#000000;font-size:13px;line-height:1.3;font-weight:normal;font-style:normal;text-align:left;padding:4px 0px 4px 0px;margin:0px;\">Ministro da Educa\u00e7\u00e3o conhece pesquisas desenvolvidas nos laborat\u00f3rios do Campus Presidente Prudente<\/span><\/span><\/span>O ministro tamb\u00e9m destacou que o Campus Presidente Prudente \u00e9 o de n\u00famero 783 da Rede Federal de Educa\u00e7\u00e3o Profissional, Cient\u00edfica e Tecnol\u00f3gica. Segundo ele, h\u00e1 20 anos o Brasil contava com apenas 40 escolas t\u00e9cnicas federais, o que torna motivo de orgulho a amplia\u00e7\u00e3o da rede e a oferta de educa\u00e7\u00e3o p\u00fablica, gratuita e de qualidade para os jovens da regi\u00e3o.<\/span><span data-ccp-props=\"{&quot;134233117&quot;:false,&quot;134233118&quot;:false,&quot;201341983&quot;:0,&quot;335551550&quot;:1,&quot;335551620&quot;:1,&quot;335559685&quot;:0,&quot;335559737&quot;:0,&quot;335559738&quot;:0,&quot;335559739&quot;:160,&quot;335559740&quot;:279}\">\u00a0<\/span><\/p>\n<p><span data-contrast=\"auto\">A estudante \u00c9rika Gon\u00e7alves Faria celebrou a inaugura\u00e7\u00e3o da nova sede e os avan\u00e7os para o campus. Para ela, estudar no IFSP amplia as oportunidades de inser\u00e7\u00e3o no mundo do trabalho.<\/span><span data-ccp-props=\"{&quot;134233117&quot;:false,&quot;134233118&quot;:false,&quot;201341983&quot;:0,&quot;335551550&quot;:1,&quot;335551620&quot;:1,&quot;335559685&quot;:0,&quot;335559737&quot;:0,&quot;335559738&quot;:0,&quot;335559739&quot;:160,&quot;335559740&quot;:279}\">\u00a0<\/span><span data-contrast=\"auto\">\u201cEstudar no Instituto Federal \u00e9 uma oportunidade incr\u00edvel. Aqui, aprendemos em sala de aula e realizamos experimentos em laborat\u00f3rio, o que faz toda a diferen\u00e7a para entrar no mercado de trabalho\u201d, afirmou.<\/span><span data-ccp-props=\"{&quot;134233117&quot;:false,&quot;134233118&quot;:false,&quot;201341983&quot;:0,&quot;335551550&quot;:1,&quot;335551620&quot;:1,&quot;335559685&quot;:0,&quot;335559737&quot;:0,&quot;335559738&quot;:0,&quot;335559739&quot;:160,&quot;335559740&quot;:279}\">\u00a0<\/span><\/p>\n<p><span data-contrast=\"auto\">A deputada federal S\u00e2mia Bonfim, natural de Presidente Prudente e presente na inaugura\u00e7\u00e3o, destacou a import\u00e2ncia dos investimentos nos Institutos Federais para o desenvolvimento social.<\/span><span data-ccp-props=\"{&quot;134233117&quot;:false,&quot;134233118&quot;:false,&quot;201341983&quot;:0,&quot;335551550&quot;:1,&quot;335551620&quot;:1,&quot;335559685&quot;:0,&quot;335559737&quot;:0,&quot;335559738&quot;:0,&quot;335559739&quot;:160,&quot;335559740&quot;:279}\">\u00a0<\/span><span data-contrast=\"auto\">\u201cDefendemos um modelo de sociedade com oportunidades. O Instituto Federal integra espa\u00e7os de excel\u00eancia \u00e0 vida da comunidade do entorno. Sou testemunha de como o IFSP de Presidente Prudente tem transformado a vida de muitos jovens, oferecendo educa\u00e7\u00e3o de excel\u00eancia e a possibilidade de mudar a realidade de suas fam\u00edlias\u201d, concluiu.<\/span><span data-ccp-props=\"{&quot;134233117&quot;:false,&quot;134233118&quot;:false,&quot;201341983&quot;:0,&quot;335551550&quot;:1,&quot;335551620&quot;:1,&quot;335559685&quot;:0,&quot;335559737&quot;:0,&quot;335559738&quot;:0,&quot;335559739&quot;:160,&quot;335559740&quot;:279}\">\u00a0<\/span><\/p>\n<p><span data-ccp-props=\"{&quot;134233117&quot;:false,&quot;134233118&quot;:false,&quot;201341983&quot;:0,&quot;335551550&quot;:1,&quot;335551620&quot;:1,&quot;335559685&quot;:0,&quot;335559737&quot;:0,&quot;335559738&quot;:0,&quot;335559739&quot;:160,&quot;335559740&quot;:279}\">Acesse aqui o \u00e1lbum com todas as fotos do evento.<\/span><\/p>\n<\/div>\n","protected":false},"excerpt":{"rendered":"<p>Evento reuniu autoridades e incluiu an\u00fancio de investimentos para amplia\u00e7\u00e3o do campus \u00a0 O Minist\u00e9rio da Educa\u00e7\u00e3o (MEC) e o Instituto Federal de S\u00e3o Paulo (IFSP) inauguraram, na segunda-feira (27), a sede pr\u00f3pria do Campus Presidente Prudente. A obra recebeu investimento total de R$ 14,2 milh\u00f5es, sendo R$ 8,2 milh\u00f5es provenientes do Novo Programa de [&hellip;]<\/p>\n","protected":false},"author":1,"featured_media":0,"comment_status":"","ping_status":"","sticky":false,"template":"","format":"standard","meta":{"footnotes":""},"categories":[1],"tags":[],"class_list":["post-49330","post","type-post","status-publish","format-standard","hentry","category-noticias"],"amp_enabled":true,"_links":{"self":[{"href":"https:\/\/novasdodia.com.br\/index.php\/wp-json\/wp\/v2\/posts\/49330","targetHints":{"allow":["GET"]}}],"collection":[{"href":"https:\/\/novasdodia.com.br\/index.php\/wp-json\/wp\/v2\/posts"}],"about":[{"href":"https:\/\/novasdodia.com.br\/index.php\/wp-json\/wp\/v2\/types\/post"}],"author":[{"embeddable":true,"href":"https:\/\/novasdodia.com.br\/index.php\/wp-json\/wp\/v2\/users\/1"}],"replies":[{"embeddable":true,"href":"https:\/\/novasdodia.com.br\/index.php\/wp-json\/wp\/v2\/comments?post=49330"}],"version-history":[{"count":0,"href":"https:\/\/novasdodia.com.br\/index.php\/wp-json\/wp\/v2\/posts\/49330\/revisions"}],"wp:attachment":[{"href":"https:\/\/novasdodia.com.br\/index.php\/wp-json\/wp\/v2\/media?parent=49330"}],"wp:term":[{"taxonomy":"category","embeddable":true,"href":"https:\/\/novasdodia.com.br\/index.php\/wp-json\/wp\/v2\/categories?post=49330"},{"taxonomy":"post_tag","embeddable":true,"href":"https:\/\/novasdodia.com.br\/index.php\/wp-json\/wp\/v2\/tags?post=49330"}],"curies":[{"name":"wp","href":"https:\/\/api.w.org\/{rel}","templated":true}]}}