{"id":49335,"date":"2026-04-28T17:56:38","date_gmt":"2026-04-28T20:56:38","guid":{"rendered":"https:\/\/novasdodia.com.br\/index.php\/2026\/04\/28\/prefcg-firma-convenio-com-maternidade-para-atender-maes-atipicas-cgnoticias\/"},"modified":"2026-04-28T17:56:38","modified_gmt":"2026-04-28T20:56:38","slug":"prefcg-firma-convenio-com-maternidade-para-atender-maes-atipicas-cgnoticias","status":"publish","type":"post","link":"https:\/\/novasdodia.com.br\/index.php\/2026\/04\/28\/prefcg-firma-convenio-com-maternidade-para-atender-maes-atipicas-cgnoticias\/","title":{"rendered":"PrefCG firma conv\u00eanio com maternidade para atender m\u00e3es at\u00edpicas \u2013 CGNot\u00edcias"},"content":{"rendered":"<p><\/p>\n<div>\n<p>Foi assinado pela Prefeitura de Campo Grande, nesta ter\u00e7a-feira (28), conv\u00eanio com a Maternidade C\u00e2ndido Mariano para atender \u00e0s m\u00e3es at\u00edpicas na Capital. O acordo garante repasse mensal \u00e0 entidade e integra o novo modelo estruturado pelo munic\u00edpio para dar mais agilidade, organiza\u00e7\u00e3o e cuidado cont\u00ednuo a essas fam\u00edlias.<\/p>\n<p>O objetivo \u00e9 acelerar a entrega de fraldas e dietas especiais, al\u00e9m de qualificar o atendimento de crian\u00e7as de 0 a 12 anos. Ap\u00f3s essa faixa et\u00e1ria, o acompanhamento segue diretamente pelo N\u00facleo de Apoio \u00e0s M\u00e3es At\u00edpicas (Nama).<\/p>\n<p>Durante a assinatura, a prefeita destacou que a iniciativa \u00e9 resultado de um trabalho t\u00e9cnico e da busca por alternativas vi\u00e1veis para um desafio hist\u00f3rico.<br \/>\u201cBuscamos refer\u00eancias no pa\u00eds e n\u00e3o encontramos um modelo como este. Estamos construindo uma solu\u00e7\u00e3o com responsabilidade na aplica\u00e7\u00e3o do recurso p\u00fablico e com o apoio dos \u00f3rg\u00e3os de controle, dando um encaminhamento estruturado e permanente a uma demanda importante, que exige aten\u00e7\u00e3o\u201d, afirmou Adriane Lopes.<\/p>\n<figure class=\"wp-block-image size-large\"><\/figure>\n<p>Para a dire\u00e7\u00e3o da Maternidade C\u00e2ndido Mariano, o conv\u00eanio refor\u00e7a o alcance de um trabalho j\u00e1 desenvolvido pelo munic\u00edpio. \u201cO objetivo \u00e9 contribuir com o que j\u00e1 est\u00e1 sendo feito, ampliando o acolhimento dessas fam\u00edlias com uma equipe multidisciplinar. A maternidade entra como parceira para somar nesse atendimento, especialmente na organiza\u00e7\u00e3o das demandas e no suporte \u00e0s fam\u00edlias\u201d, explicou o diretor-presidente Daniel Gon\u00e7alves de Miranda.<\/p>\n<p>Levantamento inicial do Nama identificou 614 casos de m\u00e3es at\u00edpicas entre mais de 4.400 processos judiciais ativos relacionados a fraldas e dietas at\u00e9 dezembro de 2025. A prefeitura tamb\u00e9m iniciou um censo in\u00e9dito para mapear essas fam\u00edlias, com o objetivo de aprimorar o planejamento e direcionar melhor os recursos p\u00fablicos.<\/p>\n<p>A defensora p\u00fablica Eni Maria Sezerino Diniz, coordenadora do N\u00facleo de Aten\u00e7\u00e3o \u00e0 Sa\u00fade da DPMS, destacou que a iniciativa \u00e9 fruto de articula\u00e7\u00e3o entre os setores para enfrentar um cen\u00e1rio complexo. \u201cFoi uma constru\u00e7\u00e3o coletiva, porque n\u00e3o \u00e9 uma situa\u00e7\u00e3o que se resolve de forma isolada. A proposta \u00e9 organizar esse fluxo, reduzir a judicializa\u00e7\u00e3o e dar mais efici\u00eancia ao atendimento, com um olhar mais adequado para essas fam\u00edlias\u201d, pontuou.<\/p>\n<figure class=\"wp-block-image size-large\"><\/figure>\n<p>O secret\u00e1rio municipal de Sa\u00fade, Marcelo Vilela, ressaltou que o conv\u00eanio fortalece a capacidade de resposta do munic\u00edpio ao integrar diferentes \u00e1reas no cuidado. J\u00e1 a secret\u00e1ria-adjunta Ivone Nabhan destacou que o modelo amplia o atendimento, especialmente na primeira inf\u00e2ncia, com mais humaniza\u00e7\u00e3o e continuidade.<\/p>\n<p>O cadastramento j\u00e1 est\u00e1 em andamento e pode ser feito pelo telefone (67) 99179-5948, canal pelo qual as m\u00e3es at\u00edpicas podem se inscrever no NAMA e acessar os servi\u00e7os oferecidos.<\/p>\n<p>A iniciativa amplia uma pol\u00edtica j\u00e1 em andamento, coordenada pela Secretaria Municipal de Sa\u00fade (Sesau) por meio do Nama, criado em outubro de 2025. Com a parceria, o atendimento tamb\u00e9m passa a ser realizado dentro da maternidade, com equipes multiprofissionais formadas por assistentes sociais, psic\u00f3logos e pediatras, refor\u00e7ando o acolhimento e o acompanhamento.<\/p>\n<p><em>#ParaTodosVerem: A mat\u00e9ria tem tr\u00eas fotos, sendo todas com representantes das institui\u00e7\u00f5es em momento de assinatura do conv\u00eanio. <\/em><\/p>\n<\/div>\n<p><script async defer async defer src=\"https:\/\/connect.facebook.net\/en_US\/sdk.js?ver=1#xfbml=1&amp;version=v3.2\" id=\"prefeitura-campogrande-script-facebook-sdk-js\"><\/script><\/p>\n","protected":false},"excerpt":{"rendered":"<p>Foi assinado pela Prefeitura de Campo Grande, nesta ter\u00e7a-feira (28), conv\u00eanio com a Maternidade C\u00e2ndido Mariano para atender \u00e0s m\u00e3es at\u00edpicas na Capital. O acordo garante repasse mensal \u00e0 entidade e integra o novo modelo estruturado pelo munic\u00edpio para dar mais agilidade, organiza\u00e7\u00e3o e cuidado cont\u00ednuo a essas fam\u00edlias. O objetivo \u00e9 acelerar a entrega [&hellip;]<\/p>\n","protected":false},"author":1,"featured_media":0,"comment_status":"","ping_status":"","sticky":false,"template":"","format":"standard","meta":{"footnotes":""},"categories":[],"tags":[],"class_list":["post-49335","post","type-post","status-publish","format-standard","hentry"],"amp_enabled":true,"_links":{"self":[{"href":"https:\/\/novasdodia.com.br\/index.php\/wp-json\/wp\/v2\/posts\/49335","targetHints":{"allow":["GET"]}}],"collection":[{"href":"https:\/\/novasdodia.com.br\/index.php\/wp-json\/wp\/v2\/posts"}],"about":[{"href":"https:\/\/novasdodia.com.br\/index.php\/wp-json\/wp\/v2\/types\/post"}],"author":[{"embeddable":true,"href":"https:\/\/novasdodia.com.br\/index.php\/wp-json\/wp\/v2\/users\/1"}],"replies":[{"embeddable":true,"href":"https:\/\/novasdodia.com.br\/index.php\/wp-json\/wp\/v2\/comments?post=49335"}],"version-history":[{"count":0,"href":"https:\/\/novasdodia.com.br\/index.php\/wp-json\/wp\/v2\/posts\/49335\/revisions"}],"wp:attachment":[{"href":"https:\/\/novasdodia.com.br\/index.php\/wp-json\/wp\/v2\/media?parent=49335"}],"wp:term":[{"taxonomy":"category","embeddable":true,"href":"https:\/\/novasdodia.com.br\/index.php\/wp-json\/wp\/v2\/categories?post=49335"},{"taxonomy":"post_tag","embeddable":true,"href":"https:\/\/novasdodia.com.br\/index.php\/wp-json\/wp\/v2\/tags?post=49335"}],"curies":[{"name":"wp","href":"https:\/\/api.w.org\/{rel}","templated":true}]}}