{"id":49378,"date":"2026-04-29T14:56:45","date_gmt":"2026-04-29T17:56:45","guid":{"rendered":"https:\/\/novasdodia.com.br\/index.php\/2026\/04\/29\/seminario-debate-a-importancia-da-alimentacao-escolar-cgnoticias\/"},"modified":"2026-04-29T14:56:45","modified_gmt":"2026-04-29T17:56:45","slug":"seminario-debate-a-importancia-da-alimentacao-escolar-cgnoticias","status":"publish","type":"post","link":"https:\/\/novasdodia.com.br\/index.php\/2026\/04\/29\/seminario-debate-a-importancia-da-alimentacao-escolar-cgnoticias\/","title":{"rendered":"Semin\u00e1rio debate a import\u00e2ncia da alimenta\u00e7\u00e3o escolar \u2013 CGNot\u00edcias"},"content":{"rendered":"<p><\/p>\n<div>\n<p>Com foco na promo\u00e7\u00e3o da seguran\u00e7a alimentar e no fortalecimento das pol\u00edticas p\u00fablicas voltadas aos estudantes, o Conselho Municipal de Alimenta\u00e7\u00e3o Escolar (Cmae) realizou, nesta ter\u00e7a-feira (28), o I Semin\u00e1rio de Alimenta\u00e7\u00e3o e Nutri\u00e7\u00e3o Escolar, no audit\u00f3rio do Cefor, da Secretaria Municipal de Educa\u00e7\u00e3o (Semed).<\/p>\n<p>O encontro reuniu conselheiros, profissionais da educa\u00e7\u00e3o, nutricionistas, gestores e especialistas para discutir desafios, avan\u00e7os e perspectivas da alimenta\u00e7\u00e3o escolar na Rede Municipal de Ensino (Reme), refor\u00e7ando a merenda como instrumento essencial para a aprendizagem, a sa\u00fade e a perman\u00eancia dos estudantes na escola.<\/p>\n<p>A programa\u00e7\u00e3o incluiu apresenta\u00e7\u00e3o institucional do Cmae e palestras sobre a contribui\u00e7\u00e3o do Programa Nacional de Alimenta\u00e7\u00e3o Escolar (PNAE) para a seguran\u00e7a alimentar, a promo\u00e7\u00e3o da alimenta\u00e7\u00e3o saud\u00e1vel e a log\u00edstica de distribui\u00e7\u00e3o dos alimentos nas unidades escolares.<\/p>\n<figure class=\"wp-block-image size-large\"><\/figure>\n<p>O presidente do Cmae, Alexsandro Nunes Benevides, destacou o semin\u00e1rio como espa\u00e7o de constru\u00e7\u00e3o coletiva e fortalecimento do controle social.<\/p>\n<p>\u201cDiscutir alimenta\u00e7\u00e3o escolar \u00e9 discutir qualidade de vida, perman\u00eancia e desenvolvimento dos nossos estudantes. Este semin\u00e1rio amplia o di\u00e1logo e reafirma o compromisso do Conselho com a fiscaliza\u00e7\u00e3o e o aprimoramento das pol\u00edticas p\u00fablicas\u201d, afirmou.<\/p>\n<p>Representando a gest\u00e3o municipal, o secret\u00e1rio municipal de Educa\u00e7\u00e3o, Lucas Bitencourt, ressaltou que a qualidade da alimenta\u00e7\u00e3o escolar \u00e9 parte essencial do compromisso da Rede com a educa\u00e7\u00e3o integral.<\/p>\n<p>\u201cA merenda escolar \u00e9 uma pol\u00edtica p\u00fablica s\u00e9ria, pensada com responsabilidade e cuidado. Investir em alimenta\u00e7\u00e3o de qualidade \u00e9 investir na aprendizagem, na sa\u00fade e no futuro dos nossos alunos\u201d, pontuou.<\/p>\n<p>Entre os destaques da programa\u00e7\u00e3o, a professora Raquel Pires Campos abordou as contribui\u00e7\u00f5es do PNAE para a seguran\u00e7a alimentar, a justi\u00e7a social e o combate \u00e0 fome. J\u00e1 a nutricionista Tereza de Oliveira Teixeira tratou da promo\u00e7\u00e3o de h\u00e1bitos alimentares saud\u00e1veis no ambiente escolar, enquanto o chefe da Log\u00edstica e Distribui\u00e7\u00e3o da Alimenta\u00e7\u00e3o Escolar do munic\u00edpio, Fabr\u00edcio Pereira Milano, apresentou o trabalho que garante o abastecimento das unidades da Reme.<\/p>\n<figure class=\"wp-block-image size-large\"><\/figure>\n<p>Para a secret\u00e1ria-executiva do Cmae, Sueleid de Souza Benevides Cabreira, o evento tamb\u00e9m representa um avan\u00e7o na forma\u00e7\u00e3o e sensibiliza\u00e7\u00e3o dos profissionais envolvidos com a pol\u00edtica de alimenta\u00e7\u00e3o escolar.<\/p>\n<p>\u201cMais do que um semin\u00e1rio, este \u00e9 um momento de fortalecimento t\u00e9cnico e institucional para avan\u00e7armos na garantia do direito \u00e0 alimenta\u00e7\u00e3o adequada para todos os estudantes\u201d, destacou.<\/p>\n<p>Com certifica\u00e7\u00e3o para os participantes e momentos de intera\u00e7\u00e3o, o semin\u00e1rio reafirmou o papel do Conselho Municipal de Alimenta\u00e7\u00e3o Escolar como inst\u00e2ncia fundamental no acompanhamento e na fiscaliza\u00e7\u00e3o da alimenta\u00e7\u00e3o oferecida nas escolas p\u00fablicas.<\/p>\n<p><em>#ParaTodosVerem: Imagem do evento realizado pelo Conselho Municipal de Alimenta\u00e7\u00e3o Escolar<\/em>.<\/p>\n<\/div>\n<p><script async defer async defer src=\"https:\/\/connect.facebook.net\/en_US\/sdk.js?ver=1#xfbml=1&amp;version=v3.2\" id=\"prefeitura-campogrande-script-facebook-sdk-js\"><\/script><\/p>\n","protected":false},"excerpt":{"rendered":"<p>Com foco na promo\u00e7\u00e3o da seguran\u00e7a alimentar e no fortalecimento das pol\u00edticas p\u00fablicas voltadas aos estudantes, o Conselho Municipal de Alimenta\u00e7\u00e3o Escolar (Cmae) realizou, nesta ter\u00e7a-feira (28), o I Semin\u00e1rio de Alimenta\u00e7\u00e3o e Nutri\u00e7\u00e3o Escolar, no audit\u00f3rio do Cefor, da Secretaria Municipal de Educa\u00e7\u00e3o (Semed). O encontro reuniu conselheiros, profissionais da educa\u00e7\u00e3o, nutricionistas, gestores e [&hellip;]<\/p>\n","protected":false},"author":1,"featured_media":0,"comment_status":"","ping_status":"","sticky":false,"template":"","format":"standard","meta":{"footnotes":""},"categories":[],"tags":[],"class_list":["post-49378","post","type-post","status-publish","format-standard","hentry"],"amp_enabled":true,"_links":{"self":[{"href":"https:\/\/novasdodia.com.br\/index.php\/wp-json\/wp\/v2\/posts\/49378","targetHints":{"allow":["GET"]}}],"collection":[{"href":"https:\/\/novasdodia.com.br\/index.php\/wp-json\/wp\/v2\/posts"}],"about":[{"href":"https:\/\/novasdodia.com.br\/index.php\/wp-json\/wp\/v2\/types\/post"}],"author":[{"embeddable":true,"href":"https:\/\/novasdodia.com.br\/index.php\/wp-json\/wp\/v2\/users\/1"}],"replies":[{"embeddable":true,"href":"https:\/\/novasdodia.com.br\/index.php\/wp-json\/wp\/v2\/comments?post=49378"}],"version-history":[{"count":0,"href":"https:\/\/novasdodia.com.br\/index.php\/wp-json\/wp\/v2\/posts\/49378\/revisions"}],"wp:attachment":[{"href":"https:\/\/novasdodia.com.br\/index.php\/wp-json\/wp\/v2\/media?parent=49378"}],"wp:term":[{"taxonomy":"category","embeddable":true,"href":"https:\/\/novasdodia.com.br\/index.php\/wp-json\/wp\/v2\/categories?post=49378"},{"taxonomy":"post_tag","embeddable":true,"href":"https:\/\/novasdodia.com.br\/index.php\/wp-json\/wp\/v2\/tags?post=49378"}],"curies":[{"name":"wp","href":"https:\/\/api.w.org\/{rel}","templated":true}]}}