{"id":49384,"date":"2026-04-29T17:44:37","date_gmt":"2026-04-29T20:44:37","guid":{"rendered":"https:\/\/novasdodia.com.br\/index.php\/2026\/04\/29\/campo-grande-sedia-encontro-nacional-sobre-primeira-infancia-cgnoticias\/"},"modified":"2026-04-29T17:44:37","modified_gmt":"2026-04-29T20:44:37","slug":"campo-grande-sedia-encontro-nacional-sobre-primeira-infancia-cgnoticias","status":"publish","type":"post","link":"https:\/\/novasdodia.com.br\/index.php\/2026\/04\/29\/campo-grande-sedia-encontro-nacional-sobre-primeira-infancia-cgnoticias\/","title":{"rendered":"Campo Grande sedia encontro nacional sobre primeira inf\u00e2ncia \u2013 CGNot\u00edcias"},"content":{"rendered":"<p><\/p>\n<div>\n<p>Campo Grande abriu oficialmente, nesta ter\u00e7a-feira (28), o XVII Encontro Nacional de Aleitamento Materno (ENAM) e o VII Encontro Nacional de Alimenta\u00e7\u00e3o Complementar Saud\u00e1vel (ENACS), consolidando o protagonismo do munic\u00edpio no debate sobre a sa\u00fade na primeira inf\u00e2ncia. Realizado no Centro de Conven\u00e7\u00f5es Rubens Gil de Camillo, o evento segue at\u00e9 quinta-feira (30). <\/p>\n<p>Ao longo da programa\u00e7\u00e3o, especialistas, gestores e profissionais de todo o pa\u00eds participam de confer\u00eancias, mesas tem\u00e1ticas, apresenta\u00e7\u00f5es cient\u00edficas e espa\u00e7os de troca entre saberes t\u00e9cnicos e populares. O objetivo \u00e9 fortalecer pol\u00edticas p\u00fablicas e pr\u00e1ticas voltadas \u00e0 promo\u00e7\u00e3o do aleitamento materno e da alimenta\u00e7\u00e3o saud\u00e1vel na primeira inf\u00e2ncia.<\/p>\n<p>A relev\u00e2ncia do encontro foi destacada por representantes de institui\u00e7\u00f5es nacionais. \u201cA IBFAN \u00e9 absolutamente \u00e9tica quanto \u00e0 sua rede. \u00c9 uma rede mundial, presente em 110 pa\u00edses, criada para proteger a amamenta\u00e7\u00e3o contra pr\u00e1ticas promocionais n\u00e3o \u00e9ticas, muitas vezes vergonhosas\u201d, afirmou Marina Rea, fundadora da IBFAN Brasil.<\/p>\n<p>Na mesma linha, a representante da Anvisa, Renata Ferreira, ressaltou os desafios na \u00e1rea. \u201cTemos desafios na fiscaliza\u00e7\u00e3o e na implementa\u00e7\u00e3o nacional, mas vemos aqui uma lideran\u00e7a incr\u00edvel, com profissionais comprometidos que fazem a diferen\u00e7a no dia a dia\u201d, disse, ao lembrar os 20 anos da Lei n\u00ba 11.265\/2006, que regulamenta a comercializa\u00e7\u00e3o de alimentos para a primeira inf\u00e2ncia no Brasil.<\/p>\n<p>Representando o Minist\u00e9rio da Sa\u00fade, Angela Fernandes refor\u00e7ou o papel do Sistema \u00danico de Sa\u00fade (SUS) e da aten\u00e7\u00e3o prim\u00e1ria. \u201cO tema nos provoca a pensar nas condi\u00e7\u00f5es concretas que tornam poss\u00edvel o cuidado. A aten\u00e7\u00e3o prim\u00e1ria \u00e9 a porta de entrada\u201d, afirmou, destacando tamb\u00e9m as dificuldades enfrentadas por muitas fam\u00edlias para garantir uma alimenta\u00e7\u00e3o adequada.<\/p>\n<figure class=\"wp-block-image size-large\"><\/figure>\n<p>Como anfitri\u00e3, a Secretaria Municipal de Sa\u00fade (Sesau) evidenciou o papel estrat\u00e9gico de Campo Grande no cen\u00e1rio nacional. \u201cCampo Grande se coloca, nesta semana, como um espa\u00e7o de constru\u00e7\u00e3o qualificada de pol\u00edticas p\u00fablicas voltadas \u00e0 primeira inf\u00e2ncia. Receber um encontro dessa dimens\u00e3o refor\u00e7a o trabalho que j\u00e1 vem sendo desenvolvido na nossa rede, especialmente na aten\u00e7\u00e3o prim\u00e1ria\u201d, afirmou o secret\u00e1rio municipal de Sa\u00fade, Marcelo Vilela, ao dar as boas-vindas.<\/p>\n<p>O secret\u00e1rio ainda acrescentou. \u201cMais do que sediar o evento, queremos que esse debate se traduza em avan\u00e7os concretos no cuidado, fortalecendo o aleitamento materno e a alimenta\u00e7\u00e3o saud\u00e1vel como prioridades permanentes. A expectativa \u00e9 de um legado t\u00e9cnico consistente, que impacte diretamente a qualidade da assist\u00eancia prestada \u00e0 popula\u00e7\u00e3o\u201d.<\/p>\n<figure class=\"wp-block-image size-large\"><\/figure>\n<p>Outras institui\u00e7\u00f5es tamb\u00e9m destacaram a import\u00e2ncia da iniciativa. \u201cA seguran\u00e7a alimentar e nutricional come\u00e7a com o aleitamento materno\u201d, pontuou Manuela Dolinsky, presidente do Conselho Federal de Nutri\u00e7\u00e3o. J\u00e1 a representante do Unicef no Brasil, Regicely Aline Brand\u00e3o Ferreira, ressaltou o car\u00e1ter mobilizador do encontro: \u201cSe inundem de conhecimento e retornem aos seus territ\u00f3rios como agentes ainda mais fortes desse movimento, que precisa ser permanente\u201d.<\/p>\n<p>A abertura contou ainda com apresenta\u00e7\u00e3o da Orquestra Infantil F\u00e1brica do Som. Promovido pela IBFAN Brasil, em parceria com o Governo do Estado e a Prefeitura de Campo Grande, o ENAM e o ENACS seguem com programa\u00e7\u00e3o at\u00e9 o dia 30 de abril. O evento ainda foi precedido, na segunda-feira (27), pelo pr\u00e9-ENAM, com oficinas e atividades preparat\u00f3rias.<\/p>\n<p><em>#ParaTodosVerem: Imagem do evento realizado no Centro de Conven\u00e7\u00f5es Rubens Gil de Camillo<\/em><\/p>\n<\/div>\n<p><script async defer async defer src=\"https:\/\/connect.facebook.net\/en_US\/sdk.js?ver=1#xfbml=1&amp;version=v3.2\" id=\"prefeitura-campogrande-script-facebook-sdk-js\"><\/script><\/p>\n","protected":false},"excerpt":{"rendered":"<p>Campo Grande abriu oficialmente, nesta ter\u00e7a-feira (28), o XVII Encontro Nacional de Aleitamento Materno (ENAM) e o VII Encontro Nacional de Alimenta\u00e7\u00e3o Complementar Saud\u00e1vel (ENACS), consolidando o protagonismo do munic\u00edpio no debate sobre a sa\u00fade na primeira inf\u00e2ncia. Realizado no Centro de Conven\u00e7\u00f5es Rubens Gil de Camillo, o evento segue at\u00e9 quinta-feira (30). Ao longo [&hellip;]<\/p>\n","protected":false},"author":1,"featured_media":0,"comment_status":"","ping_status":"","sticky":false,"template":"","format":"standard","meta":{"footnotes":""},"categories":[],"tags":[],"class_list":["post-49384","post","type-post","status-publish","format-standard","hentry"],"amp_enabled":true,"_links":{"self":[{"href":"https:\/\/novasdodia.com.br\/index.php\/wp-json\/wp\/v2\/posts\/49384","targetHints":{"allow":["GET"]}}],"collection":[{"href":"https:\/\/novasdodia.com.br\/index.php\/wp-json\/wp\/v2\/posts"}],"about":[{"href":"https:\/\/novasdodia.com.br\/index.php\/wp-json\/wp\/v2\/types\/post"}],"author":[{"embeddable":true,"href":"https:\/\/novasdodia.com.br\/index.php\/wp-json\/wp\/v2\/users\/1"}],"replies":[{"embeddable":true,"href":"https:\/\/novasdodia.com.br\/index.php\/wp-json\/wp\/v2\/comments?post=49384"}],"version-history":[{"count":0,"href":"https:\/\/novasdodia.com.br\/index.php\/wp-json\/wp\/v2\/posts\/49384\/revisions"}],"wp:attachment":[{"href":"https:\/\/novasdodia.com.br\/index.php\/wp-json\/wp\/v2\/media?parent=49384"}],"wp:term":[{"taxonomy":"category","embeddable":true,"href":"https:\/\/novasdodia.com.br\/index.php\/wp-json\/wp\/v2\/categories?post=49384"},{"taxonomy":"post_tag","embeddable":true,"href":"https:\/\/novasdodia.com.br\/index.php\/wp-json\/wp\/v2\/tags?post=49384"}],"curies":[{"name":"wp","href":"https:\/\/api.w.org\/{rel}","templated":true}]}}