{"id":49387,"date":"2026-04-29T18:31:36","date_gmt":"2026-04-29T21:31:36","guid":{"rendered":"https:\/\/novasdodia.com.br\/index.php\/2026\/04\/29\/rio-reforca-vacinacao-contra-o-sarampo-nos-aeroportos-prefeitura-da-cidade-do-rio-de-janeiro\/"},"modified":"2026-04-29T18:31:36","modified_gmt":"2026-04-29T21:31:36","slug":"rio-reforca-vacinacao-contra-o-sarampo-nos-aeroportos-prefeitura-da-cidade-do-rio-de-janeiro","status":"publish","type":"post","link":"https:\/\/novasdodia.com.br\/index.php\/2026\/04\/29\/rio-reforca-vacinacao-contra-o-sarampo-nos-aeroportos-prefeitura-da-cidade-do-rio-de-janeiro\/","title":{"rendered":"Rio refor\u00e7a vacina\u00e7\u00e3o contra o sarampo nos aeroportos &#8211; Prefeitura da Cidade do Rio de Janeiro"},"content":{"rendered":"<p><\/p>\n<div id=\"main\">\n<div class=\"wrapper-breadcrumbs\" wp_automatic_readability=\"53.304518664047\">\n<div class=\"image-post\" wp_automatic_readability=\"32\">\n                     Santos Dumont e Gale\u00e3o recebem pontos de vacina\u00e7\u00e3o antes do show da Shakira &#8211; SMS\/Divulga\u00e7\u00e3o                  <\/div>\n<p dir=\"ltr\">Com expectativa de fluxo intenso de turistas no munic\u00edpio para o evento \u201cTodo Mundo no Rio\u201d no pr\u00f3ximo dia 2, a Secretaria Municipal de Sa\u00fade intensifica a preven\u00e7\u00e3o contra o sarampo com pontos de vacina\u00e7\u00e3o extras (PVs). Amanh\u00e3 (30) e na sexta-feira (1\u00b0), os aeroportos Santos Dumont e Ant\u00f4nio Carlos Jobim ter\u00e3o PVs funcionando das 8h \u00e0s 16h.<\/p>\n<p dir=\"ltr\">O foco da a\u00e7\u00e3o ser\u00e1 a imuniza\u00e7\u00e3o com a Tr\u00edplice Viral, que protege contra sarampo, caxumba e rub\u00e9ola. Conforme as diretrizes do Minist\u00e9rio da Sa\u00fade, a vacina\u00e7\u00e3o contra o sarampo \u00e9 crucial para prevenir a reintrodu\u00e7\u00e3o da doen\u00e7a no territ\u00f3rio brasileiro em meio ao registro de surtos em diferentes pa\u00edses. Os pontos extras tamb\u00e9m disponibilizar\u00e3o a vacina contra a febre amarela.<\/p>\n<blockquote wp_automatic_readability=\"13\">\n<p dir=\"ltr\">\u2013 O sarampo \u00e9 uma doen\u00e7a de alta transmissibilidade e, com o aumento do fluxo de turistas, principalmente o internacional, os aeroportos se tornam locais estrat\u00e9gicos para a imuniza\u00e7\u00e3o. Queremos garantir que tanto o carioca quanto o visitante estejam protegidos, bloqueando qualquer possibilidade de propaga\u00e7\u00e3o do v\u00edrus na nossa cidade \u2013 afirma o secret\u00e1rio municipal de Sa\u00fade, Rodrigo Prado.<\/p>\n<\/blockquote>\n<p dir=\"ltr\">Podem se vacinar contra o sarampo pessoas de at\u00e9 59 anos. Para quem tem at\u00e9 29 anos, o esquema completo prev\u00ea duas doses: os que ainda n\u00e3o se vacinaram devem tomar a primeira e agendar a segunda, enquanto os que tomaram apenas uma dose devem completar o esquema. Para quem tem entre 30 e 59 anos e ainda n\u00e3o se vacinou, \u00e9 recomendada uma dose.<\/p>\n<p dir=\"ltr\">Al\u00e9m dos PVs, as vacinas seguem dispon\u00edveis tamb\u00e9m nas 243 salas de imuniza\u00e7\u00e3o da cidade, incluindo cl\u00ednicas da fam\u00edlia, centros municipais de sa\u00fade e as unidades do Super Centro Carioca de Vacina\u00e7\u00e3o em Botafogo (aberta todos os dias, das 8h \u00e0s 22h), na Zona Oeste (no ParkShoppingCampoGrande) e na Zona Norte (Shopping Nova Am\u00e9rica).<\/p>\n<p dir=\"ltr\">Para se vacinar, basta apresentar um documento de identifica\u00e7\u00e3o e, se poss\u00edvel, a caderneta de vacina\u00e7\u00e3o.<\/p>\n<p dir=\"ltr\"><strong>SERVI\u00c7O:<\/strong><\/p>\n<p dir=\"ltr\"><strong>PV Aeroporto Santos Dumont<\/strong><\/p>\n<p dir=\"ltr\">Datas: 30\/4 e 1\/5<\/p>\n<p dir=\"ltr\">Hor\u00e1rio de funcionamento: 8h \u00e0s 16h<\/p>\n<p dir=\"ltr\">Local: Aeroporto Santos Dumont \u2013 ao lado do guich\u00ea da Gol<\/p>\n<p><strong>PV Aeroporto Ant\u00f4nio Carlos Jobim \u2013 Gale\u00e3o<\/strong><\/p>\n<p dir=\"ltr\">Datas: 30\/4 e 1\/5<\/p>\n<p dir=\"ltr\">Hor\u00e1rio de funcionamento: 8h \u00e0s 16h<\/p>\n<p dir=\"ltr\">Local: Aeroporto Internacional Tom Jobim \u2013 terminal 2, desembarque 1\u00b0 piso<\/p>\n<p>             <!-- Compartilhe ---><\/p>\n<p>\t\t\t <!-- TAGS --><\/p>\n<section class=\"category-tags\">\n<div class=\"marcacao-category\">\n<article class=\"category-post\">\n<p>Categoria: <\/p>\n<\/article>\n<li>29 de abril de 2026<\/li><\/div>\n<article class=\"tags\">\n\t\t\t\t\tMarca\u00e7\u00f5es: aeroporto Gale\u00e3o Santos Dumont Sarampo sa\u00fade todo mundo no rio vacina\u00e7\u00e3o<br \/><\/article>\n<\/section>\n<p>            <!-- Mais Not&iacute;cias --><\/p>\n<p>\t\t<!-- Conte&uacute;do SIDEBAR --><\/p><\/div>\n<\/p><\/div>\n","protected":false},"excerpt":{"rendered":"<p>Santos Dumont e Gale\u00e3o recebem pontos de vacina\u00e7\u00e3o antes do show da Shakira &#8211; SMS\/Divulga\u00e7\u00e3o Com expectativa de fluxo intenso de turistas no munic\u00edpio para o evento \u201cTodo Mundo no Rio\u201d no pr\u00f3ximo dia 2, a Secretaria Municipal de Sa\u00fade intensifica a preven\u00e7\u00e3o contra o sarampo com pontos de vacina\u00e7\u00e3o extras (PVs). Amanh\u00e3 (30) e [&hellip;]<\/p>\n","protected":false},"author":1,"featured_media":0,"comment_status":"","ping_status":"","sticky":false,"template":"","format":"standard","meta":{"footnotes":""},"categories":[1],"tags":[],"class_list":["post-49387","post","type-post","status-publish","format-standard","hentry","category-noticias"],"amp_enabled":true,"_links":{"self":[{"href":"https:\/\/novasdodia.com.br\/index.php\/wp-json\/wp\/v2\/posts\/49387","targetHints":{"allow":["GET"]}}],"collection":[{"href":"https:\/\/novasdodia.com.br\/index.php\/wp-json\/wp\/v2\/posts"}],"about":[{"href":"https:\/\/novasdodia.com.br\/index.php\/wp-json\/wp\/v2\/types\/post"}],"author":[{"embeddable":true,"href":"https:\/\/novasdodia.com.br\/index.php\/wp-json\/wp\/v2\/users\/1"}],"replies":[{"embeddable":true,"href":"https:\/\/novasdodia.com.br\/index.php\/wp-json\/wp\/v2\/comments?post=49387"}],"version-history":[{"count":0,"href":"https:\/\/novasdodia.com.br\/index.php\/wp-json\/wp\/v2\/posts\/49387\/revisions"}],"wp:attachment":[{"href":"https:\/\/novasdodia.com.br\/index.php\/wp-json\/wp\/v2\/media?parent=49387"}],"wp:term":[{"taxonomy":"category","embeddable":true,"href":"https:\/\/novasdodia.com.br\/index.php\/wp-json\/wp\/v2\/categories?post=49387"},{"taxonomy":"post_tag","embeddable":true,"href":"https:\/\/novasdodia.com.br\/index.php\/wp-json\/wp\/v2\/tags?post=49387"}],"curies":[{"name":"wp","href":"https:\/\/api.w.org\/{rel}","templated":true}]}}