{"id":49389,"date":"2026-04-29T19:13:35","date_gmt":"2026-04-29T22:13:35","guid":{"rendered":"https:\/\/novasdodia.com.br\/index.php\/2026\/04\/29\/a-secretaria-de-meio-ambiente-de-guaratingueta-a-convite-da-guarda-mirim-desenvolveu-uma-acao-voltada-a-promocao-da-sustentabilidade-e-a-valorizacao-dos-espacos-publicos\/"},"modified":"2026-04-29T19:13:35","modified_gmt":"2026-04-29T22:13:35","slug":"a-secretaria-de-meio-ambiente-de-guaratingueta-a-convite-da-guarda-mirim-desenvolveu-uma-acao-voltada-a-promocao-da-sustentabilidade-e-a-valorizacao-dos-espacos-publicos","status":"publish","type":"post","link":"https:\/\/novasdodia.com.br\/index.php\/2026\/04\/29\/a-secretaria-de-meio-ambiente-de-guaratingueta-a-convite-da-guarda-mirim-desenvolveu-uma-acao-voltada-a-promocao-da-sustentabilidade-e-a-valorizacao-dos-espacos-publicos\/","title":{"rendered":"A Secretaria de Meio Ambiente de Guaratinguet\u00e1, a convite da Guarda Mirim, desenvolveu uma a\u00e7\u00e3o voltada \u00e0 promo\u00e7\u00e3o da sustentabilidade e \u00e0 valoriza\u00e7\u00e3o dos espa\u00e7os p\u00fablicos"},"content":{"rendered":"<p><\/p>\n<div>\n<p>A iniciativa teve origem no m\u00f3dulo de sustentabilidade trabalhado com os alunos da Guarda Mirim, que despertou o interesse em transformar o conhecimento adquirido em uma a\u00e7\u00e3o pr\u00e1tica. A partir dessa mobiliza\u00e7\u00e3o, os pr\u00f3prios jovens buscaram a Secretaria para propor uma interven\u00e7\u00e3o concreta: o plantio de \u00e1rvores frut\u00edferas na \u00e1rea externa da institui\u00e7\u00e3o.<\/p>\n<p>A a\u00e7\u00e3o contou com o acompanhamento t\u00e9cnico da equipe da Secretaria de Meio Ambiente, que orientou os participantes quanto \u00e0 escolha das esp\u00e9cies mais adequadas ao ambiente urbano, bem como \u00e0s t\u00e9cnicas corretas de plantio e manejo. Ao todo, foram plantadas cinco mudas de pequeno porte: duas pitangueiras, dois ara\u00e7azeiros e um jambo.<\/p>\n<p>A iniciativa contribui para a melhoria da qualidade ambiental, incentiva pr\u00e1ticas sustent\u00e1veis e fortalece a conscientiza\u00e7\u00e3o ecol\u00f3gica dos jovens, gerando impactos positivos que se estendem para al\u00e9m do ambiente da institui\u00e7\u00e3o.<\/p>\n<p>\u00a0<\/p>\n<\/p><\/div>\n","protected":false},"excerpt":{"rendered":"<p>A iniciativa teve origem no m\u00f3dulo de sustentabilidade trabalhado com os alunos da Guarda Mirim, que despertou o interesse em transformar o conhecimento adquirido em uma a\u00e7\u00e3o pr\u00e1tica. A partir dessa mobiliza\u00e7\u00e3o, os pr\u00f3prios jovens buscaram a Secretaria para propor uma interven\u00e7\u00e3o concreta: o plantio de \u00e1rvores frut\u00edferas na \u00e1rea externa da institui\u00e7\u00e3o. A a\u00e7\u00e3o [&hellip;]<\/p>\n","protected":false},"author":1,"featured_media":0,"comment_status":"","ping_status":"","sticky":false,"template":"","format":"standard","meta":{"footnotes":""},"categories":[1],"tags":[],"class_list":["post-49389","post","type-post","status-publish","format-standard","hentry","category-noticias"],"amp_enabled":true,"_links":{"self":[{"href":"https:\/\/novasdodia.com.br\/index.php\/wp-json\/wp\/v2\/posts\/49389","targetHints":{"allow":["GET"]}}],"collection":[{"href":"https:\/\/novasdodia.com.br\/index.php\/wp-json\/wp\/v2\/posts"}],"about":[{"href":"https:\/\/novasdodia.com.br\/index.php\/wp-json\/wp\/v2\/types\/post"}],"author":[{"embeddable":true,"href":"https:\/\/novasdodia.com.br\/index.php\/wp-json\/wp\/v2\/users\/1"}],"replies":[{"embeddable":true,"href":"https:\/\/novasdodia.com.br\/index.php\/wp-json\/wp\/v2\/comments?post=49389"}],"version-history":[{"count":0,"href":"https:\/\/novasdodia.com.br\/index.php\/wp-json\/wp\/v2\/posts\/49389\/revisions"}],"wp:attachment":[{"href":"https:\/\/novasdodia.com.br\/index.php\/wp-json\/wp\/v2\/media?parent=49389"}],"wp:term":[{"taxonomy":"category","embeddable":true,"href":"https:\/\/novasdodia.com.br\/index.php\/wp-json\/wp\/v2\/categories?post=49389"},{"taxonomy":"post_tag","embeddable":true,"href":"https:\/\/novasdodia.com.br\/index.php\/wp-json\/wp\/v2\/tags?post=49389"}],"curies":[{"name":"wp","href":"https:\/\/api.w.org\/{rel}","templated":true}]}}