{"id":49394,"date":"2026-04-29T23:25:41","date_gmt":"2026-04-30T02:25:41","guid":{"rendered":"https:\/\/novasdodia.com.br\/index.php\/2026\/04\/29\/cet-rio-suspende-faixa-reversivel-na-praca-da-bandeira-na-quinta-feira-30-04-prefeitura-da-cidade-do-rio-de-janeiro\/"},"modified":"2026-04-29T23:25:41","modified_gmt":"2026-04-30T02:25:41","slug":"cet-rio-suspende-faixa-reversivel-na-praca-da-bandeira-na-quinta-feira-30-04-prefeitura-da-cidade-do-rio-de-janeiro","status":"publish","type":"post","link":"https:\/\/novasdodia.com.br\/index.php\/2026\/04\/29\/cet-rio-suspende-faixa-reversivel-na-praca-da-bandeira-na-quinta-feira-30-04-prefeitura-da-cidade-do-rio-de-janeiro\/","title":{"rendered":"CET-Rio suspende faixa revers\u00edvel na Pra\u00e7a da Bandeira na quinta-feira (30\/04) &#8211; Prefeitura da Cidade do Rio de Janeiro"},"content":{"rendered":"<p><\/p>\n<div id=\"main\">\n<div class=\"wrapper-breadcrumbs\" wp_automatic_readability=\"27.084952803998\">\n<p>A Companhia de Engenharia de Tr\u00e1fego do Rio de Janeiro (CET-Rio) suspender\u00e1 a opera\u00e7\u00e3o da faixa revers\u00edvel da Rua Teixeira Soares, na Pra\u00e7a da Bandeira, nesta quinta-feira (30\/04), v\u00e9spera do Dia do Trabalhador. A opera\u00e7\u00e3o ser\u00e1 retomada normalmente na segunda-feira (4\/5).<\/p>\n<p>O monitoramento da regi\u00e3o da Pra\u00e7a da Bandeira e do Maracan\u00e3 ser\u00e1 intensificado por equipes da CET-Rio e da Guarda Municipal. A opera\u00e7\u00e3o contar\u00e1 com o apoio de t\u00e9cnicos no COR-Rio, que acompanhar\u00e3o as condi\u00e7\u00f5es do tr\u00e1fego e poder\u00e3o realizar ajustes na programa\u00e7\u00e3o semaf\u00f3rica, se necess\u00e1rio.<\/p>\n<p>Permanecem operando normalmente as faixas revers\u00edveis nas avenidas L\u00facio Costa, Prefeito Mendes de Moraes e Niemeyer, na orla da Zona Sul, e na Avenida Governador Carlos Lacerda (Linha Amarela), no per\u00edodo da manh\u00e3. J\u00e1 no per\u00edodo da tarde e da noite, ser\u00e1 mantida a opera\u00e7\u00e3o na Rua Jardim Bot\u00e2nico.<\/p>\n<p><strong>Opera\u00e7\u00e3o normal das faixas revers\u00edveis \u2013 quinta-feira (30\/04)<\/strong><\/p>\n<p><strong>Manh\u00e3<\/strong><\/p>\n<p>Avenida L\u00facio Costa<br \/>Avenida Prefeito Mendes de Moraes<br \/>Avenida Niemeyer<br \/>Orla da Zona Sul<br \/>Avenida Governador Carlos Lacerda (Linha Amarela)<\/p>\n<p><strong>Tarde\/Noite<\/strong><\/p>\n<p>Rua Jardim Bot\u00e2nico<br \/>Rua Teixeira Soares (suspensa)<\/p>\n<p>             <!-- Compartilhe ---><\/p>\n<p>\t\t\t <!-- TAGS --><\/p>\n<section class=\"category-tags\">\n<div class=\"marcacao-category\">\n<article class=\"category-post\">\n<p>Categoria: <\/p>\n<\/article>\n<li>29 de abril de 2026<\/li><\/div>\n<article class=\"tags\">\n\t\t\t\t\tMarca\u00e7\u00f5es: faixa revers\u00edvel Pra\u00e7a da Bandeira<br \/><\/article>\n<\/section>\n<p>            <!-- Mais Not&iacute;cias --><\/p>\n<p>\t\t<!-- Conte&uacute;do SIDEBAR --><\/p><\/div>\n<\/p><\/div>\n","protected":false},"excerpt":{"rendered":"<p>A Companhia de Engenharia de Tr\u00e1fego do Rio de Janeiro (CET-Rio) suspender\u00e1 a opera\u00e7\u00e3o da faixa revers\u00edvel da Rua Teixeira Soares, na Pra\u00e7a da Bandeira, nesta quinta-feira (30\/04), v\u00e9spera do Dia do Trabalhador. A opera\u00e7\u00e3o ser\u00e1 retomada normalmente na segunda-feira (4\/5). O monitoramento da regi\u00e3o da Pra\u00e7a da Bandeira e do Maracan\u00e3 ser\u00e1 intensificado por [&hellip;]<\/p>\n","protected":false},"author":1,"featured_media":0,"comment_status":"","ping_status":"","sticky":false,"template":"","format":"standard","meta":{"footnotes":""},"categories":[1],"tags":[],"class_list":["post-49394","post","type-post","status-publish","format-standard","hentry","category-noticias"],"amp_enabled":true,"_links":{"self":[{"href":"https:\/\/novasdodia.com.br\/index.php\/wp-json\/wp\/v2\/posts\/49394","targetHints":{"allow":["GET"]}}],"collection":[{"href":"https:\/\/novasdodia.com.br\/index.php\/wp-json\/wp\/v2\/posts"}],"about":[{"href":"https:\/\/novasdodia.com.br\/index.php\/wp-json\/wp\/v2\/types\/post"}],"author":[{"embeddable":true,"href":"https:\/\/novasdodia.com.br\/index.php\/wp-json\/wp\/v2\/users\/1"}],"replies":[{"embeddable":true,"href":"https:\/\/novasdodia.com.br\/index.php\/wp-json\/wp\/v2\/comments?post=49394"}],"version-history":[{"count":0,"href":"https:\/\/novasdodia.com.br\/index.php\/wp-json\/wp\/v2\/posts\/49394\/revisions"}],"wp:attachment":[{"href":"https:\/\/novasdodia.com.br\/index.php\/wp-json\/wp\/v2\/media?parent=49394"}],"wp:term":[{"taxonomy":"category","embeddable":true,"href":"https:\/\/novasdodia.com.br\/index.php\/wp-json\/wp\/v2\/categories?post=49394"},{"taxonomy":"post_tag","embeddable":true,"href":"https:\/\/novasdodia.com.br\/index.php\/wp-json\/wp\/v2\/tags?post=49394"}],"curies":[{"name":"wp","href":"https:\/\/api.w.org\/{rel}","templated":true}]}}