{"id":49408,"date":"2026-04-30T08:26:40","date_gmt":"2026-04-30T11:26:40","guid":{"rendered":"https:\/\/novasdodia.com.br\/index.php\/2026\/04\/30\/fundacao-de-cultura-seleciona-propostas-para-atracoes-regionais-do-festival-america-do-sul-2026\/"},"modified":"2026-04-30T08:26:40","modified_gmt":"2026-04-30T11:26:40","slug":"fundacao-de-cultura-seleciona-propostas-para-atracoes-regionais-do-festival-america-do-sul-2026","status":"publish","type":"post","link":"https:\/\/novasdodia.com.br\/index.php\/2026\/04\/30\/fundacao-de-cultura-seleciona-propostas-para-atracoes-regionais-do-festival-america-do-sul-2026\/","title":{"rendered":"Funda\u00e7\u00e3o de Cultura seleciona propostas para atra\u00e7\u00f5es regionais do Festival Am\u00e9rica do Sul 2026"},"content":{"rendered":"<p><\/p>\n<div>\n<p style=\"font-weight: 400;\">A Funda\u00e7\u00e3o de Cultura de Mato Grosso do Sul, em parceria com a Associa\u00e7\u00e3o dos Artistas respons\u00e1vel pela produ\u00e7\u00e3o do 19\u00ba Festival Am\u00e9rica do Sul \u2013 2026, torna p\u00fablica a inscri\u00e7\u00e3o de propostas art\u00edsticas para sele\u00e7\u00e3o de artistas residentes em Mato Grosso do Sul, visando compor a programa\u00e7\u00e3o do festival, que ser\u00e1 realizado no munic\u00edpio de Corumb\u00e1 em Mato Grosso do Sul no per\u00edodo de 14 a 17 de maio.<\/p>\n<p style=\"font-weight: 400;\">O 19\u00ba Festival Am\u00e9rica do Sul \u2013 2026 tem por objetivo produzir a\u00e7\u00f5es que contribuam para a valoriza\u00e7\u00e3o da diversidade cultural e a promo\u00e7\u00e3o de debates de temas relativos \u00e0 cultura, \u00e0 cidadania, ao meio ambiente e ao desenvolvimento sustent\u00e1vel, tendo como prop\u00f3sito garantir a descentraliza\u00e7\u00e3o das atividades e o acesso aos bens culturais.<\/p>\n<p style=\"font-weight: 400;\">A sele\u00e7\u00e3o das propostas ser\u00e1 realizada por uma Comiss\u00e3o de Avalia\u00e7\u00e3o composta por personalidades de reconhecida trajet\u00f3ria e atua\u00e7\u00e3o nas respectivas \u00e1reas art\u00edsticas, designadas pela Funda\u00e7\u00e3o de Cultura de Mato Grosso do Sul em conjunto com a Associa\u00e7\u00e3o dos Artistas. A comiss\u00e3o ter\u00e1 total autonomia t\u00e9cnica para analisar e selecionar as propostas, garantindo isonomia e transpar\u00eancia em todas as etapas do processo.<\/p>\n<p style=\"font-weight: 400;\">Cada proponente, ou seja, respons\u00e1vel pela inscri\u00e7\u00e3o, poder\u00e1 se inscrever somente uma \u00fanica vez e o mesmo deve constar na ficha t\u00e9cnica da proposta. \u00c9 vetada a inscri\u00e7\u00e3o de propostas que fizeram parte da programa\u00e7\u00e3o do Festival Am\u00e9rica do Sul \u2013 2025.<\/p>\n<p style=\"font-weight: 400;\">Os espet\u00e1culos devem ter classifica\u00e7\u00e3o de censura livre. N\u00e3o havendo interesse e\/ou preenchimento do n\u00famero de vagas previstas nessa inscri\u00e7\u00e3o fica a cargo da Funda\u00e7\u00e3o de Cultura de Mato Grosso do Sul juntamente com a Associa\u00e7\u00e3o dos Artistas o convite de artistas de MS que atendam aos requisitos para compor a programa\u00e7\u00e3o do festival. Todos os participantes ser\u00e3o residentes no Estado de MS.<\/p>\n<p style=\"font-weight: 400;\">As inscri\u00e7\u00f5es est\u00e3o abertas do dia 28\/04\/2026 at\u00e9 o dia 04\/05\/2026, \u00e0s 23h59 (07 dias corridos), sendo realizadas exclusivamente por meio digital e formul\u00e1rios pr\u00f3prios (<span style=\"color: #0000ff;\">https:\/\/docs.google.com\/forms\/d\/e\/1FAIpQLScEooHiPEf3G9XmMiDw2RI2_XYvP6SzqrGcl6dat_RANy1dA\/viewform?usp=dialog<\/span>).<\/p>\n<p style=\"font-weight: 400;\">Para a categoria Teatro, ser\u00e3o selecionados espet\u00e1culos com no m\u00ednimo 30 minutos e no m\u00e1ximo 40 minutos de dura\u00e7\u00e3o de artistas residentes em Mato Grosso do Sul de grupos ou coletivos ou cias, que comprovem no m\u00ednimo 02 anos de atua\u00e7\u00e3o na \u00e1rea mediante portif\u00f3lio, com at\u00e9 10 (dez) integrantes com a equipe t\u00e9cnica, para serem apresentados em ruas, pra\u00e7as ou espa\u00e7os adaptados.<\/p>\n<p style=\"font-weight: 400;\">Ser\u00e1 selecionado 1 (uma) apresenta\u00e7\u00e3o sendo o valor bruto de R$ 20.000,00 (vinte mil reais) ao proponente, a t\u00edtulo de cach\u00ea colocado, sendo de responsabilidade de proponente todas as despesas com transporte, hospedagem, alimenta\u00e7\u00e3o, al\u00e9m de toda a equipe t\u00e9cnica e art\u00edstica.<\/p>\n<p style=\"font-weight: 400;\"><span style=\"text-decoration: underline;\">Circo<\/span>: ser\u00e1 selecionada uma apresenta\u00e7\u00e3o sendo o valor bruto de R$ 20.000,00 (vinte mil reais) ao proponente.<\/p>\n<p style=\"font-weight: 400;\"><span style=\"text-decoration: underline;\">Dan\u00e7a<\/span>: Ser\u00e1 selecionada uma apresenta\u00e7\u00e3o sendo o valor bruto de R$ 20.000,00 (vinte mil reais) ao proponente.<\/p>\n<p style=\"font-weight: 400;\"><span style=\"text-decoration: underline;\">Cultura de Rua<\/span> <span style=\"text-decoration: underline;\">(<\/span>Batalha do Porto \/ Conhecimento): Ser\u00e1 pago ao Coletivo o valor bruto de R$ 20.000,00 (vinte mil reais) a t\u00edtulo de cach\u00ea colocado, sendo de responsabilidade do proponente todas as despesas com transporte, hospedagem, alimenta\u00e7\u00e3o, al\u00e9m de toda a equipe t\u00e9cnica e art\u00edstica.<\/p>\n<p style=\"font-weight: 400;\"><span style=\"text-decoration: underline;\">Cultura Ballroom \u2013 Oficina Vogue Femme<\/span>: Ser\u00e1 selecionada uma oficina, sendo o valor bruto de R$ 8.000,00 (oito mil reais) ao proponente.<\/p>\n<p style=\"font-weight: 400;\"><span style=\"text-decoration: underline;\">M\u00fasica<\/span>: ser\u00e3o selecionadas tr\u00eas apresenta\u00e7\u00f5es, sendo o valor bruto de R$ 20.000,00 (vinte mil reais) a cada proponente.<\/p>\n<p style=\"font-weight: 400;\"><span style=\"text-decoration: underline;\">Moda<\/span>: ser\u00e3o selecionados oito estilistas da \u00e1rea da moda autoral para participa\u00e7\u00e3o como expositores de seus trabalhos para comercializa\u00e7\u00e3o no estande destinado \u00e0 moda Espa\u00e7o Territ\u00f3rio de Talentos e participa\u00e7\u00e3o no \u201cDesfile das Marcas Autorais de MS\u201d, que ter\u00e1 01 (uma) hora de dura\u00e7\u00e3o em hor\u00e1rio e local a ser estabelecido pela equipe de produ\u00e7\u00e3o do Funda\u00e7\u00e3o de Cultura de Mato Grosso do Sul. O pagamento pela total participa\u00e7\u00e3o nos eventos da moda ser\u00e1 no valor bruto de R$ 2.500,00 (dois mil e quinhentos reais) para cada proponente selecionado.<\/p>\n<p style=\"font-weight: 400;\">Em caso de d\u00favidas, favor encaminhar mensagem para o endere\u00e7o eletr\u00f4nico:\u00a0<span style=\"color: #0000ff;\">festivalamericadosul2026@gmail.com<\/span>\u00a0 As mensagens ser\u00e3o respondidas pela equipe da Associa\u00e7\u00e3o dos Artistas, organiza\u00e7\u00e3o respons\u00e1vel pela gest\u00e3o da inscri\u00e7\u00e3o.<\/p>\n<p style=\"font-weight: 400;\">O edital completo pode ser conferido <span style=\"color: #0000ff;\">CLICANDO AQUI<\/span>.<\/p>\n<p style=\"font-weight: 400;\"><em>Karina Lima, Comunica\u00e7\u00e3o Setesc<\/em><\/p>\n<\/div>\n","protected":false},"excerpt":{"rendered":"<p>A Funda\u00e7\u00e3o de Cultura de Mato Grosso do Sul, em parceria com a Associa\u00e7\u00e3o dos Artistas respons\u00e1vel pela produ\u00e7\u00e3o do 19\u00ba Festival Am\u00e9rica do Sul \u2013 2026, torna p\u00fablica a inscri\u00e7\u00e3o de propostas art\u00edsticas para sele\u00e7\u00e3o de artistas residentes em Mato Grosso do Sul, visando compor a programa\u00e7\u00e3o do festival, que ser\u00e1 realizado no munic\u00edpio [&hellip;]<\/p>\n","protected":false},"author":1,"featured_media":0,"comment_status":"","ping_status":"","sticky":false,"template":"","format":"standard","meta":{"footnotes":""},"categories":[],"tags":[],"class_list":["post-49408","post","type-post","status-publish","format-standard","hentry"],"amp_enabled":true,"_links":{"self":[{"href":"https:\/\/novasdodia.com.br\/index.php\/wp-json\/wp\/v2\/posts\/49408","targetHints":{"allow":["GET"]}}],"collection":[{"href":"https:\/\/novasdodia.com.br\/index.php\/wp-json\/wp\/v2\/posts"}],"about":[{"href":"https:\/\/novasdodia.com.br\/index.php\/wp-json\/wp\/v2\/types\/post"}],"author":[{"embeddable":true,"href":"https:\/\/novasdodia.com.br\/index.php\/wp-json\/wp\/v2\/users\/1"}],"replies":[{"embeddable":true,"href":"https:\/\/novasdodia.com.br\/index.php\/wp-json\/wp\/v2\/comments?post=49408"}],"version-history":[{"count":0,"href":"https:\/\/novasdodia.com.br\/index.php\/wp-json\/wp\/v2\/posts\/49408\/revisions"}],"wp:attachment":[{"href":"https:\/\/novasdodia.com.br\/index.php\/wp-json\/wp\/v2\/media?parent=49408"}],"wp:term":[{"taxonomy":"category","embeddable":true,"href":"https:\/\/novasdodia.com.br\/index.php\/wp-json\/wp\/v2\/categories?post=49408"},{"taxonomy":"post_tag","embeddable":true,"href":"https:\/\/novasdodia.com.br\/index.php\/wp-json\/wp\/v2\/tags?post=49408"}],"curies":[{"name":"wp","href":"https:\/\/api.w.org\/{rel}","templated":true}]}}