{"id":49412,"date":"2026-04-30T09:14:43","date_gmt":"2026-04-30T12:14:43","guid":{"rendered":"https:\/\/novasdodia.com.br\/index.php\/2026\/04\/30\/tv-brasil-exibe-documentario-e-curta-ineditos-na-noite-desta-quinta\/"},"modified":"2026-04-30T09:14:43","modified_gmt":"2026-04-30T12:14:43","slug":"tv-brasil-exibe-documentario-e-curta-ineditos-na-noite-desta-quinta","status":"publish","type":"post","link":"https:\/\/novasdodia.com.br\/index.php\/2026\/04\/30\/tv-brasil-exibe-documentario-e-curta-ineditos-na-noite-desta-quinta\/","title":{"rendered":"TV Brasil exibe document\u00e1rio e curta in\u00e9ditos na noite desta quinta"},"content":{"rendered":"<p> Por MRNews<br \/>\n<\/p>\n<div wp_automatic_readability=\"98.112722478576\">\n<p><strong>A TV Brasil\u00a0apresenta duas atra\u00e7\u00f5es in\u00e9ditas na sess\u00e3o noturna de filmes nesta quinta (30), a partir das 21h.<\/strong> Na v\u00e9spera do Dia da Literatura Brasileira, a emissora p\u00fablica estreia o document\u00e1rio <em>Gal\u00e1xias<\/em> (2014), com hist\u00f3rias de bibliotecas comunit\u00e1rias criadas por iniciativa popular para fomentar a leitura.<\/p>\n<p>Logo depois, \u00e0s 22h45, o canal exibe na faixa da s\u00e9tima arte o curta <em>Quinze Primaveras<\/em> (2022), trama de fic\u00e7\u00e3o que aborda os sonhos e os desafios vivenciados pela personagem Ravena. <strong>Ap\u00f3s a exibi\u00e7\u00e3o na telinha, as duas novas produ\u00e7\u00f5es ficam dispon\u00edveis no app TV Brasil Play.<\/strong><\/p>\n<h2>Leitura e bibliotecas comunit\u00e1rias<\/h2>\n<p>O livro ainda pode transformar a vida de algu\u00e9m? Para responder a pergunta, o <strong>document\u00e1rio <em>Gal\u00e1xias<\/em> mapeia o pa\u00eds ao contar hist\u00f3rias de pessoas de diferentes lugares do Brasil que por decis\u00e3o pr\u00f3pria criaram bibliotecas abertas ao p\u00fablico em suas comunidades.<\/strong><\/p>\n<p><strong><a href=\"https:\/\/mrnews.com.br\/index.php\/2026\/04\/30\/mega-sena-sorteia-premio-estimado-em-r-130-milhoes-nesta-quinta-feira\/\">Mega-Sena sorteia pr\u00eamio estimado em R$ 130 milh\u00f5es nesta quinta-feira<\/a><\/strong><\/p>\n<p><strong><a href=\"https:\/\/mrnews.com.br\/index.php\/2026\/04\/30\/substituto-de-cesar-tralli-no-jornal-hoje-roberto-kovalick-e-casado-ha-decadas-e-surpreende-com-historia-pessoal\/\">Substituto de C\u00e9sar Tralli no Jornal Hoje, Roberto Kovalick \u00e9 casado h\u00e1 d\u00e9cadas e surpreende com hist\u00f3ria pessoal<\/a><\/strong><\/p>\n<div class=\"dnd-widget-wrapper context-medio_4colunas type-image atom-align-left\">\n<h6 class=\"meta\">Document\u00e1rio Gal\u00e1xias apresenta hist\u00f3rias de bibliotecas comunit\u00e1rias criadas por iniciativa popular para incentivar a leitura \u2013 <strong>TV Brasil\/Divulga\u00e7\u00e3o<\/strong><!--END copyright=460940--><\/h6>\n<\/div>\n<p>A produ\u00e7\u00e3o investiga como os livros t\u00eam o potencial de mudar realidades ao acompanhar iniciativas em prol da leitura que fazem a diferen\u00e7a no cotidiano de moradores do Rio de Janeiro, S\u00e3o Paulo, Minas, Pernambuco, Amazonas e Distrito Federal.<\/p>\n<p><strong>Esse acesso \u00e0 literatura contribui para conquistas pessoais e coletivas, fortalece v\u00ednculos, amplia horizontes e estimula a cidadania.<\/strong><\/p>\n<p><strong><a href=\"https:\/\/mrnews.com.br\/index.php\/2026\/04\/30\/consulado-do-brasil-em-lisboa-prorroga-inscricoes-de-concurso-para-estudantes-em-portugal\/\">Consulado do Brasil em Lisboa prorroga inscri\u00e7\u00f5es de concurso para estudantes em Portugal<\/a><\/strong><\/p>\n<p><strong><a href=\"https:\/\/mrnews.com.br\/index.php\/2026\/04\/30\/entidades-do-setor-produtivo-cobram-cortes-maiores-da-selic\/\">Entidades do setor produtivo cobram cortes maiores da Selic<\/a><\/strong><\/p>\n<p>Em paralelo \u00e0 narrativa dessa experi\u00eancia brasileira, o filme percorre outros pa\u00edses para ouvir intelectuais e leitores comuns. A proposta \u00e9 descobrir o que desperta o amor pelos livros. Com um olhar sens\u00edvel e contempor\u00e2neo, a pel\u00edcula reflete sobre o papel da leitura na sociedade atual.<\/p>\n<p>A obra traz depoimentos de escritores brasileiros e estrangeiros. Mar\u00e7al Aquino conta como o interesse por quadrinhos o levou \u00e0 escrita, enquanto Jos\u00e9 Miguel Wisnik revela o impacto da biblioteca de um familiar na inf\u00e2ncia. Para o argentino Alberto Manguel, a leitura \u00e9 um ato m\u00e1gico. J\u00e1 o americano Gay Talese diz que ler nos transporta para longe pelo poder da palavra.<\/p>\n<p>Entre outros nomes, a produ\u00e7\u00e3o <em>Gal\u00e1xias<\/em> ainda traz depoimentos de autores como Luiz Ruffato e Maria Rita Kehl. Com 80 minutos, a pel\u00edcula in\u00e9dita na programa\u00e7\u00e3o da <strong>TV Brasil<\/strong>\u00a0tem dire\u00e7\u00e3o de Fabiano Maciel.<\/p>\n<h2>Poesia e exist\u00eancia<\/h2>\n<p><strong>A obra <em>Quinze Primaveras<\/em> \u00e9 a atra\u00e7\u00e3o na telinha do canal p\u00fablico na sequ\u00eancia da grade, \u00e0s 22h45.<\/strong> Com 15 minutos, o curta-metragem traz uma perspectiva po\u00e9tica sobre o existir, o amor e a aceita\u00e7\u00e3o de si.<\/p>\n<p>A fic\u00e7\u00e3o celebra a coragem de ser quem se \u00e9 mesmo diante das negativas impostas pelo mundo.<strong> A trama acompanha o desabrochar pessoal de Ravena comparado \u00e0s flores de suas pr\u00f3prias primaveras. <\/strong><\/p>\n<p>Em um tom agridoce, a protagonista valsa com os obst\u00e1culos da vida na tentativa de realizar os seus sonhos.<\/p>\n<p>A proposta de <em>Quinze Primaveras<\/em> parte da premissa das festas de 15 anos. Entre feridas e resist\u00eancia, a obra revela uma jornada sens\u00edvel de afirma\u00e7\u00e3o e liberdade compartilhada baseada nas viv\u00eancias de Ravena e v\u00eddeos de anivers\u00e1rio.<\/p>\n<div class=\"dnd-widget-wrapper context-cheio_8colunas type-image\" wp_automatic_readability=\"6.5\">\n<div class=\"dnd-caption-wrapper\" wp_automatic_readability=\"8\">\n<p>Quinze Primaveras trata dos sonhos e desafios vivenciados pela personagem Ravena\u00a0\u2013 <strong>TV Brasil\/Divulga\u00e7\u00e3o<\/strong><!--END copyright=460934--><\/p>\n<\/div>\n<\/div>\n<p><strong>O filmete retrata as reflex\u00f5es, as dores e a autoaceita\u00e7\u00e3o de Ravena, uma mulher transg\u00eanero, sobre seu amadurecimento e sua exist\u00eancia<\/strong>. O conte\u00fado de curta-dura\u00e7\u00e3o dirigido por Le\u00e3o Neto aborda o amor-pr\u00f3prio como cura.<\/p>\n<p>Clique aqui e saiba como sintonizar a TV Brasil<\/p>\n<p>Ficha t\u00e9cnica\u00a0de <em>Gal\u00e1xias<\/em><br \/>Pa\u00eds: Brasil.<br \/>Ano: 2014.<br \/>G\u00eanero: Document\u00e1rio.<br \/>Dire\u00e7\u00e3o: Fabiano Maciel.<br \/>Classifica\u00e7\u00e3o indicativa: 10 anos. 80 min. In\u00e9dito.<\/p>\n<p>Ficha t\u00e9cnica\u00a0de <em>Quinze Primaveras<\/em><br \/>Pa\u00eds: Brasil.<br \/>Ano: 2022.<br \/>G\u00eanero: Curta-metragem.<br \/>Dire\u00e7\u00e3o: Le\u00e3o Neto.<br \/>Classifica\u00e7\u00e3o indicativa: 10 anos. 15 min. In\u00e9dito.<\/p>\n<p>TV Brasil na internet e nas redes sociais\u00a0\u00a0<br \/>Site \u2013 https:\/\/tvbrasil.ebc.com.br<br \/>Instagram \u2013 https:\/\/www.instagram.com\/tvbrasil<br \/>YouTube \u2013 https:\/\/www.youtube.com\/tvbrasil<br \/>X \u2013 https:\/\/x.com\/TVBrasil<br \/>Facebook \u2013 https:\/\/www.facebook.com\/tvbrasil<br \/>TikTok \u2013 https:\/\/www.tiktok.com\/@tvbrasil<br \/>TV Brasil Play \u2013 http:\/\/tvbrasilplay.com.br<\/p>\n<\/div>\n<p><script async src=\"\/\/www.instagram.com\/embed.js\"><\/script><script async src=\"\/\/www.tiktok.com\/embed.js\"><\/script><\/p>\n","protected":false},"excerpt":{"rendered":"<p>Por MRNews A TV Brasil\u00a0apresenta duas atra\u00e7\u00f5es in\u00e9ditas na sess\u00e3o noturna de filmes nesta quinta (30), a partir das 21h. Na v\u00e9spera do Dia da Literatura Brasileira, a emissora p\u00fablica estreia o document\u00e1rio Gal\u00e1xias (2014), com hist\u00f3rias de bibliotecas comunit\u00e1rias criadas por iniciativa popular para fomentar a leitura. Logo depois, \u00e0s 22h45, o canal exibe [&hellip;]<\/p>\n","protected":false},"author":3,"featured_media":0,"comment_status":"","ping_status":"","sticky":false,"template":"","format":"standard","meta":{"footnotes":""},"categories":[1],"tags":[],"class_list":["post-49412","post","type-post","status-publish","format-standard","hentry","category-noticias"],"amp_enabled":true,"_links":{"self":[{"href":"https:\/\/novasdodia.com.br\/index.php\/wp-json\/wp\/v2\/posts\/49412","targetHints":{"allow":["GET"]}}],"collection":[{"href":"https:\/\/novasdodia.com.br\/index.php\/wp-json\/wp\/v2\/posts"}],"about":[{"href":"https:\/\/novasdodia.com.br\/index.php\/wp-json\/wp\/v2\/types\/post"}],"author":[{"embeddable":true,"href":"https:\/\/novasdodia.com.br\/index.php\/wp-json\/wp\/v2\/users\/3"}],"replies":[{"embeddable":true,"href":"https:\/\/novasdodia.com.br\/index.php\/wp-json\/wp\/v2\/comments?post=49412"}],"version-history":[{"count":0,"href":"https:\/\/novasdodia.com.br\/index.php\/wp-json\/wp\/v2\/posts\/49412\/revisions"}],"wp:attachment":[{"href":"https:\/\/novasdodia.com.br\/index.php\/wp-json\/wp\/v2\/media?parent=49412"}],"wp:term":[{"taxonomy":"category","embeddable":true,"href":"https:\/\/novasdodia.com.br\/index.php\/wp-json\/wp\/v2\/categories?post=49412"},{"taxonomy":"post_tag","embeddable":true,"href":"https:\/\/novasdodia.com.br\/index.php\/wp-json\/wp\/v2\/tags?post=49412"}],"curies":[{"name":"wp","href":"https:\/\/api.w.org\/{rel}","templated":true}]}}