{"id":49413,"date":"2026-04-30T09:50:43","date_gmt":"2026-04-30T12:50:43","guid":{"rendered":"https:\/\/novasdodia.com.br\/index.php\/2026\/04\/30\/acao-conjunta-de-vacinacao-fortalece-integracao-entre-brasil-e-paraguai-na-fronteira-agencia-de-noticias-do-governo-de-mato-grosso-do-sul\/"},"modified":"2026-04-30T09:50:43","modified_gmt":"2026-04-30T12:50:43","slug":"acao-conjunta-de-vacinacao-fortalece-integracao-entre-brasil-e-paraguai-na-fronteira-agencia-de-noticias-do-governo-de-mato-grosso-do-sul","status":"publish","type":"post","link":"https:\/\/novasdodia.com.br\/index.php\/2026\/04\/30\/acao-conjunta-de-vacinacao-fortalece-integracao-entre-brasil-e-paraguai-na-fronteira-agencia-de-noticias-do-governo-de-mato-grosso-do-sul\/","title":{"rendered":"A\u00e7\u00e3o conjunta de vacina\u00e7\u00e3o fortalece integra\u00e7\u00e3o entre Brasil e Paraguai na fronteira \u2013 Ag\u00eancia de Noticias do Governo de Mato Grosso do Sul"},"content":{"rendered":"<p><\/p>\n<div>\n<p class=\"has-text-align-center\" style=\"text-align: center;\"><em>Mobiliza\u00e7\u00e3o binacional no Dia D da Semana de Vacina\u00e7\u00e3o nas Am\u00e9ricas leva imuniza\u00e7\u00e3o e a\u00e7\u00f5es de sa\u00fade \u00e0 linha internacional entre os dois pa\u00edses<\/em><\/p>\n<p>A linha internacional entre Ponta Por\u00e3 e Pedro Juan Caballero foi palco nesta semana do lan\u00e7amento oficial da Semana de Vacina\u00e7\u00e3o nas Am\u00e9ricas 2026, com a realiza\u00e7\u00e3o do Dia D de mobiliza\u00e7\u00e3o social voltado \u00e0 imuniza\u00e7\u00e3o em \u00e1reas de fronteira.<\/p>\n<p>A a\u00e7\u00e3o ocorreu simultaneamente nos dois lados da fronteira, ter\u00e7a-feira (28), reunindo equipes de sa\u00fade, autoridades e a popula\u00e7\u00e3o em um esfor\u00e7o conjunto.<\/p>\n<figure class=\"wp-block-gallery has-nested-images columns-2 is-cropped wp-block-gallery-1 is-layout-flex wp-block-gallery-is-layout-flex\">&#13;<\/p>\n<figure class=\"wp-block-image size-large\"><\/figure>\n<p>&#13;<br \/>\n&#13;<br \/>\n&#13;<br \/>\n&#13;<\/p>\n<figure class=\"wp-block-image size-large\"><\/figure>\n<p>&#13;<br \/>\n<\/figure>\n<p><strong>Estrat\u00e9gia essencial em regi\u00f5es de fronteira<\/strong><\/p>\n<div class=\"wp-block-image\">\n<figure class=\"alignleft\"><\/figure>\n<\/div>\n<p>A vacina\u00e7\u00e3o em \u00e1reas binacionais \u00e9 considerada estrat\u00e9gica devido ao intenso fluxo de pessoas entre os pa\u00edses, o que aumenta o risco de circula\u00e7\u00e3o e transmiss\u00e3o de doen\u00e7as.<\/p>\n<p>O secret\u00e1rio de Estado de Sa\u00fade, Maur\u00edcio Sim\u00f5es, destaca a import\u00e2ncia da a\u00e7\u00e3o integrada.<\/p>\n<p>\u201cVacinar na fronteira \u00e9 uma medida essencial para proteger a popula\u00e7\u00e3o que vive e circula entre os dois pa\u00edses. Essa integra\u00e7\u00e3o fortalece a vigil\u00e2ncia em sa\u00fade e amplia nossa capacidade de prevenir surtos e reduzir casos graves\u201d, afirma.<\/p>\n<p>A secret\u00e1ria-adjunta de Sa\u00fade, Crhistinne Maymone, refor\u00e7a o car\u00e1ter estrat\u00e9gico da mobiliza\u00e7\u00e3o. \u201cEssa a\u00e7\u00e3o conjunta demonstra que a sa\u00fade n\u00e3o tem fronteiras. Quando os pa\u00edses atuam de forma integrada, conseguimos ampliar a prote\u00e7\u00e3o coletiva e responder com mais efici\u00eancia aos riscos sanit\u00e1rios\u201d, pontua.<\/p>\n<p>Manter a vacina\u00e7\u00e3o em dia contribui diretamente para a redu\u00e7\u00e3o de casos graves e para o fortalecimento da vigil\u00e2ncia em sa\u00fade de forma articulada entre os pa\u00edses, garantindo prote\u00e7\u00e3o coletiva, especialmente em \u00e1reas mais vulner\u00e1veis.<\/p>\n<p><strong>Mobiliza\u00e7\u00e3o conjunta e prote\u00e7\u00e3o coletiva<\/strong><\/p>\n<p>Durante a programa\u00e7\u00e3o, est\u00e3o previstas a abertura de postos de vacina\u00e7\u00e3o, atendimentos b\u00e1sicos de sa\u00fade, a\u00e7\u00f5es de promo\u00e7\u00e3o, al\u00e9m de atividades culturais e vacina\u00e7\u00e3o simb\u00f3lica com autoridades dos dois pa\u00edses.<\/p>\n<p>A coordenadora de imuniza\u00e7\u00e3o da SES (Secretaria de Estado de Sa\u00fade), Ana Paula Goldfinger, refor\u00e7a o papel da mobiliza\u00e7\u00e3o social. \u201cA vacina\u00e7\u00e3o \u00e9 uma das ferramentas mais eficazes de prote\u00e7\u00e3o em sa\u00fade p\u00fablica. Em regi\u00f5es de fronteira, esse trabalho precisa ser ainda mais integrado, garantindo que a popula\u00e7\u00e3o dos dois lados esteja protegida\u201d, destaca.<\/p>\n<p><strong>Munic\u00edpios envolvidos<\/strong><\/p>\n<p>A estrat\u00e9gia de vacina\u00e7\u00e3o em \u00e1reas de fronteira contempla diversos munic\u00edpios de Mato Grosso do Sul, refor\u00e7ando a cobertura vacinal em regi\u00f5es estrat\u00e9gicas: Amambai, Aral Moreira, Bela Vista, Coronel Sapucaia, Corumb\u00e1, Eldorado, Iguatemi, Lad\u00e1rio, Mundo Novo, Paranhos, Ponta Por\u00e3, Porto Murtinho e Tacuru.<\/p>\n<figure class=\"wp-block-gallery has-nested-images columns-3 is-cropped wp-block-gallery-2 is-layout-flex wp-block-gallery-is-layout-flex\">&#13;<\/p>\n<figure class=\"wp-block-image size-large\"><\/figure>\n<p>&#13;<br \/>\n&#13;<br \/>\n&#13;<br \/>\n&#13;<\/p>\n<figure class=\"wp-block-image size-large\"><\/figure>\n<p>&#13;<br \/>\n&#13;<br \/>\n&#13;<br \/>\n&#13;<\/p>\n<figure class=\"wp-block-image size-large\"><\/figure>\n<p>&#13;<br \/>\n<\/figure>\n<p><em>Andr\u00e9 Lima, Comunica\u00e7\u00e3o SES<\/em><br \/><em>Fotos: Divulga\u00e7\u00e3o Prefeitura Municipal de Ponta Por\u00e3<\/em><\/p>\n<\/div>\n","protected":false},"excerpt":{"rendered":"<p>Mobiliza\u00e7\u00e3o binacional no Dia D da Semana de Vacina\u00e7\u00e3o nas Am\u00e9ricas leva imuniza\u00e7\u00e3o e a\u00e7\u00f5es de sa\u00fade \u00e0 linha internacional entre os dois pa\u00edses A linha internacional entre Ponta Por\u00e3 e Pedro Juan Caballero foi palco nesta semana do lan\u00e7amento oficial da Semana de Vacina\u00e7\u00e3o nas Am\u00e9ricas 2026, com a realiza\u00e7\u00e3o do Dia D de [&hellip;]<\/p>\n","protected":false},"author":1,"featured_media":0,"comment_status":"","ping_status":"","sticky":false,"template":"","format":"standard","meta":{"footnotes":""},"categories":[],"tags":[],"class_list":["post-49413","post","type-post","status-publish","format-standard","hentry"],"amp_enabled":true,"_links":{"self":[{"href":"https:\/\/novasdodia.com.br\/index.php\/wp-json\/wp\/v2\/posts\/49413","targetHints":{"allow":["GET"]}}],"collection":[{"href":"https:\/\/novasdodia.com.br\/index.php\/wp-json\/wp\/v2\/posts"}],"about":[{"href":"https:\/\/novasdodia.com.br\/index.php\/wp-json\/wp\/v2\/types\/post"}],"author":[{"embeddable":true,"href":"https:\/\/novasdodia.com.br\/index.php\/wp-json\/wp\/v2\/users\/1"}],"replies":[{"embeddable":true,"href":"https:\/\/novasdodia.com.br\/index.php\/wp-json\/wp\/v2\/comments?post=49413"}],"version-history":[{"count":0,"href":"https:\/\/novasdodia.com.br\/index.php\/wp-json\/wp\/v2\/posts\/49413\/revisions"}],"wp:attachment":[{"href":"https:\/\/novasdodia.com.br\/index.php\/wp-json\/wp\/v2\/media?parent=49413"}],"wp:term":[{"taxonomy":"category","embeddable":true,"href":"https:\/\/novasdodia.com.br\/index.php\/wp-json\/wp\/v2\/categories?post=49413"},{"taxonomy":"post_tag","embeddable":true,"href":"https:\/\/novasdodia.com.br\/index.php\/wp-json\/wp\/v2\/tags?post=49413"}],"curies":[{"name":"wp","href":"https:\/\/api.w.org\/{rel}","templated":true}]}}