{"id":49414,"date":"2026-04-30T09:55:44","date_gmt":"2026-04-30T12:55:44","guid":{"rendered":"https:\/\/novasdodia.com.br\/index.php\/2026\/04\/30\/cadmovel-carioca-chega-a-acari-e-ultrapassa-54-mil-atendimentos-prefeitura-da-cidade-do-rio-de-janeiro\/"},"modified":"2026-04-30T09:55:44","modified_gmt":"2026-04-30T12:55:44","slug":"cadmovel-carioca-chega-a-acari-e-ultrapassa-54-mil-atendimentos-prefeitura-da-cidade-do-rio-de-janeiro","status":"publish","type":"post","link":"https:\/\/novasdodia.com.br\/index.php\/2026\/04\/30\/cadmovel-carioca-chega-a-acari-e-ultrapassa-54-mil-atendimentos-prefeitura-da-cidade-do-rio-de-janeiro\/","title":{"rendered":"CadM\u00f3vel Carioca chega a Acari e ultrapassa 5,4 mil atendimentos &#8211; Prefeitura da Cidade do Rio de Janeiro"},"content":{"rendered":"<p><\/p>\n<div id=\"main\">\n<div class=\"wrapper-breadcrumbs\" wp_automatic_readability=\"41.151576246334\">\n<div class=\"image-post\" wp_automatic_readability=\"33\">\n                     Servi\u00e7o itinerante oferece inscri\u00e7\u00e3o e atualiza\u00e7\u00e3o do Cad\u00danico sem agendamento pr\u00e9vio. Foto: Divulga\u00e7\u00e3o SMAS                  <\/div>\n<p>Na reta final do m\u00eas em que comemora seu primeiro ano de funcionamento, o \u201cCadM\u00f3vel Carioca \u2013 Conectando a Direitos\u201d chegou a mais um bairro do Rio para ampliar o acesso a benef\u00edcios sociais. Nesta ter\u00e7a-feira (16), o servi\u00e7o itinerante da Secretaria Municipal de Assist\u00eancia Social (SMAS) atendeu a popula\u00e7\u00e3o de Acari, na Zona Norte.<br \/>Foram realizados 129 atendimentos: 18 para inscri\u00e7\u00e3o e 111 para atualiza\u00e7\u00e3o de dados no Cadastro \u00danico (Cad\u00danico), sem necessidade de agendamento pr\u00e9vio. Desde abril do ano passado, 5.463 pessoas j\u00e1 foram beneficiadas.<\/p>\n<p>O CadM\u00f3vel Carioca tem como objetivo descentralizar o atendimento do Cad\u00danico, aproximar a pol\u00edtica de assist\u00eancia social das comunidades e facilitar o acesso da popula\u00e7\u00e3o a benef\u00edcios do Governo Federal, como Bolsa Fam\u00edlia, ID Jovem e Tarifa Social de Energia El\u00e9trica, entre outros. O servi\u00e7o \u00e9 oferecido em regi\u00f5es de maior vulnerabilidade social.<\/p>\n<p>A 38\u00aa edi\u00e7\u00e3o ocorreu na Escola de Samba Uni\u00e3o do Parque Acari, localizada na Avenida Brasil, atr\u00e1s da Cl\u00ednica da Fam\u00edlia Edma Valad\u00e3o. As senhas foram distribu\u00eddas a partir das 9h.<br \/>O CadM\u00f3vel Carioca visita, semanalmente, um bairro diferente. Al\u00e9m da inscri\u00e7\u00e3o e atualiza\u00e7\u00e3o no Cad\u00danico, o servi\u00e7o oferece orienta\u00e7\u00f5es sobre o acesso a benef\u00edcios sociais. Para se inscrever ou atualizar os dados, o respons\u00e1vel familiar deve apresentar os CPFs de todos os integrantes da fam\u00edlia, al\u00e9m de documento oficial com foto, CPF, t\u00edtulo de eleitor, carteira de trabalho e comprovante de resid\u00eancia.<\/p>\n<p>Com a a\u00e7\u00e3o desta ter\u00e7a-feira em Acari, o programa j\u00e1 esteve em 35 bairros de todas as regi\u00f5es da cidade. Nesses locais, milhares de pessoas acessaram o Cad\u00danico sem precisar agendar atendimento pelo 1746 ou pelo site cadunico.rio, nem se deslocar at\u00e9 uma unidade do CadRio.<\/p>\n<p>A agenda do CadM\u00f3vel Carioca \u00e9 divulgada no Instagram da Secretaria Municipal de Assist\u00eancia Social: @smas.rio<\/p>\n<p>             <!-- Compartilhe ---><\/p>\n<p>\t\t\t <!-- TAGS --><\/p>\n<section class=\"category-tags\">\n<div class=\"marcacao-category\">\n<article class=\"category-post\">\n<p>Categoria: <\/p>\n<\/article>\n<li>29 de abril de 2026<\/li><\/div>\n<article class=\"tags\">\n\t\t\t\t\tMarca\u00e7\u00f5es: Acari CadM\u00f3vel Carioca cad\u00danico Cl\u00ednica da Fam\u00edlia Edma Valad\u00e3o<br \/><\/article>\n<\/section>\n<p>            <!-- Mais Not&iacute;cias --><\/p>\n<p>\t\t<!-- Conte&uacute;do SIDEBAR --><\/p><\/div>\n<\/p><\/div>\n","protected":false},"excerpt":{"rendered":"<p>Servi\u00e7o itinerante oferece inscri\u00e7\u00e3o e atualiza\u00e7\u00e3o do Cad\u00danico sem agendamento pr\u00e9vio. Foto: Divulga\u00e7\u00e3o SMAS Na reta final do m\u00eas em que comemora seu primeiro ano de funcionamento, o \u201cCadM\u00f3vel Carioca \u2013 Conectando a Direitos\u201d chegou a mais um bairro do Rio para ampliar o acesso a benef\u00edcios sociais. Nesta ter\u00e7a-feira (16), o servi\u00e7o itinerante da [&hellip;]<\/p>\n","protected":false},"author":1,"featured_media":0,"comment_status":"","ping_status":"","sticky":false,"template":"","format":"standard","meta":{"footnotes":""},"categories":[1],"tags":[],"class_list":["post-49414","post","type-post","status-publish","format-standard","hentry","category-noticias"],"amp_enabled":true,"_links":{"self":[{"href":"https:\/\/novasdodia.com.br\/index.php\/wp-json\/wp\/v2\/posts\/49414","targetHints":{"allow":["GET"]}}],"collection":[{"href":"https:\/\/novasdodia.com.br\/index.php\/wp-json\/wp\/v2\/posts"}],"about":[{"href":"https:\/\/novasdodia.com.br\/index.php\/wp-json\/wp\/v2\/types\/post"}],"author":[{"embeddable":true,"href":"https:\/\/novasdodia.com.br\/index.php\/wp-json\/wp\/v2\/users\/1"}],"replies":[{"embeddable":true,"href":"https:\/\/novasdodia.com.br\/index.php\/wp-json\/wp\/v2\/comments?post=49414"}],"version-history":[{"count":0,"href":"https:\/\/novasdodia.com.br\/index.php\/wp-json\/wp\/v2\/posts\/49414\/revisions"}],"wp:attachment":[{"href":"https:\/\/novasdodia.com.br\/index.php\/wp-json\/wp\/v2\/media?parent=49414"}],"wp:term":[{"taxonomy":"category","embeddable":true,"href":"https:\/\/novasdodia.com.br\/index.php\/wp-json\/wp\/v2\/categories?post=49414"},{"taxonomy":"post_tag","embeddable":true,"href":"https:\/\/novasdodia.com.br\/index.php\/wp-json\/wp\/v2\/tags?post=49414"}],"curies":[{"name":"wp","href":"https:\/\/api.w.org\/{rel}","templated":true}]}}